{"id":3938,"date":"2023-12-18T22:13:46","date_gmt":"2023-12-18T19:13:46","guid":{"rendered":"https:\/\/habermarmaratv.com\/index.php\/2023\/12\/18\/saray-halkina-hak-ettigi-hizmeti-sunacagiz\/"},"modified":"2023-12-18T22:13:46","modified_gmt":"2023-12-18T19:13:46","slug":"saray-halkina-hak-ettigi-hizmeti-sunacagiz","status":"publish","type":"post","link":"https:\/\/habermarmaratv.com\/index.php\/2023\/12\/18\/saray-halkina-hak-ettigi-hizmeti-sunacagiz\/","title":{"rendered":"Saray halk\u0131na hak etti\u011fi hizmeti sunaca\u011f\u0131z"},"content":{"rendered":"<p> [ad_1]<br \/>\n<br \/><img decoding=\"async\" src=\"https:\/\/www.marmarahaber.com.tr\/resimler\/2023-12\/18\/99391177894183.webp\" \/><\/p>\n<div id=\"detaymetin\">\n<p><span class=\"text-huge\">Aday adayl\u0131\u011f\u0131 a\u00e7\u0131klamas\u0131nda konu\u015fan \u00d6nder \u00c7elik, \u201c1994 y\u0131l\u0131nda Cumhuriyet Halk Partisi\u2019ne \u00fcye oldum. Partimin Gen\u00e7lik Kollar\u0131ndan ba\u015flay\u0131p belde y\u00f6netiminde ve il\u00e7e y\u00f6netimlerinde bulundum. Partimin her kademesinde g\u00f6rev ald\u0131m. 2004-2009 y\u0131llar\u0131 aras\u0131nda B\u00fcy\u00fckyoncal\u0131 Belediyesi\u2019nde Cumhuriyet Halk Partisi Meclis \u00dcyeli\u011fi, 2009-2014 y\u0131llar\u0131 aras\u0131nda B\u00fcy\u00fckyoncal\u0131 Belediye Garaj Amirli\u011fi, Fen \u0130\u015fleri M\u00fcd\u00fcrl\u00fc\u011f\u00fc g\u00f6revlerini yapt\u0131m. 2014-2019 y\u0131llar\u0131 aras\u0131nda da Tekirda\u011f\u2019\u0131n b\u00fcy\u00fck\u015fehir olup B\u00fcy\u00fckyoncal\u0131\u2019n\u0131n Saray\u2019a ba\u011flanmas\u0131 ile Saray Belediyesi\u2019nde Cumhuriyet Halk Partisi\u2019nden meclis \u00fcyesi olup, enc\u00fcmen \u00fcyeli\u011fi, denetim komisyonu, imar komisyonu ve plan b\u00fct\u00e7e komisyonlar\u0131nda g\u00f6rev yapt\u0131m. Son 5 y\u0131lda yine partimden uzak kalmadan il\u00e7e y\u00f6netimime her zaman destek ve yard\u0131mc\u0131 oldum\u201d dedi.\u00a0<\/span><\/p>\n<p>\u00a0<\/p>\n<p><span class=\"text-huge\">\u201c<strong>PART\u0130M BANA HANG\u0130 G\u00d6REV\u0130 VER\u0130RSE ONU YAPACA\u011eIM<\/strong>\u201d<\/span><\/p>\n<p>\u00a0<\/p>\n<p><span class=\"text-huge\">Neden aday aday\u0131 oldu\u011funu da a\u00e7\u0131klayan \u00c7elik, \u201cBen Cumhuriyet Halk Partisi\u2019nde partimin her kademesinde g\u00f6rev yapm\u0131\u015f biri olarak bu partide hammall\u0131k, askerlik, subayl\u0131k, partim e\u011fer bana bu g\u00f6revi verirse generallik de yapar\u0131m. Olur da bu g\u00f6rev ba\u015fka arkada\u015f\u0131ma uygun g\u00f6r\u00fcl\u00fcrse genel ba\u015fkan\u0131m\u0131z \u00d6zg\u00fcr \u00d6zel\u2019in dedi\u011fi gibi partim bana hangi g\u00f6revi verirse onu yapaca\u011f\u0131ma, Cumhuriyet Halk Partisi\u2019nin bayra\u011f\u0131n\u0131 dalgaland\u0131rmak i\u00e7in elimden geleni yapaca\u011f\u0131ma s\u00f6z veriyorum. Do\u011fup b\u00fcy\u00fcd\u00fc\u011f\u00fcm, ekme\u011fini yedi\u011fim, havas\u0131n\u0131 soludu\u011fum ve \u00e7ocuklar\u0131m\u0131 b\u00fcy\u00fct\u00fcp yeti\u015ftirdi\u011fim bu topraklara hizmet etmemin kutsal oldu\u011funu d\u00fc\u015f\u00fcn\u00fcyorum. Saray ve B\u00fcy\u00fckyoncal\u0131\u2019da ticaret yapt\u0131\u011f\u0131m i\u00e7in Saray ve belde olan B\u00fcy\u00fckyoncal\u0131 \u2013 Beyazk\u00f6y beldelerimiz ile 19 mahallemizde eksikleri g\u00f6rd\u00fc\u011f\u00fcm i\u00e7in aday\u0131m\u201d diye konu\u015ftu.\u00a0<\/span><\/p>\n<p>\u00a0<\/p>\n<p><span class=\"text-huge\"><strong>\u201cHER MAHALLEYE E\u015e\u0130T H\u0130ZMET EDECE\u011e\u0130Z\u201d<\/strong><\/span><\/p>\n<p>\u00a0<\/p>\n<p><span class=\"text-huge\">Siyasi birikimi ve tecr\u00fcbesini bir araya toplayarak b\u00f6lgeye planl\u0131 ve projeli hizmet edece\u011fini dile getiren \u00c7elik, \u201cBunlar\u0131n tabi ki baz\u0131lar\u0131n\u0131 belediye ba\u015fkan aday aday\u0131 arkada\u015flar\u0131m telaffuz etti. \u00d6rne\u011fin; kapal\u0131 pazar yeri, mezbaha ve otogar. Bunlar zaten \u015fimdiye kadar yap\u0131lmas\u0131 gereken projelerdi. Bu g\u00f6rev bana nasip olursa ilk \u00f6nce belediyemizin gelir-gider b\u00fct\u00e7esini \u00e7\u0131kard\u0131ktan sonra planl\u0131 bir \u015fekilde \u00e7al\u0131\u015fmalar\u0131m\u0131za ba\u015flayaca\u011f\u0131z. Her mahallemize insan ayr\u0131m\u0131 yapmadan e\u015fit \u015fekilde hizmet edece\u011fim. Ben de\u011fil biz olaca\u011f\u0131z. Belediye ba\u015fkan\u0131 ve belediye meclisi ile uyumlu bir \u015fekilde \u00e7al\u0131\u015farak g\u00fcler y\u00fczl\u00fc, i\u015fini benimseyerek yapan bilin\u00e7li personelimizle Saray halk\u0131m\u0131za hak etti\u011fi hizmeti sunaca\u011f\u0131z\u201d dedi.\u00a0<\/span><\/p>\n<p>\u00a0<\/p>\n<p><span class=\"text-huge\"><strong>\u201cSARAY\u2019I \u00d6RNEK B\u0130R \u0130L\u00c7E HAL\u0130NE GET\u0130RECE\u011e\u0130Z\u201d<\/strong><\/span><\/p>\n<p>\u00a0<\/p>\n<p><span class=\"text-huge\">Tar\u0131m alanlar\u0131n\u0131, meralar\u0131 koruyup kollayacaklar\u0131n\u0131 kaydeden \u00c7elik, \u201cSaray\u2019da termal suyumuz var. Ama maalesef bu termal sudan benim Sarayl\u0131 vatanda\u015flar\u0131m istedi\u011fi \u015fekilde faydalanam\u0131yor. 50 bin metrekare alan i\u00e7inde 30 y\u0131ll\u0131\u011f\u0131na MTA\u2019dan kiralad\u0131\u011f\u0131m\u0131z bu do\u011fal zenginli\u011fi gerek belediye baz\u0131nda gerekse yat\u0131r\u0131mc\u0131 bularak bir veya birka\u00e7 kuyu daha a\u00e7t\u0131rarak hem tar\u0131msal hem turizm ama\u00e7l\u0131 kullan\u0131lmas\u0131 i\u00e7in ne gerekiyorsa yapaca\u011f\u0131z. Saray\u0131m\u0131z 8 noktadan giri\u015f ve \u00e7\u0131k\u0131\u015f\u0131 olan bir yer. Giri\u015f ve \u00e7\u0131k\u0131\u015flara peyzaj d\u00fczenlemesi ve \u0131\u015f\u0131kl\u0131 ayd\u0131nlatmalarla mutlaka ve mutlaka insanlar\u0131n Saraya girdi\u011fini hissettirece\u011fiz. Biran \u00f6nce kapal\u0131 otoparklar yap\u0131l\u0131p, uygun bo\u015f arsalara \u015fehir merkezinden ara\u00e7lar\u0131 \u00e7ekmek i\u00e7in \u00f6rnek il\u00e7elerimizde oldu\u011fu gibi otopark hizmeti sa\u011flayaca\u011f\u0131z. A\u011f\u0131r ta\u015f\u0131tlar\u0131n ve servislerin g\u00fczergahlar\u0131n\u0131 belirleyip \u015fehir merkezi d\u0131\u015f\u0131ndan ula\u015f\u0131m\u0131n\u0131 sa\u011flayaca\u011f\u0131z. Saray\u2019\u0131 \u00f6rnek bir il\u00e7e haline getirece\u011fiz\u201d diye konu\u015ftu.\u00a0<\/span><\/p>\n<p>\u00a0<\/p>\n<p><span class=\"text-huge\"><strong>Haber \/ \u0130rem BAN\u00c7O<\/strong><\/span><\/p>\n<\/p><\/div>\n<p>[ad_2]<br \/>\n<br \/><a href=\"https:\/\/www.marmarahaber.com.tr\/haber\/celik_saray_halkina_hak_ettigi_hizmeti_sunacagiz-86520.html\">Source link <\/a><\/p>\n","protected":false},"excerpt":{"rendered":"<p>[ad_1] Aday adayl\u0131\u011f\u0131 a\u00e7\u0131klamas\u0131nda konu\u015fan \u00d6nder \u00c7elik, \u201c1994 y\u0131l\u0131nda Cumhuriyet Halk Partisi\u2019ne \u00fcye oldum. Partimin Gen\u00e7lik Kollar\u0131ndan ba\u015flay\u0131p belde y\u00f6netiminde ve il\u00e7e y\u00f6netimlerinde bulundum. Partimin her kademesinde g\u00f6rev ald\u0131m. 2004-2009 y\u0131llar\u0131 aras\u0131nda B\u00fcy\u00fckyoncal\u0131 Belediyesi\u2019nde Cumhuriyet Halk Partisi Meclis \u00dcyeli\u011fi, 2009-2014 y\u0131llar\u0131 aras\u0131nda B\u00fcy\u00fckyoncal\u0131 Belediye Garaj Amirli\u011fi, Fen \u0130\u015fleri M\u00fcd\u00fcrl\u00fc\u011f\u00fc g\u00f6revlerini yapt\u0131m. 2014-2019 y\u0131llar\u0131 aras\u0131nda da [&hellip;]<\/p>\n","protected":false},"author":1,"featured_media":3939,"comment_status":"open","ping_status":"open","sticky":false,"template":"","format":"standard","meta":{"footnotes":""},"categories":[10],"tags":[],"class_list":["post-3938","post","type-post","status-publish","format-standard","has-post-thumbnail","hentry","category-gundem"],"_links":{"self":[{"href":"https:\/\/habermarmaratv.com\/index.php\/wp-json\/wp\/v2\/posts\/3938","targetHints":{"allow":["GET"]}}],"collection":[{"href":"https:\/\/habermarmaratv.com\/index.php\/wp-json\/wp\/v2\/posts"}],"about":[{"href":"https:\/\/habermarmaratv.com\/index.php\/wp-json\/wp\/v2\/types\/post"}],"author":[{"embeddable":true,"href":"https:\/\/habermarmaratv.com\/index.php\/wp-json\/wp\/v2\/users\/1"}],"replies":[{"embeddable":true,"href":"https:\/\/habermarmaratv.com\/index.php\/wp-json\/wp\/v2\/comments?post=3938"}],"version-history":[{"count":0,"href":"https:\/\/habermarmaratv.com\/index.php\/wp-json\/wp\/v2\/posts\/3938\/revisions"}],"wp:featuredmedia":[{"embeddable":true,"href":"https:\/\/habermarmaratv.com\/index.php\/wp-json\/wp\/v2\/media\/3939"}],"wp:attachment":[{"href":"https:\/\/habermarmaratv.com\/index.php\/wp-json\/wp\/v2\/media?parent=3938"}],"wp:term":[{"taxonomy":"category","embeddable":true,"href":"https:\/\/habermarmaratv.com\/index.php\/wp-json\/wp\/v2\/categories?post=3938"},{"taxonomy":"post_tag","embeddable":true,"href":"https:\/\/habermarmaratv.com\/index.php\/wp-json\/wp\/v2\/tags?post=3938"}],"curies":[{"name":"wp","href":"https:\/\/api.w.org\/{rel}","templated":true}]}}