{"id":3848,"date":"2023-12-15T18:16:57","date_gmt":"2023-12-15T15:16:57","guid":{"rendered":"https:\/\/habermarmaratv.com\/index.php\/2023\/12\/15\/baskan-albayrak-seralari-ziyaret-etti\/"},"modified":"2023-12-15T18:16:57","modified_gmt":"2023-12-15T15:16:57","slug":"baskan-albayrak-seralari-ziyaret-etti","status":"publish","type":"post","link":"https:\/\/habermarmaratv.com\/index.php\/2023\/12\/15\/baskan-albayrak-seralari-ziyaret-etti\/","title":{"rendered":"Ba\u015fkan Albayrak seralar\u0131 ziyaret etti"},"content":{"rendered":"<p> [ad_1]<br \/>\n<br \/><img decoding=\"async\" src=\"https:\/\/www.marmarahaber.com.tr\/resimler\/2023-12\/15\/825551254714440.webp\" \/><\/p>\n<div id=\"detaymetin\">\n<p><span class=\"text-big\">S\u00fcleymanpa\u015fa B\u0131y\u0131kali Mahallesi\u2019nde bulunan, Tekirda\u011f B\u00fcy\u00fck\u015fehir Belediyesi Park ve Bah\u00e7eler Daire Ba\u015fkanl\u0131\u011f\u0131\u2019na ba\u011fl\u0131 2 adet 320 metrekarelik sera alan\u0131nda, tohumla mevsimlik \u00e7i\u00e7ek ve \u00e7al\u0131 grubu \u00fcretim alan\u0131n\u0131 ziyaret eden Albayrak, Park ve Bah\u00e7eler Daire Ba\u015fkanl\u0131\u011f\u0131\u2019na Deniz Do\u011fan\u2019dan bilgi al\u0131p incelemelerde bulundu.\u00a0<\/span><\/p>\n<p>\u00a0<\/p>\n<p><span class=\"text-big\">Ba\u015fkan Albayrak, \u201cHedefimiz \u015fehrimiz genelinde t\u00fcm \u00e7i\u00e7eklik alanlara yetecek ve kendi \u00e7i\u00e7e\u011fimizi \u00fcretebilecek kapasiteye ula\u015fmakt\u0131r. Tekirda\u011f B\u00fcy\u00fck\u015fehir Belediyesi olarak \u015fehrimizde ve b\u00f6lgemizde bitki \u00e7e\u015fitlili\u011finin artmas\u0131na katk\u0131da bulunmaya devam edece\u011fiz\u201d dedi.\u00a0<\/span><\/p>\n<p>\u00a0<\/p>\n<p><span class=\"text-big\"><strong>Haber \/ Buse AKIN<\/strong><\/span><\/p>\n<\/p><\/div>\n<p>[ad_2]<br \/>\n<br \/><a href=\"https:\/\/www.marmarahaber.com.tr\/haber\/baskan_albayrak_seralari_ziyaret_etti-86483.html\">Source link <\/a><\/p>\n","protected":false},"excerpt":{"rendered":"<p>[ad_1] S\u00fcleymanpa\u015fa B\u0131y\u0131kali Mahallesi\u2019nde bulunan, Tekirda\u011f B\u00fcy\u00fck\u015fehir Belediyesi Park ve Bah\u00e7eler Daire Ba\u015fkanl\u0131\u011f\u0131\u2019na ba\u011fl\u0131 2 adet 320 metrekarelik sera alan\u0131nda, tohumla mevsimlik \u00e7i\u00e7ek ve \u00e7al\u0131 grubu \u00fcretim alan\u0131n\u0131 ziyaret eden Albayrak, Park ve Bah\u00e7eler Daire Ba\u015fkanl\u0131\u011f\u0131\u2019na Deniz Do\u011fan\u2019dan bilgi al\u0131p incelemelerde bulundu.\u00a0 \u00a0 Ba\u015fkan Albayrak, \u201cHedefimiz \u015fehrimiz genelinde t\u00fcm \u00e7i\u00e7eklik alanlara yetecek ve kendi \u00e7i\u00e7e\u011fimizi [&hellip;]<\/p>\n","protected":false},"author":1,"featured_media":3849,"comment_status":"open","ping_status":"open","sticky":false,"template":"","format":"standard","meta":{"footnotes":""},"categories":[10],"tags":[],"class_list":["post-3848","post","type-post","status-publish","format-standard","has-post-thumbnail","hentry","category-gundem"],"_links":{"self":[{"href":"https:\/\/habermarmaratv.com\/index.php\/wp-json\/wp\/v2\/posts\/3848","targetHints":{"allow":["GET"]}}],"collection":[{"href":"https:\/\/habermarmaratv.com\/index.php\/wp-json\/wp\/v2\/posts"}],"about":[{"href":"https:\/\/habermarmaratv.com\/index.php\/wp-json\/wp\/v2\/types\/post"}],"author":[{"embeddable":true,"href":"https:\/\/habermarmaratv.com\/index.php\/wp-json\/wp\/v2\/users\/1"}],"replies":[{"embeddable":true,"href":"https:\/\/habermarmaratv.com\/index.php\/wp-json\/wp\/v2\/comments?post=3848"}],"version-history":[{"count":0,"href":"https:\/\/habermarmaratv.com\/index.php\/wp-json\/wp\/v2\/posts\/3848\/revisions"}],"wp:featuredmedia":[{"embeddable":true,"href":"https:\/\/habermarmaratv.com\/index.php\/wp-json\/wp\/v2\/media\/3849"}],"wp:attachment":[{"href":"https:\/\/habermarmaratv.com\/index.php\/wp-json\/wp\/v2\/media?parent=3848"}],"wp:term":[{"taxonomy":"category","embeddable":true,"href":"https:\/\/habermarmaratv.com\/index.php\/wp-json\/wp\/v2\/categories?post=3848"},{"taxonomy":"post_tag","embeddable":true,"href":"https:\/\/habermarmaratv.com\/index.php\/wp-json\/wp\/v2\/tags?post=3848"}],"curies":[{"name":"wp","href":"https:\/\/api.w.org\/{rel}","templated":true}]}}