{"id":3836,"date":"2023-12-15T11:15:13","date_gmt":"2023-12-15T08:15:13","guid":{"rendered":"https:\/\/habermarmaratv.com\/index.php\/2023\/12\/15\/iyi-partide-4-ilce-baskani-degisti\/"},"modified":"2023-12-15T11:15:13","modified_gmt":"2023-12-15T08:15:13","slug":"iyi-partide-4-ilce-baskani-degisti","status":"publish","type":"post","link":"https:\/\/habermarmaratv.com\/index.php\/2023\/12\/15\/iyi-partide-4-ilce-baskani-degisti\/","title":{"rendered":"\u0130Y\u0130 Parti\u2019de 4 il\u00e7e ba\u015fkan\u0131 de\u011fi\u015fti"},"content":{"rendered":"<p> [ad_1]<br \/>\n<br \/><img decoding=\"async\" src=\"https:\/\/www.marmarahaber.com.tr\/resimler\/2023-12\/15\/58319201160670.webp\" \/><\/p>\n<div id=\"detaymetin\">\n<p><span class=\"text-huge\">2024 y\u0131l\u0131nda yap\u0131lacak olan yerel se\u00e7imler sebebiyle belediye ba\u015fkan aday aday\u0131 olacak il\u00e7e ba\u015fkanlar\u0131n\u0131n yasa gere\u011fi istifa etti\u011fini belirten \u0130Y\u0130 Parti Tekirda\u011f \u0130l Ba\u015fkan\u0131 G\u00f6khan Metiner, \u201c\u00c7al\u0131\u015fmalar\u0131 ve emekleriyle partimize b\u00fcy\u00fck katk\u0131 sa\u011flayan \u00c7erkezk\u00f6y \u0130l\u00e7e Ba\u015fkan\u0131 Yasemin Alt\u0131n Erse\u00e7kin\u2019e, Marmaraere\u011flisi \u0130l\u00e7e Ba\u015fkan\u0131 Atakan \u00d6zt\u00fcrk\u2019e, \u00c7orlu \u0130l\u00e7e Ba\u015fkan\u0131 Ak\u0131n Y\u0131lmaz\u2019a, \u015eark\u00f6y \u0130l\u00e7e Ba\u015fkan\u0131 Y\u0131ld\u0131ray \u00c7akar\u2019a te\u015fekk\u00fcr ediyor, aday adayl\u0131\u011f\u0131 s\u00fcrecinde kendilerine ba\u015far\u0131lar diliyoruz\u201d dedi.<\/span><\/p>\n<p>\u00a0<\/p>\n<p><span class=\"text-huge\">\u201c<strong>M\u0130LLET\u0130N V\u0130CDANI, ORTAK AKLIN SES\u0130 OLACAKTIR\u201d<\/strong><\/span><\/p>\n<p>\u00a0<\/p>\n<p><span class=\"text-huge\">\u0130l\u00e7e y\u00f6netim kurullar\u0131 i\u00e7erisinde yap\u0131lan se\u00e7im neticesinde \u00c7erkezk\u00f6y \u0130l\u00e7e Ba\u015fkanl\u0131\u011f\u0131\u2019na An\u0131l Bahar, Marmaraere\u011flisi \u0130l\u00e7e Ba\u015fkanl\u0131\u011f\u0131\u2019na Aziz Kadir \u00d6z\u011fan, \u00c7orlu \u0130l\u00e7e Ba\u015fkanl\u0131\u011f\u0131\u2019na Salih \u00d6zbay ve \u015eark\u00f6y \u0130l\u00e7e Ba\u015fkanl\u0131\u011f\u0131\u2019na Selin Besli Meri\u00e7\u2019in se\u00e7ildi\u011fini kaydeden \u0130l Ba\u015fkan\u0131 Metiner, \u201cYeni il\u00e7e ba\u015fkanlar\u0131m\u0131za g\u00f6revlerinde ba\u015far\u0131lar diliyoruz. \u0130Y\u0130 Parti ailesi \u2018\u2019h\u00fcr ve m\u00fcstakil\u2019\u2019 olarak girece\u011fi se\u00e7imlerde milletin vicdan\u0131, ortak akl\u0131n sesi olacakt\u0131r\u201d dedi.\u00a0<\/span><\/p>\n<p>\u00a0<\/p>\n<p><span class=\"text-huge\"><strong>Haber \/ G\u00fclveren ALTUNO\u011eLU<\/strong><\/span><\/p>\n<\/p><\/div>\n<p>[ad_2]<br \/>\n<br \/><a href=\"https:\/\/www.marmarahaber.com.tr\/haber\/iyi_partide_4_ilce_baskani_degisti-86468.html\">Source link <\/a><\/p>\n","protected":false},"excerpt":{"rendered":"<p>[ad_1] 2024 y\u0131l\u0131nda yap\u0131lacak olan yerel se\u00e7imler sebebiyle belediye ba\u015fkan aday aday\u0131 olacak il\u00e7e ba\u015fkanlar\u0131n\u0131n yasa gere\u011fi istifa etti\u011fini belirten \u0130Y\u0130 Parti Tekirda\u011f \u0130l Ba\u015fkan\u0131 G\u00f6khan Metiner, \u201c\u00c7al\u0131\u015fmalar\u0131 ve emekleriyle partimize b\u00fcy\u00fck katk\u0131 sa\u011flayan \u00c7erkezk\u00f6y \u0130l\u00e7e Ba\u015fkan\u0131 Yasemin Alt\u0131n Erse\u00e7kin\u2019e, Marmaraere\u011flisi \u0130l\u00e7e Ba\u015fkan\u0131 Atakan \u00d6zt\u00fcrk\u2019e, \u00c7orlu \u0130l\u00e7e Ba\u015fkan\u0131 Ak\u0131n Y\u0131lmaz\u2019a, \u015eark\u00f6y \u0130l\u00e7e Ba\u015fkan\u0131 Y\u0131ld\u0131ray \u00c7akar\u2019a [&hellip;]<\/p>\n","protected":false},"author":1,"featured_media":3837,"comment_status":"open","ping_status":"open","sticky":false,"template":"","format":"standard","meta":{"footnotes":""},"categories":[10],"tags":[],"class_list":["post-3836","post","type-post","status-publish","format-standard","has-post-thumbnail","hentry","category-gundem"],"_links":{"self":[{"href":"https:\/\/habermarmaratv.com\/index.php\/wp-json\/wp\/v2\/posts\/3836","targetHints":{"allow":["GET"]}}],"collection":[{"href":"https:\/\/habermarmaratv.com\/index.php\/wp-json\/wp\/v2\/posts"}],"about":[{"href":"https:\/\/habermarmaratv.com\/index.php\/wp-json\/wp\/v2\/types\/post"}],"author":[{"embeddable":true,"href":"https:\/\/habermarmaratv.com\/index.php\/wp-json\/wp\/v2\/users\/1"}],"replies":[{"embeddable":true,"href":"https:\/\/habermarmaratv.com\/index.php\/wp-json\/wp\/v2\/comments?post=3836"}],"version-history":[{"count":0,"href":"https:\/\/habermarmaratv.com\/index.php\/wp-json\/wp\/v2\/posts\/3836\/revisions"}],"wp:featuredmedia":[{"embeddable":true,"href":"https:\/\/habermarmaratv.com\/index.php\/wp-json\/wp\/v2\/media\/3837"}],"wp:attachment":[{"href":"https:\/\/habermarmaratv.com\/index.php\/wp-json\/wp\/v2\/media?parent=3836"}],"wp:term":[{"taxonomy":"category","embeddable":true,"href":"https:\/\/habermarmaratv.com\/index.php\/wp-json\/wp\/v2\/categories?post=3836"},{"taxonomy":"post_tag","embeddable":true,"href":"https:\/\/habermarmaratv.com\/index.php\/wp-json\/wp\/v2\/tags?post=3836"}],"curies":[{"name":"wp","href":"https:\/\/api.w.org\/{rel}","templated":true}]}}