{"id":3834,"date":"2023-12-15T09:42:51","date_gmt":"2023-12-15T06:42:51","guid":{"rendered":"https:\/\/habermarmaratv.com\/index.php\/2023\/12\/15\/yerli-mali-haftasinda-togg-ve-siha-maketi-hazirladilar\/"},"modified":"2023-12-15T09:42:51","modified_gmt":"2023-12-15T06:42:51","slug":"yerli-mali-haftasinda-togg-ve-siha-maketi-hazirladilar","status":"publish","type":"post","link":"https:\/\/habermarmaratv.com\/index.php\/2023\/12\/15\/yerli-mali-haftasinda-togg-ve-siha-maketi-hazirladilar\/","title":{"rendered":"Yerli Mal\u0131 Haftas\u0131\u2019nda TOGG ve S\u0130HA maketi haz\u0131rlad\u0131lar"},"content":{"rendered":"<p> [ad_1]<br \/>\n<\/p>\n<div id=\"detaymetin\">\n<p><span class=\"text-big\">\u00c7erkezk\u00f6y\u2019de Yunus Emre \u0130lkokulu \u00f6\u011frencileri, Yerli Mal\u0131 Haftas\u0131\u2019nda anlaml\u0131 bir etkinli\u011fe imza att\u0131.\u00a0<\/span><\/p>\n<p>\u00a0<\/p>\n<p><span class=\"text-big\"><strong>FARK YARATTILAR<\/strong><\/span><\/p>\n<p>\u00a0<\/p>\n<p><span class=\"text-big\">Yerli ve milli markalar\u0131m\u0131z\u0131n tan\u0131t\u0131m\u0131n\u0131 yapan \u00f6\u011frenciler, TOGG ve S\u0130HA maketi de haz\u0131rlad\u0131. Ailelerinin yard\u0131m\u0131yla 1 haftada maketleri haz\u0131rlayan \u00f6\u011frenciler, al\u0131\u015f\u0131lagelmi\u015f kutlamalar\u0131n d\u0131\u015f\u0131na \u00e7\u0131karak, fark yaratt\u0131.<\/span><\/p>\n<p>\u00a0<\/p>\n<p>\u00a0<\/p>\n<figure class=\"image\"><img decoding=\"async\" src=\"https:\/\/www.marmarahaber.com.tr\/resimler\/2023-12\/15\/8724649622817.webp\"\/><\/figure>\n<p>\u00a0<\/p>\n<p>\u00a0<\/p>\n<p><span class=\"text-big\"><strong>\u201cB\u0130Z YAPARIZ, HEM DE EN \u0130Y\u0130S\u0130N\u0130 YAPARIZ\u201d\u00a0<\/strong><\/span><\/p>\n<p>\u00a0<\/p>\n<p><span class=\"text-big\">Okul y\u00f6netiminden yap\u0131lan a\u00e7\u0131klamada, \u201cYerli Mal\u0131 Haftas\u0131\u2019nda yerli ve milli teknolojik \u00fcr\u00fcnlerimizin yan\u0131nda yerli markalar\u0131m\u0131z\u0131n tan\u0131t\u0131m\u0131n\u0131 yapt\u0131k. Sadece meyve sebze \u00fcreten bir \u00fclke olmad\u0131\u011f\u0131m\u0131z\u0131, S\u0130HA, TOGG, buzdolab\u0131, \u00e7ama\u015f\u0131r makinesi, cep telefonu, TV, dondurucu gibi bir\u00e7ok teknolojiyi \u00fcretebilen bir \u00fclke oldu\u011fumuzu \u00f6\u011frencilerimize anlatarak, milli \u015fuur ve \u00f6zg\u00fcven a\u015f\u0131lamaya \u00e7al\u0131\u015ft\u0131k. Yerli k\u00fclt\u00fcrel \u00f6\u011felerimizi ihmal etmedik. Velilerimiz de \u00e7ok destek oldu. Bu \u00e7al\u0131\u015fma \u00e7ocuklar\u0131m\u0131zda heyecan yarat\u0131rken, bizim de gelece\u011fe dair umutlar\u0131m\u0131z\u0131 ye\u015fertti. \u2018Bizden olmaz, biz yapamay\u0131z\u2019 alg\u0131s\u0131n\u0131 ortadan kald\u0131rarak, bu tabuyu y\u0131kt\u0131k. \u2018Biz yapar\u0131z, hem de en iyisini yapar\u0131z\u2019 \u00fclk\u00fcs\u00fcn\u00fc \u00f6\u011frencilerimize a\u015f\u0131lad\u0131k\u201d denildi.\u00a0<\/span><\/p>\n<p>\u00a0<\/p>\n<p><span class=\"text-big\"><strong>Haber \/ Buse AKIN\u00a0<\/strong><\/span><\/p>\n<\/p><\/div>\n<p>[ad_2]<br \/>\n<br \/><a href=\"https:\/\/www.marmarahaber.com.tr\/haber\/yerli_mali_haftasinda_togg_ve_siha_maketi_hazirladilar_-86465.html\">Source link <\/a><\/p>\n","protected":false},"excerpt":{"rendered":"<p>[ad_1] \u00c7erkezk\u00f6y\u2019de Yunus Emre \u0130lkokulu \u00f6\u011frencileri, Yerli Mal\u0131 Haftas\u0131\u2019nda anlaml\u0131 bir etkinli\u011fe imza att\u0131.\u00a0 \u00a0 FARK YARATTILAR \u00a0 Yerli ve milli markalar\u0131m\u0131z\u0131n tan\u0131t\u0131m\u0131n\u0131 yapan \u00f6\u011frenciler, TOGG ve S\u0130HA maketi de haz\u0131rlad\u0131. Ailelerinin yard\u0131m\u0131yla 1 haftada maketleri haz\u0131rlayan \u00f6\u011frenciler, al\u0131\u015f\u0131lagelmi\u015f kutlamalar\u0131n d\u0131\u015f\u0131na \u00e7\u0131karak, fark yaratt\u0131. \u00a0 \u00a0 \u00a0 \u00a0 \u201cB\u0130Z YAPARIZ, HEM DE EN \u0130Y\u0130S\u0130N\u0130 YAPARIZ\u201d\u00a0 [&hellip;]<\/p>\n","protected":false},"author":1,"featured_media":3835,"comment_status":"open","ping_status":"open","sticky":false,"template":"","format":"standard","meta":{"footnotes":""},"categories":[10],"tags":[],"class_list":["post-3834","post","type-post","status-publish","format-standard","has-post-thumbnail","hentry","category-gundem"],"_links":{"self":[{"href":"https:\/\/habermarmaratv.com\/index.php\/wp-json\/wp\/v2\/posts\/3834","targetHints":{"allow":["GET"]}}],"collection":[{"href":"https:\/\/habermarmaratv.com\/index.php\/wp-json\/wp\/v2\/posts"}],"about":[{"href":"https:\/\/habermarmaratv.com\/index.php\/wp-json\/wp\/v2\/types\/post"}],"author":[{"embeddable":true,"href":"https:\/\/habermarmaratv.com\/index.php\/wp-json\/wp\/v2\/users\/1"}],"replies":[{"embeddable":true,"href":"https:\/\/habermarmaratv.com\/index.php\/wp-json\/wp\/v2\/comments?post=3834"}],"version-history":[{"count":0,"href":"https:\/\/habermarmaratv.com\/index.php\/wp-json\/wp\/v2\/posts\/3834\/revisions"}],"wp:featuredmedia":[{"embeddable":true,"href":"https:\/\/habermarmaratv.com\/index.php\/wp-json\/wp\/v2\/media\/3835"}],"wp:attachment":[{"href":"https:\/\/habermarmaratv.com\/index.php\/wp-json\/wp\/v2\/media?parent=3834"}],"wp:term":[{"taxonomy":"category","embeddable":true,"href":"https:\/\/habermarmaratv.com\/index.php\/wp-json\/wp\/v2\/categories?post=3834"},{"taxonomy":"post_tag","embeddable":true,"href":"https:\/\/habermarmaratv.com\/index.php\/wp-json\/wp\/v2\/tags?post=3834"}],"curies":[{"name":"wp","href":"https:\/\/api.w.org\/{rel}","templated":true}]}}