{"id":3828,"date":"2023-12-15T07:37:22","date_gmt":"2023-12-15T04:37:22","guid":{"rendered":"https:\/\/habermarmaratv.com\/index.php\/2023\/12\/15\/kadinlarin-toplumdaki-yeri-ve-sayginligi-medeniyetin-gostergesidir\/"},"modified":"2023-12-15T07:37:22","modified_gmt":"2023-12-15T04:37:22","slug":"kadinlarin-toplumdaki-yeri-ve-sayginligi-medeniyetin-gostergesidir","status":"publish","type":"post","link":"https:\/\/habermarmaratv.com\/index.php\/2023\/12\/15\/kadinlarin-toplumdaki-yeri-ve-sayginligi-medeniyetin-gostergesidir\/","title":{"rendered":"\u201cKad\u0131nlar\u0131n toplumdaki yeri ve sayg\u0131nl\u0131\u011f\u0131, medeniyetin g\u00f6stergesidir\u201d"},"content":{"rendered":"<p> [ad_1]<br \/>\n<\/p>\n<div id=\"detaymetin\">\n<p><span class=\"text-big\">T\u00dcK\u00c7AM M\u00fcd\u00fcr\u00fc ve Panel Moderat\u00f6r\u00fc Do\u00e7. Dr. Hatice Kahyao\u011flu S\u00fct, a\u00e7\u0131l\u0131\u015f konu\u015fmas\u0131nda; \u201cKad\u0131na y\u00f6nelik \u015fiddet ister kamusal ister \u00f6zel hayatta olsun kad\u0131nlara fiziksel, cinsel veya psikolojik zarar veya ac\u0131 veren veya vermesi muhtemel olan, bu t\u00fcr eylemlerle tehdit etme, zorlama veya keyfi olarak haklar\u0131ndan mahrum b\u0131rakma da dahil olmak \u00fczere, cinsiyete dayal\u0131 her t\u00fcrl\u00fc \u015fiddet eylemidir. 25 Kas\u0131m tarihi, 1960&#8217;da Dominik Cumhuriyeti&#8217;nde h\u00fck\u00fcmete kar\u015f\u0131 ezilenlerin verdi\u011fi b\u00fcy\u00fck m\u00fccadelede sembol haline gelen Mirabal Karde\u015flerin polisler taraf\u0131ndan d\u00f6v\u00fclerek \u00f6ld\u00fcr\u00fcld\u00fc\u011f\u00fc g\u00fcnd\u00fcr. 1999 y\u0131l\u0131nda kad\u0131na y\u00f6nelik \u015fiddete kar\u015f\u0131 toplumda fark\u0131ndal\u0131k yaratmak amac\u0131yla BM Genel Kurulu karar\u0131 ile 25 Kas\u0131m g\u00fcn\u00fc, \u2018Kad\u0131na Y\u00f6nelik \u015eiddete Kar\u015f\u0131 Uluslararas\u0131 M\u00fccadele G\u00fcn\u00fc\u2019 olarak resmen ilan edilmi\u015ftir\u201d dedi.\u00a0<\/span><\/p>\n<p>\u00a0<\/p>\n<p>\u00a0<\/p>\n<figure class=\"image\"><img decoding=\"async\" src=\"https:\/\/www.marmarahaber.com.tr\/resimler\/2023-12\/14\/206801257438971.webp\"\/><\/figure>\n<p>\u00a0<\/p>\n<p>\u00a0<\/p>\n<p><span class=\"text-big\"><strong>\u201cT\u00dcRK\u0130YE\u2019DE KADINA \u015e\u0130DDET ORANI Y\u00dcZDE 38\u2019D\u0130R\u201d<\/strong><\/span><\/p>\n<p>\u00a0<\/p>\n<p><span class=\"text-big\">Kad\u0131na y\u00f6nelik \u015fiddetin \u00f6nlenmesinin, uluslararas\u0131 alanda s\u00fcrd\u00fcr\u00fclebilir kalk\u0131nman\u0131n \u00f6n \u015fart\u0131 oldu\u011funu kaydeden S\u00fct, \u201cD\u00fcnya Sa\u011fl\u0131k \u00d6rg\u00fct\u00fc, d\u00fcnya genelinde her 3 kad\u0131ndan 1&#8217;inin \u015fiddete maruz kald\u0131\u011f\u0131n\u0131 bildirmektedir. OECD 2019 y\u0131l\u0131 verilerine g\u00f6re, T\u00fcrkiye\u2019de kad\u0131na \u015fiddet oran\u0131 y\u00fczde 38\u2019dir. T\u00fcrkiye\u2019de neredeyse 10 kad\u0131ndan 4\u2019\u00fc hayat\u0131nda erkek \u015fiddetine maruz kalmaktad\u0131r. T\u00fcrkiye\u2019de yap\u0131lan bir ara\u015ft\u0131rmada; yoksullu\u011fun fiziksel \u015fiddet riskini art\u0131rd\u0131\u011f\u0131, fiziksel \u015fiddetin t\u00fcm b\u00f6lgelerde bask\u0131n oldu\u011fu, birlikte olunan ki\u015filerin k\u00f6t\u00fc al\u0131\u015fkanl\u0131klar\u0131n\u0131n olmas\u0131n\u0131n kad\u0131nlar\u0131 \u015fiddete kar\u015f\u0131 daha savunmas\u0131z hale getirdi\u011fi bildirilmektedir. Ara\u015ft\u0131rma sonu\u00e7lar\u0131na g\u00f6re \u00fclke \u00e7ap\u0131nda b\u00f6lgesel etkiler ve \u015fiddet t\u00fcrleri dikkate al\u0131narak politika geli\u015ftirilmesinin daha etkili olaca\u011f\u0131 \u00f6nerilmektedir. Kitle ileti\u015fim ara\u00e7lar\u0131, toplumsal akt\u00f6rlerin davran\u0131\u015f kal\u0131plar\u0131nda de\u011fi\u015fikliklere neden olmaktad\u0131r. Alg\u0131-davran\u0131\u015flar\u0131 istenilen y\u00f6nde de\u011fi\u015ftirmek i\u00e7in bu ara\u00e7lar kullan\u0131lmaktad\u0131r\u201d dedi.\u00a0<\/span><\/p>\n<p>\u00a0<\/p>\n<p><span class=\"text-big\"><strong>\u201cK\u0130L\u0130T B\u0130R FAKT\u00d6R OLARAK ALGILANIYOR\u201d<\/strong><\/span><\/p>\n<p>\u00a0<\/p>\n<p><span class=\"text-big\">Kamu spotu ve dizilerde yarat\u0131lan toplumsal kad\u0131n alg\u0131s\u0131 ve davran\u0131\u015flar\u0131n\u0131n, toplumsal cinsiyet e\u015fitli\u011fi \u00e7er\u00e7evesinde olmas\u0131n\u0131n faydal\u0131 olaca\u011f\u0131n\u0131 kaydeden S\u00fct, \u201cGeleneksel erkeklik (ataerkillik), erkeklerin ve etraflar\u0131ndakilerin refah\u0131 i\u00e7in kilit bir fakt\u00f6r olarak alg\u0131lanmaktad\u0131r. Anneli\u011fe bi\u00e7ti\u011fi rol ile ataerkillik; \u00e7ocuklar\u0131n ki\u015filiklerinin ve gelecekteki toplumsal ili\u015fkilerinin, \u00f6zel ve kamusal alanlar\u0131n\u0131n in\u015fas\u0131n\u0131n sorumlulu\u011funu annelere y\u00fcklemektedir. Bir meta-analizde; geleneksel erkeklerin \u015fiddete y\u00f6nelik tutumlar\u0131n\u0131n ve kad\u0131nlara kar\u015f\u0131 \u015fiddet i\u00e7eren davran\u0131\u015flarla pozitif y\u00f6nde ili\u015fkili oldu\u011fu, geleneksel erkeklik ideolojisinin bir t\u00fcr \u015fiddet (cinsel taciz, tecav\u00fcz, fiziksel ve psikolojik \u015fiddet) taraf\u0131ndan y\u00f6netildi\u011fi, en g\u00fc\u00e7l\u00fc ili\u015fkinin ise kad\u0131n \u00fczerindeki stat\u00fc\/g\u00fc\u00e7 iste\u011fi artt\u0131k\u00e7a, kad\u0131na y\u00f6nelik \u015fiddettin artt\u0131\u011f\u0131 y\u00f6n\u00fcnde oldu\u011fu bildirilmektedir\u201d dedi.<\/span><\/p>\n<p>\u00a0<\/p>\n<p><span class=\"text-big\"><strong>\u201c\u0130NSAN HAKLARINA SAYGILI OLMALIYIZ\u201d<\/strong><\/span><\/p>\n<p>\u00a0<\/p>\n<p><span class=\"text-big\">\u00dclke olarak kal\u0131c\u0131 bir de\u011fi\u015fime ula\u015fmak i\u00e7in; ulusal mevzuat\u0131n \u00e7\u0131kar\u0131lmas\u0131 ve uygulanmas\u0131, toplumsal cinsiyet e\u015fitli\u011fini te\u015fvik eden politikalar\u0131n geli\u015ftirilmesi ve uygulanmas\u0131 gerekti\u011fini kaydeden S\u00fct, \u201cKad\u0131n haklar\u0131 \u00f6rg\u00fctlerine yat\u0131r\u0131m yap\u0131lmas\u0131 gerekiyor. Kad\u0131nlar\u0131n toplumdaki yeri ve sayg\u0131nl\u0131\u011f\u0131, medeniyetin g\u00f6stergesidir. E\u015fit, \u00f6zg\u00fcr ve \u015fiddetsiz bir ya\u015fam i\u00e7in toplumsal cinsiyet e\u015fitli\u011fi yakla\u015f\u0131m\u0131 i\u00e7erisinde insan haklar\u0131na sayg\u0131l\u0131 olmal\u0131y\u0131z\u201d ifadelerini kulland\u0131.<\/span><\/p>\n<p>\u00a0<\/p>\n<p><span class=\"text-big\"><strong>SUNUMLAR YAPILDI\u00a0<\/strong><\/span><\/p>\n<p>\u00a0<\/p>\n<p><span class=\"text-big\">Daha sonra Edirne \u0130l Jandarma Komutanl\u0131\u011f\u0131\u2019ndan Jandarma Astsubay \u00dcst\u00e7avu\u015f Canset Dike, KADES uygulamas\u0131n\u0131 tan\u0131tarak, \u00f6\u011frencilere uygulamay\u0131 indirmelerini tavsiye etti. \u0130lk Panelist Aile Sosyal Hizmetler \u0130l M\u00fcd\u00fcrl\u00fc\u011f\u00fc \u015e\u00d6N\u0130M Kurulu\u015f M\u00fcd\u00fcr\u00fc Nihan Ertan; \u201cKad\u0131na Y\u00f6nelik \u015eiddetle M\u00fccadelede Sosyal Hizmet Uygulamalar\u0131 (\u015e\u00d6N\u0130M)\u201d, ikinci Panelist Adalet Bakanl\u0131\u011f\u0131 Edirne Adli Destek ve Ma\u011fdur Hizmetleri Birimi Yetkili Uzman\u0131 Ay\u015fe Ulucak; \u201cKad\u0131na Y\u00f6nelik \u015eiddette Adli Destek ve Ma\u011fdur Hizmetleri\u201d, \u00fc\u00e7\u00fcnc\u00fc Panelist Edirne Barosu Avukat\u0131 \u00d6zge Haz\u0131r; \u201cKad\u0131na \u015eiddetle M\u00fccadelenin Hukuki Boyutlar\u0131\u201d konulu sunumunu yapt\u0131. Panel sonunda kat\u0131l\u0131mc\u0131lar, Balkan Kongre Merkezi fuayesinde bulunan Edirne \u0130l Jandarma Komutanl\u0131\u011f\u0131 KADES e\u011fitim stand\u0131 ile Edirne Sosyal Yard\u0131mla\u015fma ve Dayan\u0131\u015fma Vakf\u0131 (SODAM) kursiyerleri taraf\u0131ndan haz\u0131rlanan \u00fcr\u00fcn stantlar\u0131na davet edildi.<\/span><\/p>\n<p>\u00a0<\/p>\n<p><span class=\"text-big\"><strong>Haber \/ Mehmet Burak TEKE\u015e\u00a0<\/strong><\/span><\/p>\n<\/p><\/div>\n<p>[ad_2]<br \/>\n<br \/><a href=\"https:\/\/www.marmarahaber.com.tr\/haber\/kadinlarin_toplumdaki_yeri_ve_sayginligi_medeniyetin_gostergesidir_-86449.html\">Source link <\/a><\/p>\n","protected":false},"excerpt":{"rendered":"<p>[ad_1] T\u00dcK\u00c7AM M\u00fcd\u00fcr\u00fc ve Panel Moderat\u00f6r\u00fc Do\u00e7. Dr. Hatice Kahyao\u011flu S\u00fct, a\u00e7\u0131l\u0131\u015f konu\u015fmas\u0131nda; \u201cKad\u0131na y\u00f6nelik \u015fiddet ister kamusal ister \u00f6zel hayatta olsun kad\u0131nlara fiziksel, cinsel veya psikolojik zarar veya ac\u0131 veren veya vermesi muhtemel olan, bu t\u00fcr eylemlerle tehdit etme, zorlama veya keyfi olarak haklar\u0131ndan mahrum b\u0131rakma da dahil olmak \u00fczere, cinsiyete dayal\u0131 her t\u00fcrl\u00fc [&hellip;]<\/p>\n","protected":false},"author":1,"featured_media":3829,"comment_status":"open","ping_status":"open","sticky":false,"template":"","format":"standard","meta":{"footnotes":""},"categories":[10],"tags":[],"class_list":["post-3828","post","type-post","status-publish","format-standard","has-post-thumbnail","hentry","category-gundem"],"_links":{"self":[{"href":"https:\/\/habermarmaratv.com\/index.php\/wp-json\/wp\/v2\/posts\/3828","targetHints":{"allow":["GET"]}}],"collection":[{"href":"https:\/\/habermarmaratv.com\/index.php\/wp-json\/wp\/v2\/posts"}],"about":[{"href":"https:\/\/habermarmaratv.com\/index.php\/wp-json\/wp\/v2\/types\/post"}],"author":[{"embeddable":true,"href":"https:\/\/habermarmaratv.com\/index.php\/wp-json\/wp\/v2\/users\/1"}],"replies":[{"embeddable":true,"href":"https:\/\/habermarmaratv.com\/index.php\/wp-json\/wp\/v2\/comments?post=3828"}],"version-history":[{"count":0,"href":"https:\/\/habermarmaratv.com\/index.php\/wp-json\/wp\/v2\/posts\/3828\/revisions"}],"wp:featuredmedia":[{"embeddable":true,"href":"https:\/\/habermarmaratv.com\/index.php\/wp-json\/wp\/v2\/media\/3829"}],"wp:attachment":[{"href":"https:\/\/habermarmaratv.com\/index.php\/wp-json\/wp\/v2\/media?parent=3828"}],"wp:term":[{"taxonomy":"category","embeddable":true,"href":"https:\/\/habermarmaratv.com\/index.php\/wp-json\/wp\/v2\/categories?post=3828"},{"taxonomy":"post_tag","embeddable":true,"href":"https:\/\/habermarmaratv.com\/index.php\/wp-json\/wp\/v2\/tags?post=3828"}],"curies":[{"name":"wp","href":"https:\/\/api.w.org\/{rel}","templated":true}]}}