{"id":3778,"date":"2023-12-13T22:18:30","date_gmt":"2023-12-13T19:18:30","guid":{"rendered":"https:\/\/habermarmaratv.com\/index.php\/2023\/12\/13\/temel-hukuk-bilgisi-secmeli-dersler-kapsamina-alindi\/"},"modified":"2023-12-13T22:18:30","modified_gmt":"2023-12-13T19:18:30","slug":"temel-hukuk-bilgisi-secmeli-dersler-kapsamina-alindi","status":"publish","type":"post","link":"https:\/\/habermarmaratv.com\/index.php\/2023\/12\/13\/temel-hukuk-bilgisi-secmeli-dersler-kapsamina-alindi\/","title":{"rendered":"&#8220;Temel Hukuk Bilgisi&#8221; se\u00e7meli dersler kapsam\u0131na al\u0131nd\u0131"},"content":{"rendered":"<p> [ad_1]<br \/>\n<br \/><img decoding=\"async\" src=\"https:\/\/www.marmarahaber.com.tr\/resimler\/2023-12\/13\/1089842025674303.webp\" \/><\/p>\n<div id=\"detaymetin\">\n<p><span class=\"text-big\">Milli E\u011fitim Bakanl\u0131\u011f\u0131\u2019ndan yap\u0131lan a\u00e7\u0131klamaya g\u00f6re temel hukuk bilgisi dersinin \u00f6\u011fretim program\u0131 ile \u00f6\u011frenciye hukuk okuryazarl\u0131\u011f\u0131 becerisi kazand\u0131rmak ama\u00e7lan\u0131yor. Dersin m\u00fcfredat\u0131nda ayr\u0131ca \u00f6\u011frencilerin, hak arama ve haklar\u0131n\u0131 koruma hususunda ihtiya\u00e7 duyacaklar\u0131 bilgi, beceri, de\u011fer ve tutum kazanmalar\u0131 hedefleniyor. Dersin hedefledi\u011fi kazan\u0131mlar aras\u0131nda, \u00f6\u011frencilerin hukuk alan\u0131 \u00fczerine fark\u0131ndal\u0131k kazanmalar\u0131, hukuki sorgulama yapabilmeleri ve bu becerileri g\u00fcnl\u00fck ya\u015fant\u0131s\u0131na yans\u0131tabilmeleri yer al\u0131yor.\u00a0<\/span><\/p>\n<p>\u00a0<\/p>\n<p><span class=\"text-big\"><strong>\u201c\u00c7E\u015e\u0130TL\u0130 BECER\u0130LER KAZANMALARI SA\u011eLANACAK\u201d<\/strong><\/span><\/p>\n<p>\u00a0<\/p>\n<p><span class=\"text-big\">Dersi alacak \u00f6\u011frencilere temel hukuki kavramlar ve s\u00fcre\u00e7ler konusunda bilgi, beceri ve anlay\u0131\u015fa sahip olma, toplumsal sorumluluk bilinci ile sosyal sorunlara kar\u015f\u0131 duyarl\u0131 olma, demokratik, laik ve sosyal hukuk devleti kurallar\u0131n\u0131 benimseme, adalet ve hakkaniyet anlay\u0131\u015f\u0131na ve etik de\u011ferlere sahip olma, \u00e7a\u011f\u0131n sosyal, ekonomik, politik ve hukuki sorunlar\u0131 hakk\u0131nda bilgi sahibi olma ve bu do\u011frultuda olaylara disiplinler aras\u0131 bir yakla\u015f\u0131mla bakabilme gibi beceriler kazand\u0131r\u0131lacak. \u00d6\u011frencilerin ayr\u0131ca sosyal alanlarda kolektif \u00e7al\u0131\u015fma, toplumsal hayatta etik de\u011ferlere sahip olma ve bu de\u011ferlere uygun davranma, devlet ile toplum, devlet ile birey ve bireylerin kendi aras\u0131ndaki hukuki ili\u015fkilerini analiz edebilme becerilerini kazanmalar\u0131 sa\u011flanacak. Dersin program\u0131 yaz\u0131l\u0131rken, &#8220;hakkaniyet, sorumluluk, yasall\u0131k, uzla\u015f\u0131, muhakeme&#8221; alan becerileri esas al\u0131nd\u0131\u201d bilgisi verildi.\u00a0<\/span><\/p>\n<p>\u00a0<\/p>\n<p><span class=\"text-big\"><strong>&#8220;UYAP VATANDA\u015e PORTALI&#8221; DA \u00d6\u011eRET\u0130LECEK<\/strong><\/span><\/p>\n<p>\u00a0<\/p>\n<p><span class=\"text-big\">Bakanl\u0131ktan yap\u0131lan a\u00e7\u0131klamada \u201cDersin m\u00fcfredat\u0131, &#8220;Haklar\u0131m\u0131z\u0131, bor\u00e7lar\u0131m\u0131z\u0131 ve y\u00fck\u00fcml\u00fcl\u00fcklerimizi biliyor muyuz?&#8221;, &#8220;Haklar\u0131m\u0131z\u0131 koruyabiliyor muyuz?&#8221;, &#8220;Farazi dava uygulamas\u0131na sen de kat\u0131l\u0131r m\u0131s\u0131n?&#8221; ba\u015fl\u0131klar\u0131nda 3 \u00fcniteden olu\u015ftu. \u00d6\u011fretim program\u0131 uygulan\u0131rken bilgi ve ileti\u015fim teknolojilerinin kullan\u0131lmas\u0131 desteklenecek, \u00f6\u011frencilerin tutum ve de\u011ferler kazanmas\u0131na \u00f6zen g\u00f6sterilecek. \u00d6\u011fretim program\u0131nda yer alan konular\u0131n i\u015flenmesinde, di\u011fer disiplinlerle ve g\u00fcnl\u00fck hayatla ili\u015fkilendirilmesine imk\u00e2n sa\u011flayan etkinlik ve \u00e7al\u0131\u015fmalara yer verilecek. Derslerde \u00f6\u011frencilerin ara\u015ft\u0131rma yapma, sorgulama, ke\u015ffetme, problem \u00e7\u00f6zme, \u00e7\u00f6z\u00fcm ve yakla\u015f\u0131mlar\u0131n\u0131 payla\u015f\u0131p tart\u0131\u015fabilmelerine, kendi \u00f6\u011frenme hedeflerini belirleyebilmelerine ve di\u011fer \u00f6\u011frencilerle \u00e7al\u0131\u015fmalar\u0131na imk\u00e2n sa\u011flayan \u00f6\u011frenme ortam\u0131 olu\u015fturulacak.<\/span><\/p>\n<p>\u00a0<\/p>\n<p><span class=\"text-big\"><strong>Haber Merkezi\u00a0<\/strong><\/span><\/p>\n<\/p><\/div>\n<p>[ad_2]<br \/>\n<br \/><a href=\"https:\/\/www.marmarahaber.com.tr\/haber\/temel_hukuk_bilgisi_secmeli_dersler_kapsamina_alindi-86441.html\">Source link <\/a><\/p>\n","protected":false},"excerpt":{"rendered":"<p>[ad_1] Milli E\u011fitim Bakanl\u0131\u011f\u0131\u2019ndan yap\u0131lan a\u00e7\u0131klamaya g\u00f6re temel hukuk bilgisi dersinin \u00f6\u011fretim program\u0131 ile \u00f6\u011frenciye hukuk okuryazarl\u0131\u011f\u0131 becerisi kazand\u0131rmak ama\u00e7lan\u0131yor. Dersin m\u00fcfredat\u0131nda ayr\u0131ca \u00f6\u011frencilerin, hak arama ve haklar\u0131n\u0131 koruma hususunda ihtiya\u00e7 duyacaklar\u0131 bilgi, beceri, de\u011fer ve tutum kazanmalar\u0131 hedefleniyor. Dersin hedefledi\u011fi kazan\u0131mlar aras\u0131nda, \u00f6\u011frencilerin hukuk alan\u0131 \u00fczerine fark\u0131ndal\u0131k kazanmalar\u0131, hukuki sorgulama yapabilmeleri ve bu becerileri [&hellip;]<\/p>\n","protected":false},"author":1,"featured_media":3779,"comment_status":"open","ping_status":"open","sticky":false,"template":"","format":"standard","meta":{"footnotes":""},"categories":[10],"tags":[],"class_list":["post-3778","post","type-post","status-publish","format-standard","has-post-thumbnail","hentry","category-gundem"],"_links":{"self":[{"href":"https:\/\/habermarmaratv.com\/index.php\/wp-json\/wp\/v2\/posts\/3778","targetHints":{"allow":["GET"]}}],"collection":[{"href":"https:\/\/habermarmaratv.com\/index.php\/wp-json\/wp\/v2\/posts"}],"about":[{"href":"https:\/\/habermarmaratv.com\/index.php\/wp-json\/wp\/v2\/types\/post"}],"author":[{"embeddable":true,"href":"https:\/\/habermarmaratv.com\/index.php\/wp-json\/wp\/v2\/users\/1"}],"replies":[{"embeddable":true,"href":"https:\/\/habermarmaratv.com\/index.php\/wp-json\/wp\/v2\/comments?post=3778"}],"version-history":[{"count":0,"href":"https:\/\/habermarmaratv.com\/index.php\/wp-json\/wp\/v2\/posts\/3778\/revisions"}],"wp:featuredmedia":[{"embeddable":true,"href":"https:\/\/habermarmaratv.com\/index.php\/wp-json\/wp\/v2\/media\/3779"}],"wp:attachment":[{"href":"https:\/\/habermarmaratv.com\/index.php\/wp-json\/wp\/v2\/media?parent=3778"}],"wp:term":[{"taxonomy":"category","embeddable":true,"href":"https:\/\/habermarmaratv.com\/index.php\/wp-json\/wp\/v2\/categories?post=3778"},{"taxonomy":"post_tag","embeddable":true,"href":"https:\/\/habermarmaratv.com\/index.php\/wp-json\/wp\/v2\/tags?post=3778"}],"curies":[{"name":"wp","href":"https:\/\/api.w.org\/{rel}","templated":true}]}}