{"id":3776,"date":"2023-12-13T21:16:17","date_gmt":"2023-12-13T18:16:17","guid":{"rendered":"https:\/\/habermarmaratv.com\/index.php\/2023\/12\/13\/iyi-partide-basvurular-devam-ediyor\/"},"modified":"2023-12-13T21:16:17","modified_gmt":"2023-12-13T18:16:17","slug":"iyi-partide-basvurular-devam-ediyor","status":"publish","type":"post","link":"https:\/\/habermarmaratv.com\/index.php\/2023\/12\/13\/iyi-partide-basvurular-devam-ediyor\/","title":{"rendered":"\u0130Y\u0130 Parti\u2019de ba\u015fvurular devam ediyor"},"content":{"rendered":"<p> [ad_1]<br \/>\n<\/p>\n<div id=\"detaymetin\">\n<p><span class=\"text-huge\">\u0130Y\u0130 Parti\u2019de Belediye Ba\u015fkan Aday Adayl\u0131\u011f\u0131 i\u00e7in 20 Kas\u0131m\u2019da ba\u015flayan ba\u015fvurular, 22 Aral\u0131k Cuma g\u00fcn\u00fc saat 17.00\u2019de sona erecek.\u00a0<\/span><\/p>\n<p>\u00a0<\/p>\n<p>\u00a0<\/p>\n<figure class=\"image\"><img decoding=\"async\" src=\"https:\/\/www.marmarahaber.com.tr\/resimler\/2023-12\/13\/37200861149375.webp\"\/><\/figure>\n<p>\u00a0<\/p>\n<p>\u00a0<\/p>\n<p><span class=\"text-huge\"><strong>BELED\u0130YE BA\u015eKANLI\u011eI \u0130\u00c7\u0130N 1, MECL\u0130S \u00dcYEL\u0130\u011e\u0130 \u0130\u00c7\u0130N 3 \u0130S\u0130M BA\u015eVURDU<\/strong><\/span><\/p>\n<p>\u00a0<\/p>\n<p><span class=\"text-huge\">\u0130Y\u0130 Parti\u2019den \u00c7erkezk\u00f6y Belediye Ba\u015fkan Aday Adayl\u0131\u011f\u0131 i\u00e7in ge\u00e7ti\u011fimiz hafta \u00c7erkezk\u00f6y\u2019e G\u00f6n\u00fcl Verenler Derne\u011fi Ba\u015fkan\u0131 Murat Akay ba\u015fvuru yaparken, Belediye Meclis \u00dcyeli\u011fi \u0130\u00e7in Aday Adayl\u0131\u011f\u0131 ba\u015fvurular\u0131 da bu hafta ba\u015flad\u0131. Belediye Meclis \u00dcyeli\u011fi i\u00e7in 3 isim ba\u015fvuruda bulundu. 2019 yerel se\u00e7imlerinde Cumhuriyet Halk Partisi\u2019nden Belediye Meclis \u00dcyesi se\u00e7ilen, ge\u00e7ti\u011fimiz aylarda CHP\u2019den istifa ederek \u0130Y\u0130 Parti\u2019ye ge\u00e7en Mehmet Kar, 2024\u2019te yap\u0131lacak olan se\u00e7imler i\u00e7in de \u0130Y\u0130 Parti\u2019den Belediye Meclis \u00dcyesi Aday Adayl\u0131\u011f\u0131 ba\u015fvurusunda bulunurken, ba\u015fvuru yapan di\u011fer 2 isim ise \u00c7i\u011fdem Y\u0131lmaz ve Emin Musa Akbulut oldu.\u00a0<\/span><\/p>\n<p>\u00a0<\/p>\n<p><span class=\"text-huge\"><strong>\u201cHAZIR B\u0130R \u015eEK\u0130LDE SAHAYA \u00c7IKAB\u0130LMEK \u0130\u00c7\u0130N HAZIRLIKLARIMIZI YAPIYORUZ\u201d<\/strong><\/span><\/p>\n<p>\u00a0<\/p>\n<p><span class=\"text-huge\">\u0130Y\u0130 Parti \u00c7erkezk\u00f6y \u0130l\u00e7e Ba\u015fkanl\u0131\u011f\u0131\u2019ndan yap\u0131lan a\u00e7\u0131klamada, \u201cBelediye ba\u015fkanl\u0131\u011f\u0131 ve meclis \u00fcyeli\u011fi i\u00e7in aday adayl\u0131\u011f\u0131 ba\u015fvurular\u0131 22 Aral\u0131k\u2019ta sona erecek. Ba\u015fvuru s\u00fcrecinin sona ermesinin ard\u0131ndan kadrolar\u0131m\u0131z haz\u0131r bir \u015fekilde sahaya \u00e7\u0131kabilmek i\u00e7in haz\u0131rl\u0131klar\u0131m\u0131z\u0131 yap\u0131yoruz\u201d denildi.\u00a0<\/span><\/p>\n<p>\u00a0<\/p>\n<p><span class=\"text-huge\"><strong>Haber \/ G\u00fclveren ALTUNO\u011eLU<\/strong><\/span><\/p>\n<\/p><\/div>\n<p>[ad_2]<br \/>\n<br \/><a href=\"https:\/\/www.marmarahaber.com.tr\/haber\/iyi_partide_basvurular_devam_ediyor-86442.html\">Source link <\/a><\/p>\n","protected":false},"excerpt":{"rendered":"<p>[ad_1] \u0130Y\u0130 Parti\u2019de Belediye Ba\u015fkan Aday Adayl\u0131\u011f\u0131 i\u00e7in 20 Kas\u0131m\u2019da ba\u015flayan ba\u015fvurular, 22 Aral\u0131k Cuma g\u00fcn\u00fc saat 17.00\u2019de sona erecek.\u00a0 \u00a0 \u00a0 \u00a0 \u00a0 BELED\u0130YE BA\u015eKANLI\u011eI \u0130\u00c7\u0130N 1, MECL\u0130S \u00dcYEL\u0130\u011e\u0130 \u0130\u00c7\u0130N 3 \u0130S\u0130M BA\u015eVURDU \u00a0 \u0130Y\u0130 Parti\u2019den \u00c7erkezk\u00f6y Belediye Ba\u015fkan Aday Adayl\u0131\u011f\u0131 i\u00e7in ge\u00e7ti\u011fimiz hafta \u00c7erkezk\u00f6y\u2019e G\u00f6n\u00fcl Verenler Derne\u011fi Ba\u015fkan\u0131 Murat Akay ba\u015fvuru yaparken, Belediye [&hellip;]<\/p>\n","protected":false},"author":1,"featured_media":3777,"comment_status":"open","ping_status":"open","sticky":false,"template":"","format":"standard","meta":{"footnotes":""},"categories":[10],"tags":[],"class_list":["post-3776","post","type-post","status-publish","format-standard","has-post-thumbnail","hentry","category-gundem"],"_links":{"self":[{"href":"https:\/\/habermarmaratv.com\/index.php\/wp-json\/wp\/v2\/posts\/3776","targetHints":{"allow":["GET"]}}],"collection":[{"href":"https:\/\/habermarmaratv.com\/index.php\/wp-json\/wp\/v2\/posts"}],"about":[{"href":"https:\/\/habermarmaratv.com\/index.php\/wp-json\/wp\/v2\/types\/post"}],"author":[{"embeddable":true,"href":"https:\/\/habermarmaratv.com\/index.php\/wp-json\/wp\/v2\/users\/1"}],"replies":[{"embeddable":true,"href":"https:\/\/habermarmaratv.com\/index.php\/wp-json\/wp\/v2\/comments?post=3776"}],"version-history":[{"count":0,"href":"https:\/\/habermarmaratv.com\/index.php\/wp-json\/wp\/v2\/posts\/3776\/revisions"}],"wp:featuredmedia":[{"embeddable":true,"href":"https:\/\/habermarmaratv.com\/index.php\/wp-json\/wp\/v2\/media\/3777"}],"wp:attachment":[{"href":"https:\/\/habermarmaratv.com\/index.php\/wp-json\/wp\/v2\/media?parent=3776"}],"wp:term":[{"taxonomy":"category","embeddable":true,"href":"https:\/\/habermarmaratv.com\/index.php\/wp-json\/wp\/v2\/categories?post=3776"},{"taxonomy":"post_tag","embeddable":true,"href":"https:\/\/habermarmaratv.com\/index.php\/wp-json\/wp\/v2\/tags?post=3776"}],"curies":[{"name":"wp","href":"https:\/\/api.w.org\/{rel}","templated":true}]}}