{"id":3768,"date":"2023-12-13T16:40:18","date_gmt":"2023-12-13T13:40:18","guid":{"rendered":"https:\/\/habermarmaratv.com\/index.php\/2023\/12\/13\/helvacioglundan-cetine-ziyaret\/"},"modified":"2023-12-13T16:40:18","modified_gmt":"2023-12-13T13:40:18","slug":"helvacioglundan-cetine-ziyaret","status":"publish","type":"post","link":"https:\/\/habermarmaratv.com\/index.php\/2023\/12\/13\/helvacioglundan-cetine-ziyaret\/","title":{"rendered":"Helvac\u0131o\u011flu\u2019ndan \u00c7etin\u2019e ziyaret"},"content":{"rendered":"<p> [ad_1]<br \/>\n<br \/><img decoding=\"async\" src=\"https:\/\/www.marmarahaber.com.tr\/resimler\/2023-12\/13\/889891257630047.webp\" \/><\/p>\n<div id=\"detaymetin\">\n<p><span class=\"text-big\">Ke\u015fan Belediyesi \u00e7al\u0131\u015fan\u0131 Se\u00e7il Kurnaz\u2019\u0131n babas\u0131, K\u0131br\u0131s Gazisi Fethi Akdi\u015f\u2019in cenaze t\u00f6renine kat\u0131lmak \u00fczere Kapakl\u0131\u2019ya gelen Ke\u015fan Belediye Ba\u015fkan\u0131 Mustafa Helvac\u0131o\u011flu, Kapakl\u0131 Belediye Ba\u015fkan\u0131 Mustafa \u00c7etin\u2019i ziyaret etti.\u00a0<\/span><\/p>\n<p>\u00a0<\/p>\n<p><span class=\"text-big\">Ziyaretten duydu\u011fu memnuniyeti dile getiren Mustafa \u00c7etin, ziyaretinden dolay\u0131 Helvac\u0131o\u011flu\u2019na te\u015fekk\u00fcr ederken, \u00e7al\u0131\u015fmalar\u0131nda da ba\u015far\u0131lar diledi. Mustafa \u00c7etin\u2019in Kapakl\u0131\u2019da g\u00fczel i\u015flere imza att\u0131\u011f\u0131n\u0131 belirten Helvac\u0131o\u011flu da ziyaretle ilgili yapt\u0131\u011f\u0131 a\u00e7\u0131klamada \u015eehirlerimizi gelece\u011fe ta\u015f\u0131mak ve b\u00f6lgemize i\u015fbirli\u011fi ile de\u011fer katmak i\u00e7in kar\u015f\u0131l\u0131kl\u0131 fikir al\u0131\u015fveri\u015finde bulunduk. Ba\u015fkan\u0131m\u0131za ho\u015f sohbetleri ve s\u0131cak misafirperverli\u011fi i\u00e7in te\u015fekk\u00fcr eder, \u00e7al\u0131\u015fmalar\u0131nda ba\u015far\u0131lar dilerim\u201d dedi.\u00a0<\/span><\/p>\n<p>\u00a0<\/p>\n<p><span class=\"text-big\"><strong>Haber \/ \u0130rem BAN\u00c7O<\/strong><\/span><\/p>\n<p>\u00a0<\/p>\n<\/p><\/div>\n<p>[ad_2]<br \/>\n<br \/><a href=\"https:\/\/www.marmarahaber.com.tr\/haber\/helvacioglundan_cetine_ziyaret-86445.html\">Source link <\/a><\/p>\n","protected":false},"excerpt":{"rendered":"<p>[ad_1] Ke\u015fan Belediyesi \u00e7al\u0131\u015fan\u0131 Se\u00e7il Kurnaz\u2019\u0131n babas\u0131, K\u0131br\u0131s Gazisi Fethi Akdi\u015f\u2019in cenaze t\u00f6renine kat\u0131lmak \u00fczere Kapakl\u0131\u2019ya gelen Ke\u015fan Belediye Ba\u015fkan\u0131 Mustafa Helvac\u0131o\u011flu, Kapakl\u0131 Belediye Ba\u015fkan\u0131 Mustafa \u00c7etin\u2019i ziyaret etti.\u00a0 \u00a0 Ziyaretten duydu\u011fu memnuniyeti dile getiren Mustafa \u00c7etin, ziyaretinden dolay\u0131 Helvac\u0131o\u011flu\u2019na te\u015fekk\u00fcr ederken, \u00e7al\u0131\u015fmalar\u0131nda da ba\u015far\u0131lar diledi. Mustafa \u00c7etin\u2019in Kapakl\u0131\u2019da g\u00fczel i\u015flere imza att\u0131\u011f\u0131n\u0131 belirten Helvac\u0131o\u011flu [&hellip;]<\/p>\n","protected":false},"author":1,"featured_media":3769,"comment_status":"open","ping_status":"open","sticky":false,"template":"","format":"standard","meta":{"footnotes":""},"categories":[10],"tags":[],"class_list":["post-3768","post","type-post","status-publish","format-standard","has-post-thumbnail","hentry","category-gundem"],"_links":{"self":[{"href":"https:\/\/habermarmaratv.com\/index.php\/wp-json\/wp\/v2\/posts\/3768","targetHints":{"allow":["GET"]}}],"collection":[{"href":"https:\/\/habermarmaratv.com\/index.php\/wp-json\/wp\/v2\/posts"}],"about":[{"href":"https:\/\/habermarmaratv.com\/index.php\/wp-json\/wp\/v2\/types\/post"}],"author":[{"embeddable":true,"href":"https:\/\/habermarmaratv.com\/index.php\/wp-json\/wp\/v2\/users\/1"}],"replies":[{"embeddable":true,"href":"https:\/\/habermarmaratv.com\/index.php\/wp-json\/wp\/v2\/comments?post=3768"}],"version-history":[{"count":0,"href":"https:\/\/habermarmaratv.com\/index.php\/wp-json\/wp\/v2\/posts\/3768\/revisions"}],"wp:featuredmedia":[{"embeddable":true,"href":"https:\/\/habermarmaratv.com\/index.php\/wp-json\/wp\/v2\/media\/3769"}],"wp:attachment":[{"href":"https:\/\/habermarmaratv.com\/index.php\/wp-json\/wp\/v2\/media?parent=3768"}],"wp:term":[{"taxonomy":"category","embeddable":true,"href":"https:\/\/habermarmaratv.com\/index.php\/wp-json\/wp\/v2\/categories?post=3768"},{"taxonomy":"post_tag","embeddable":true,"href":"https:\/\/habermarmaratv.com\/index.php\/wp-json\/wp\/v2\/tags?post=3768"}],"curies":[{"name":"wp","href":"https:\/\/api.w.org\/{rel}","templated":true}]}}