{"id":3516,"date":"2023-12-05T18:12:43","date_gmt":"2023-12-05T15:12:43","guid":{"rendered":"https:\/\/habermarmaratv.com\/index.php\/2023\/12\/05\/funda-serfice-ve-baris-erdogan-da-belediye-baskan-aday-adayi\/"},"modified":"2023-12-05T18:12:43","modified_gmt":"2023-12-05T15:12:43","slug":"funda-serfice-ve-baris-erdogan-da-belediye-baskan-aday-adayi","status":"publish","type":"post","link":"https:\/\/habermarmaratv.com\/index.php\/2023\/12\/05\/funda-serfice-ve-baris-erdogan-da-belediye-baskan-aday-adayi\/","title":{"rendered":"Funda Serfi\u00e7e ve Bar\u0131\u015f Erdo\u011fan da Belediye Ba\u015fkan Aday Aday\u0131"},"content":{"rendered":"<p> [ad_1]<br \/>\n<\/p>\n<div id=\"detaymetin\">\n<p><span class=\"text-huge\">CHP \u00c7erkezk\u00f6y \u0130l\u00e7e Ba\u015fkanl\u0131\u011f\u0131 \u00f6n\u00fcnde d\u00fcn saat 14.30\u2019da d\u00fczenlenen adayl\u0131k tan\u0131t\u0131m program\u0131na; CHP \u00c7erkezk\u00f6y \u0130l\u00e7e Ba\u015fkan\u0131 Ayfer D\u00f6nmez, Belediye Ba\u015fkan Aday Adaylar\u0131; Cengiz Memi\u015f, \u00d6zg\u00fcr S\u00f6nmez, Engin Camc\u0131, Funda Serfi\u00e7e, Bar\u0131\u015f Erdo\u011fan ile partililer kat\u0131ld\u0131.\u00a0Program, CHP \u0130l\u00e7e Ba\u015fkan\u0131 Ayfer D\u00f6nmez\u2019in konu\u015fmas\u0131yla ba\u015flad\u0131. D\u00f6nmez, \u201cHepimizi zorlu ve me\u015fakkatli bir s\u00fcre\u00e7 bekliyor. Bu s\u00fcre\u00e7te Belediye Ba\u015fkan Adayl\u0131\u011f\u0131 i\u00e7in yola \u00e7\u0131kan t\u00fcm arkada\u015flar\u0131ma ba\u015far\u0131lar diliyorum\u201d dedi.\u00a0<\/span><\/p>\n<p>\u00a0<\/p>\n<p>\u00a0<\/p>\n<figure class=\"image\"><img\/><\/figure>\n<p>\u00a0<\/p>\n<p>\u00a0<\/p>\n<p><span class=\"text-huge\"><strong>\u201c\u00d6NCEK\u0130 BA\u015eKANLARIMIZIN \u0130Z\u0130NDEN G\u0130DECE\u011e\u0130M\u201d\u00a0<\/strong><\/span><\/p>\n<p>\u00a0<\/p>\n<p><span class=\"text-huge\">Daha sonra Aday Adayl\u0131\u011f\u0131 a\u00e7\u0131klamas\u0131n\u0131 yapan Funda Serfi\u00e7e, \u201cCumhuriyetimizin ve Atam\u0131z\u0131n kaybettirilmeye \u00e7al\u0131\u015f\u0131lan de\u011ferlerini, kentimizde unutturmamak ilk g\u00f6revim. Hedefim; \u00c7erkezk\u00f6y\u2019e kazand\u0131r\u0131lm\u0131\u015f ve tamamlanm\u0131\u015f t\u00fcm projelerimize sahip \u00e7\u0131kmak, yap\u0131m\u0131 devam eden projeleri hayata ge\u00e7irmek ve halk\u0131m\u0131z\u0131n \u00f6ncelikli ihtiya\u00e7lar\u0131n\u0131 belirlemek hususuyla, yeni projeler \u00fcretmektir. Do\u011fru ekibi bir araya getirerek var g\u00fcc\u00fcm\u00fczle \u00e7al\u0131\u015fmak, farkl\u0131 fikirleri almak ve de\u011ferlendirmek, il\u00e7e s\u0131n\u0131rlar\u0131m\u0131z i\u00e7erisinde ya\u015fayan halk\u0131m\u0131z\u0131n her ya\u015f grubuna \u00f6zel \u00e7al\u0131\u015fmalar\u0131, saha anketleri yaparak belirlemek, \u00f6nceli\u011fimiz olacakt\u0131r. Bu hizmet yar\u0131\u015f\u0131nda ne kadar iddial\u0131 oldu\u011fumuzu g\u00f6steren t\u00fcm Cumhuriyet Halk Partili Belediye Ba\u015fkanlar\u0131m\u0131z\u0131n izinden gidecek, onlar\u0131n ba\u015far\u0131lar\u0131n\u0131 artt\u0131rarak devam ettirece\u011fim\u201d dedi.\u00a0<\/span><\/p>\n<p>\u00a0<\/p>\n<p>\u00a0<\/p>\n<figure class=\"image\"><img\/><\/figure>\n<p>\u00a0<\/p>\n<p>\u00a0<\/p>\n<p><span class=\"text-huge\"><strong>\u201c\u00c7ERKEZK\u00d6Y\u2019DE \u0130LK KADIN BA\u015eKAN \u0130DD\u0130ASIYLA YOLA \u00c7IKTIM\u201d\u00a0<\/strong><\/span><\/p>\n<p>\u00a0<\/p>\n<p><span class=\"text-huge\">\u2018\u00c7erkezk\u00f6y\u2019de ilk kad\u0131n ba\u015fkan\u2019 iddias\u0131yla yola \u00e7\u0131kt\u0131\u011f\u0131n\u0131 kaydeden Serfi\u00e7e, \u201cKad\u0131nlar\u0131m\u0131z\u0131n g\u00fcc\u00fcn\u00fc ve deste\u011fini talep ediyorum. Gelece\u011fe can veren kad\u0131nlar, gelece\u011fi in\u015fa edecek \u00e7ocuklar ve gelece\u011fi emanet etti\u011fimiz gen\u00e7ler i\u00e7in \u00c7erkezk\u00f6y\u2019de fark\u0131ndal\u0131k yarataca\u011f\u0131m. Cumhuriyetimize olan sars\u0131lmaz inan\u00e7 ve ba\u011fl\u0131l\u0131kla, \u00c7erkezk\u00f6y ve \u00fclkemize olan ba\u011fl\u0131l\u0131\u011f\u0131m ve hizmet a\u015fk\u0131yla, hep ayn\u0131 heyecan ve ayn\u0131 sorumluluk bilinci ile \u2018ben\u2019 demeden biz olmak i\u00e7in, yaln\u0131z hissetmeden, kalabal\u0131k oldu\u011fumuzu bilerek \u00e7ok \u00e7al\u0131\u015faca\u011f\u0131m\u201d ifadelerini kulland\u0131.\u00a0<\/span><\/p>\n<p>\u00a0<\/p>\n<p><span class=\"text-huge\"><strong>\u201cVAR G\u00dcC\u00dcMLE \u00c7ALI\u015eACA\u011eIM\u201d\u00a0<\/strong><\/span><\/p>\n<p>\u00a0<\/p>\n<p><span class=\"text-huge\">Daha sonra aday adayl\u0131\u011f\u0131 konu\u015fmas\u0131n\u0131 yapan \u00c7erkezk\u00f6yl\u00fc i\u015f insan\u0131 Bar\u0131\u015f Erdo\u011fan, \u201cYa\u015fad\u0131\u011f\u0131m\u0131z bu g\u00fczel sanayi il\u00e7esinde g\u00fclmek, rahatlamak, e\u011flenmek bazen ya\u015fam ko\u015fullar\u0131ndan ve pahal\u0131l\u0131ktan, bazen de \u00f6zel sebeplerden dolay\u0131 imkans\u0131z hale gelebiliyor. Hep bir ko\u015fturmaca, hep bir tela\u015f i\u00e7indeyiz. Ben de diyorum ki bunca s\u0131k\u0131nt\u0131m\u0131z aras\u0131nda bir de siyasi gerginli\u011fi kendimize dert etmeyelim. 90\u2019larda yap\u0131lan siyaset gibi genel ba\u015fkanlar\u0131n ayn\u0131 masa etraf\u0131nda toplan\u0131p konu\u015fabildi\u011fi, mezhebi, etnik kimli\u011fi ne olursa olsun, hangi siyasi g\u00f6r\u00fc\u015fe sahip olursa olsun insanlar\u0131n el ele kol kola omuz omuza oldu\u011fu o zamanlar\u0131 hep beraber tekrar geri getirelim. T\u00fcrkiye&#8217;nin sanayisi ve n\u00fcfusu ile \u00e7ok h\u0131zl\u0131 b\u00fcy\u00fcyen bir il\u00e7esinde ya\u015f\u0131yoruz. K\u00fc\u00e7\u00fck \u0130stanbul diyebilece\u011fimiz \u00c7erkezk\u00f6y&#8217;\u00fcm\u00fcz neredeyse 81 ilden vatanda\u015f\u0131m\u0131za ev sahipli\u011fi yap\u0131yor. Farkl\u0131 k\u00fclt\u00fcrlerin bulu\u015ftu\u011fu \u00c7erkezk\u00f6y il\u00e7emizde daha refah, daha g\u00fczel, daha ya\u015fanabilir bir \u015fehir kurmak i\u00e7in, g\u00f6rev yapm\u0131\u015f belediye ba\u015fkanlar\u0131m\u0131z\u0131n kurduklar\u0131n\u0131 daha da ileri ta\u015f\u0131yarak ve g\u00fczelle\u015ftirerek belki de ileride T\u00fcrkiye&#8217;nin 82. ili olacak \u00c7erkezk\u00f6y&#8217;\u00fcm\u00fcze hizmet etmek i\u00e7in elimden geleni yapaca\u011f\u0131m, var g\u00fcc\u00fcmle \u00e7al\u0131\u015faca\u011f\u0131m\u201d dedi.\u00a0<\/span><\/p>\n<p>\u00a0<\/p>\n<p><span class=\"text-huge\"><strong>\u201cF\u0130K\u0130RLER\u0130M VAR\u201d\u00a0<\/strong><\/span><\/p>\n<p>\u00a0<\/p>\n<p><span class=\"text-huge\">\u201c\u00c7\u0131kt\u0131\u011f\u0131m\u0131z yol bir hizmet yar\u0131\u015f\u0131\u201d diyen Erdo\u011fan, \u201cFikirlerim var. Do\u011fup b\u00fcy\u00fcd\u00fc\u011f\u00fcm yere hizmet etmek, \u00c7erkezk\u00f6y&#8217;\u00fcm i\u00e7in faydal\u0131 i\u015fler yapmak istiyorum. \u00c7\u00f6z\u00fcm odakl\u0131 belediyecilik anlay\u0131\u015f\u0131n\u0131 bir \u00fcst seviyeye y\u00fckseltip, teknolojinin gerisinde kalmadan kendi \u00fcretebilen, \u00fcretti\u011fini vatanda\u015flar\u0131na daha ucuza, daha kaliteli sunabilen bir belediye yaratmak istiyorum. Bunun ad\u0131mlar\u0131 mevcut belediyemiz taraf\u0131ndan at\u0131lm\u0131\u015f durumda. \u00c7ok da g\u00fczel tepkiler ald\u0131\u011f\u0131n\u0131 g\u00f6r\u00fcyorum. \u0130n\u015fallah bunu farkl\u0131 hizmet kollar\u0131 ilave ederek \u00e7ok daha g\u00fczel noktalara hep beraber ta\u015f\u0131yaca\u011f\u0131z. \u00c7ocuklar\u0131m\u0131z i\u00e7in, gen\u00e7lerimiz i\u00e7in projelerim var. Daha \u00fcretken, daha bilgili, daha sayg\u0131l\u0131 bireyler olarak yeti\u015fmeleri i\u00e7in belediye olarak \u00fczerimize ne g\u00f6revler d\u00fc\u015f\u00fcyorsa yapmaya haz\u0131r olaca\u011f\u0131z\u201d ifadelerini kulland\u0131.\u00a0<\/span><\/p>\n<p>\u00a0<\/p>\n<p><span class=\"text-huge\"><strong>Haber \/ Buse AKIN\u00a0<\/strong><\/span><\/p>\n<\/p><\/div>\n<p>[ad_2]<br \/>\n<br \/><a href=\"https:\/\/www.marmarahaber.com.tr\/haber\/funda_serfice_ve_baris_erdogan_da_belediye_baskan_aday_adayi_-86326.html\">Source link <\/a><\/p>\n","protected":false},"excerpt":{"rendered":"<p>[ad_1] CHP \u00c7erkezk\u00f6y \u0130l\u00e7e Ba\u015fkanl\u0131\u011f\u0131 \u00f6n\u00fcnde d\u00fcn saat 14.30\u2019da d\u00fczenlenen adayl\u0131k tan\u0131t\u0131m program\u0131na; CHP \u00c7erkezk\u00f6y \u0130l\u00e7e Ba\u015fkan\u0131 Ayfer D\u00f6nmez, Belediye Ba\u015fkan Aday Adaylar\u0131; Cengiz Memi\u015f, \u00d6zg\u00fcr S\u00f6nmez, Engin Camc\u0131, Funda Serfi\u00e7e, Bar\u0131\u015f Erdo\u011fan ile partililer kat\u0131ld\u0131.\u00a0Program, CHP \u0130l\u00e7e Ba\u015fkan\u0131 Ayfer D\u00f6nmez\u2019in konu\u015fmas\u0131yla ba\u015flad\u0131. D\u00f6nmez, \u201cHepimizi zorlu ve me\u015fakkatli bir s\u00fcre\u00e7 bekliyor. Bu s\u00fcre\u00e7te Belediye Ba\u015fkan [&hellip;]<\/p>\n","protected":false},"author":1,"featured_media":3517,"comment_status":"open","ping_status":"open","sticky":false,"template":"","format":"standard","meta":{"footnotes":""},"categories":[10],"tags":[],"class_list":["post-3516","post","type-post","status-publish","format-standard","has-post-thumbnail","hentry","category-gundem"],"_links":{"self":[{"href":"https:\/\/habermarmaratv.com\/index.php\/wp-json\/wp\/v2\/posts\/3516","targetHints":{"allow":["GET"]}}],"collection":[{"href":"https:\/\/habermarmaratv.com\/index.php\/wp-json\/wp\/v2\/posts"}],"about":[{"href":"https:\/\/habermarmaratv.com\/index.php\/wp-json\/wp\/v2\/types\/post"}],"author":[{"embeddable":true,"href":"https:\/\/habermarmaratv.com\/index.php\/wp-json\/wp\/v2\/users\/1"}],"replies":[{"embeddable":true,"href":"https:\/\/habermarmaratv.com\/index.php\/wp-json\/wp\/v2\/comments?post=3516"}],"version-history":[{"count":0,"href":"https:\/\/habermarmaratv.com\/index.php\/wp-json\/wp\/v2\/posts\/3516\/revisions"}],"wp:featuredmedia":[{"embeddable":true,"href":"https:\/\/habermarmaratv.com\/index.php\/wp-json\/wp\/v2\/media\/3517"}],"wp:attachment":[{"href":"https:\/\/habermarmaratv.com\/index.php\/wp-json\/wp\/v2\/media?parent=3516"}],"wp:term":[{"taxonomy":"category","embeddable":true,"href":"https:\/\/habermarmaratv.com\/index.php\/wp-json\/wp\/v2\/categories?post=3516"},{"taxonomy":"post_tag","embeddable":true,"href":"https:\/\/habermarmaratv.com\/index.php\/wp-json\/wp\/v2\/tags?post=3516"}],"curies":[{"name":"wp","href":"https:\/\/api.w.org\/{rel}","templated":true}]}}