{"id":3412,"date":"2023-12-01T23:38:34","date_gmt":"2023-12-01T20:38:34","guid":{"rendered":"https:\/\/habermarmaratv.com\/index.php\/2023\/12\/01\/vali-soyturk-kapaklida-devam-eden-yatirimlari-inceledi\/"},"modified":"2023-12-01T23:38:34","modified_gmt":"2023-12-01T20:38:34","slug":"vali-soyturk-kapaklida-devam-eden-yatirimlari-inceledi","status":"publish","type":"post","link":"https:\/\/habermarmaratv.com\/index.php\/2023\/12\/01\/vali-soyturk-kapaklida-devam-eden-yatirimlari-inceledi\/","title":{"rendered":"Vali Soyt\u00fcrk, Kapakl\u0131\u2019da devam eden yat\u0131r\u0131mlar\u0131 inceledi"},"content":{"rendered":"<p> [ad_1]<br \/>\n<\/p>\n<div id=\"detaymetin\">\n<p>\u00a0<\/p>\n<p><span class=\"text-big\">Devam eden okul in\u015faatlar\u0131n\u0131 inceleyerek \u00e7al\u0131\u015fmalarla ilgili \u00a0bilgi alan Soyt\u00fcrk, gaziler, muhtarlar ve vatanda\u015flarla da bir araya geldi.<\/span><\/p>\n<p><span class=\"text-big\">Saat 11.30\u2019da Kapakl\u0131 Kaymakaml\u0131\u011f\u0131\u2019n\u0131 ziyaret eden Vali Soyt\u00fcrk, Kaymakam Mustafa G\u00fcrdal ve il\u00e7e protokol\u00fc taraf\u0131ndan kar\u015f\u0131land\u0131. Kaymakam G\u00fcrdal ile g\u00f6r\u00fc\u015ferek Kapakl\u0131 ve il\u00e7ede yap\u0131lan \u00e7al\u0131\u015fmalar hakk\u0131nda G\u00fcrdal\u2019dan bilgi alan Vali Soyt\u00fcrk, ziyaretin ard\u0131ndan Kaymakaml\u0131k Toplant\u0131 Salonu\u2019nda d\u00fczenlenen toplant\u0131da muhtarlarla bir araya geldi.\u00a0<\/span><\/p>\n<p><span class=\"text-big\"><strong>MUHTARLARLA B\u0130R ARAYA GELD\u0130<\/strong><\/span><\/p>\n<p>\u00a0<\/p>\n<figure class=\"image\"><img decoding=\"async\" src=\"https:\/\/marmarahaber.com.tr\/resimler\/2023-12\/1\/1168161508057934.webp\"\/><\/figure>\n<p><span class=\"text-big\">Kapakl\u0131 Kaymakam\u0131 Mustafa G\u00fcrdal ve il\u00e7e protokol\u00fcn\u00fcn de kat\u0131ld\u0131\u011f\u0131 toplant\u0131da muhtarlar mahallelerin s\u0131k\u0131nt\u0131lar\u0131n\u0131, ihtiya\u00e7lar\u0131n\u0131 ve taleplerini Vali Soyt\u00fcrk&#8217;e iletirken, Vali Soyt\u00fcrk de gerekli \u00e7al\u0131\u015fmalar\u0131n yap\u0131laca\u011f\u0131n\u0131 dile getirdi.<\/span><\/p>\n<p><span class=\"text-big\"><strong>EMN\u0130YET M\u00dcD\u00dcRL\u00dc\u011e\u00dc \u0130N\u015eAATINI \u0130NCELED\u0130<\/strong><\/span><\/p>\n<p>\u00a0<\/p>\n<figure class=\"image\"><img decoding=\"async\" src=\"https:\/\/marmarahaber.com.tr\/resimler\/2023-12\/1\/8367610536966.webp\"\/><\/figure>\n<p><span class=\"text-big\">Toplant\u0131n\u0131n ard\u0131ndan yap\u0131m s\u00fcreci devam eden ve tamamland\u0131\u011f\u0131nda il\u00e7ede asayi\u015f hizmeti verecek olan \u0130l\u00e7e Emniyet M\u00fcd\u00fcrl\u00fc\u011f\u00fc\u2019n\u00fc ziyaret eden Vali Soyt\u00fcrk, in\u015faat alan\u0131nda incelemelerde bulunarak yetkililerden bilgi ald\u0131. Vali Recep Soyt\u00fcrk, il\u00e7e ziyareti kapsam\u0131nda Kapakl\u0131 Kaymakam\u0131 Mustafa G\u00fcrdal ve il\u00e7e protokol\u00fc ile birlikte T\u00fcrkiye Muharip Gaziler Derne\u011fi Kapakl\u0131 Temsilcili\u011fi\u2019ni de ziyaret ederek T\u00fcrkiye Muharip Gaziler Derne\u011fi Kapakl\u0131 Temsilcisi \u0130brahim \u00c7etinta\u015f ve gazilerle bir araya geldi.\u00a0<\/span><\/p>\n<p><span class=\"text-big\"><strong>E\u011e\u0130T\u0130M YATIRIMLARINI \u0130NCELED\u0130<\/strong><\/span><\/p>\n<p>\u00a0<\/p>\n<figure class=\"image\"><img decoding=\"async\" src=\"https:\/\/marmarahaber.com.tr\/resimler\/2023-12\/1\/92738479111846.webp\"\/><\/figure>\n<p><span class=\"text-big\">Kapakl\u0131 program\u0131 kapsam\u0131nda y\u00fczde 50\u2019si T\u00fcrkiye Odalar ve Borsalar Birli\u011fi (TOBB), y\u00fczde 50\u2019si devlet katk\u0131s\u0131 ile yap\u0131lan 12.673 metrekare alana sahip 16 derslikli T\u00fcrkiye Odalar ve Borsalar Birli\u011fi (TOBB) Ortaokulu\u2019nu ziyaret eden Vali Soyt\u00fcrk, okul in\u015faat alan\u0131n\u0131 gezerek incelemelerde bulunurken, yap\u0131m s\u00fcreci hakk\u0131nda yetkililerden bilgi ald\u0131.\u00a0<\/span><\/p>\n<p><span class=\"text-big\">16 derslikli TOBB Ortaokulu\u2019nun, bu y\u0131l i\u00e7erisinde tamamlan\u0131p 2024-2025 E\u011fitim ve \u00d6\u011fretim D\u00f6nemi\u2019nde faaliyete ge\u00e7mesinin planland\u0131\u011f\u0131 ifade edildi.\u00a0<\/span><\/p>\n<p>\u00a0<\/p>\n<figure class=\"image\"><img decoding=\"async\" src=\"https:\/\/marmarahaber.com.tr\/resimler\/2023-12\/1\/99711803868353.webp\"\/><\/figure>\n<p>\u00a0<\/p>\n<p><span class=\"text-big\">Y\u00fczde 100 devlet katk\u0131s\u0131 ile yap\u0131lan 7722 metrekarelik alana sahip24 derslikli Bah\u00e7elievler \u0130lkokul-Ortaokulu\u2019nu da ziyaret ederek okulun in\u015faat alan\u0131n\u0131 inceleyen Soyt\u00fcrk, okulun yap\u0131m s\u00fcreci hakk\u0131nda bilgi ald\u0131.\u00a0<\/span><\/p>\n<p><span class=\"text-big\">24 derslikli Bah\u00e7elievler \u0130lkokul-Ortaokulu\u2019nun bu y\u0131l i\u00e7erisinde tamamlan\u0131p 2024-2025 E\u011fitim ve \u00d6\u011fretim D\u00f6nemi\u2019nde faaliyete ge\u00e7mesinin planland\u0131\u011f\u0131 belirtildi.\u00a0<\/span><\/p>\n<p><span class=\"text-big\"><strong>VATANDA\u015eLARLA B\u0130R ARAYA GELD\u0130<\/strong><\/span><\/p>\n<p>\u00a0<\/p>\n<figure class=\"image\"><img decoding=\"async\" src=\"https:\/\/marmarahaber.com.tr\/resimler\/2023-12\/1\/1235821953124971.webp\"\/><\/figure>\n<p><span class=\"text-big\">Tekirda\u011f Valisi Recep Soyt\u00fcrk, incelemelerinin ard\u0131ndan \u0130smetpa\u015fa Mahallesi\u2019nde d\u00fczenlenen Vatanda\u015fla Bulu\u015fma Toplant\u0131s\u0131nda vatanda\u015flar bir araya gelerek onlar\u0131n sorun, talep ve beklentilerini dinledi. Vali Soyt\u00fcrk \u201c\u00c7\u00f6z\u00fcm i\u00e7in gerekli \u00e7al\u0131\u015fmalar yap\u0131lacak\u201d dedi.\u00a0<\/span><\/p>\n<p><span class=\"text-big\">D\u00fczenlenen toplant\u0131da Vali Soyt\u00fcrk\u2019e Kapakl\u0131 Kaymakam\u0131 Mustafa G\u00fcrdal ve il\u00e7e protokol\u00fc e\u015flik etti.<\/span><\/p>\n<p><span class=\"text-big\"><strong>VAL\u0130 SOYT\u00dcRK\u2019TEN \u015eEH\u0130T A\u0130LES\u0130NE Z\u0130YARET<\/strong><\/span><\/p>\n<p>\u00a0<\/p>\n<figure class=\"image\"><img decoding=\"async\" src=\"https:\/\/marmarahaber.com.tr\/resimler\/2023-12\/1\/7114609171185.webp\"\/><\/figure>\n<p><span class=\"text-big\">Kapakl\u0131 program\u0131 kapsam\u0131nda 25 Eyl\u00fcl 2012\u2019de terhisine 40 g\u00fcn kala Tunceli\u2019de askeri arac\u0131n ge\u00e7i\u015fi s\u0131ras\u0131nda Pkk\u2019l\u0131lar taraf\u0131ndan yola d\u00f6\u015fenen patlay\u0131c\u0131n\u0131n patlamas\u0131 sonucu \u015fehit d\u00fc\u015fen P. Er Kadir Dada\u015f\u2019\u0131n ailesini de ziyaret eden Soyt\u00fcrk, \u015fehidimizin ailesiyle yak\u0131ndan ilgilendi.\u00a0<\/span><\/p>\n<p><span class=\"text-big\">Ziyarette \u015eehit Kadir Dada\u015f ve t\u00fcm \u015fehitlerimiz i\u00e7in Kur\u2019an-\u0131 Kerim okunarak dua edildi. Vali Recep Soyt\u00fcrk, \u015fehitlerin emaneti olan \u015fehit ailelerinin her zaman yan\u0131nda olduklar\u0131n\u0131 ve bundan sonra da olmaya devam edeceklerini s\u00f6yledi.\u00a0<\/span><\/p>\n<p><span class=\"text-big\"><strong>\u0130NAN MAK\u0130NE\u2019Y\u0130 Z\u0130YARET ETT\u0130<\/strong><\/span><\/p>\n<p>\u00a0<\/p>\n<figure class=\"image\"><img decoding=\"async\" src=\"https:\/\/marmarahaber.com.tr\/resimler\/2023-12\/1\/775921712369475.webp\"\/><\/figure>\n<p><span class=\"text-big\">Vali Recep Soyt\u00fcrk, \u015fehit ailesi ziyaretinin ard\u0131ndan 24 derslikli Zeliha Mehmet Tus\u00e7uo\u011flu Ortaokulu\u2019nu yapt\u0131ran hay\u0131rsever i\u015f insanlar\u0131 Tijen Tus\u00e7uo\u011flu Alkan ve e\u015fi Din\u00e7er Alkan\u2019\u0131n sahibi oldu\u011fu \u0130nan Makine firmas\u0131n\u0131 ziyaret etti.\u00a0<\/span><\/p>\n<p><span class=\"text-big\">Fabrikay\u0131 gezen Soyt\u00fcrk, \u0130nan Makine Sanayi Tic. A.\u015e. Y\u00f6netim Kurulu Ba\u015fkan\u0131 Tijen Tus\u00e7uo\u011flu Alkan ve \u015eirket Genel M\u00fcd\u00fcr\u00fc Din\u00e7er Alkan\u2019dan fabrika hakk\u0131nda bilgi ald\u0131. Vali Soyt\u00fcrk\u2019e ziyaretleri s\u0131ras\u0131nda Kapakl\u0131 Kaymakam\u0131 Mustafa G\u00fcrdal e\u015flik etti. Tekirda\u011f Valisi Recep Soyt\u00fcrk, Kapakl\u0131 Erenler Cemevini\u2019ni de ziyaret etti.\u00a0<\/span><\/p>\n<p><span class=\"text-big\">Cemevi Ba\u015fkan\u0131 Enver Ko\u00e7er taraf\u0131ndan kar\u015f\u0131lanan Vali Soyt\u00fcrk, ard\u0131ndan cemevine ge\u00e7erek faaliyetler hakk\u0131nda bili ald\u0131.\u00a0<\/span><\/p>\n<p>\u00a0<\/p>\n<figure class=\"image\"><img decoding=\"async\" src=\"https:\/\/marmarahaber.com.tr\/resimler\/2023-12\/1\/105373633588556.webp\"\/><\/figure>\n<p><span class=\"text-big\"><strong>Haber \/ \u0130rem BAN\u00c7O<\/strong><\/span><\/p>\n<\/p><\/div>\n<p>[ad_2]<br \/>\n<br \/><a href=\"https:\/\/www.marmarahaber.com.tr\/haber\/vali_soyturk_kapaklida_devam_eden_yatirimlari_inceledi-86269.html\">Source link <\/a><\/p>\n","protected":false},"excerpt":{"rendered":"<p>[ad_1] \u00a0 Devam eden okul in\u015faatlar\u0131n\u0131 inceleyerek \u00e7al\u0131\u015fmalarla ilgili \u00a0bilgi alan Soyt\u00fcrk, gaziler, muhtarlar ve vatanda\u015flarla da bir araya geldi. Saat 11.30\u2019da Kapakl\u0131 Kaymakaml\u0131\u011f\u0131\u2019n\u0131 ziyaret eden Vali Soyt\u00fcrk, Kaymakam Mustafa G\u00fcrdal ve il\u00e7e protokol\u00fc taraf\u0131ndan kar\u015f\u0131land\u0131. Kaymakam G\u00fcrdal ile g\u00f6r\u00fc\u015ferek Kapakl\u0131 ve il\u00e7ede yap\u0131lan \u00e7al\u0131\u015fmalar hakk\u0131nda G\u00fcrdal\u2019dan bilgi alan Vali Soyt\u00fcrk, ziyaretin ard\u0131ndan Kaymakaml\u0131k Toplant\u0131 [&hellip;]<\/p>\n","protected":false},"author":1,"featured_media":3413,"comment_status":"open","ping_status":"open","sticky":false,"template":"","format":"standard","meta":{"footnotes":""},"categories":[10],"tags":[],"class_list":["post-3412","post","type-post","status-publish","format-standard","has-post-thumbnail","hentry","category-gundem"],"_links":{"self":[{"href":"https:\/\/habermarmaratv.com\/index.php\/wp-json\/wp\/v2\/posts\/3412","targetHints":{"allow":["GET"]}}],"collection":[{"href":"https:\/\/habermarmaratv.com\/index.php\/wp-json\/wp\/v2\/posts"}],"about":[{"href":"https:\/\/habermarmaratv.com\/index.php\/wp-json\/wp\/v2\/types\/post"}],"author":[{"embeddable":true,"href":"https:\/\/habermarmaratv.com\/index.php\/wp-json\/wp\/v2\/users\/1"}],"replies":[{"embeddable":true,"href":"https:\/\/habermarmaratv.com\/index.php\/wp-json\/wp\/v2\/comments?post=3412"}],"version-history":[{"count":0,"href":"https:\/\/habermarmaratv.com\/index.php\/wp-json\/wp\/v2\/posts\/3412\/revisions"}],"wp:featuredmedia":[{"embeddable":true,"href":"https:\/\/habermarmaratv.com\/index.php\/wp-json\/wp\/v2\/media\/3413"}],"wp:attachment":[{"href":"https:\/\/habermarmaratv.com\/index.php\/wp-json\/wp\/v2\/media?parent=3412"}],"wp:term":[{"taxonomy":"category","embeddable":true,"href":"https:\/\/habermarmaratv.com\/index.php\/wp-json\/wp\/v2\/categories?post=3412"},{"taxonomy":"post_tag","embeddable":true,"href":"https:\/\/habermarmaratv.com\/index.php\/wp-json\/wp\/v2\/tags?post=3412"}],"curies":[{"name":"wp","href":"https:\/\/api.w.org\/{rel}","templated":true}]}}