{"id":3410,"date":"2023-12-01T22:37:05","date_gmt":"2023-12-01T19:37:05","guid":{"rendered":"https:\/\/habermarmaratv.com\/index.php\/2023\/12\/01\/vali-soyturkten-sanayicilere-acik-cek\/"},"modified":"2023-12-01T22:37:05","modified_gmt":"2023-12-01T19:37:05","slug":"vali-soyturkten-sanayicilere-acik-cek","status":"publish","type":"post","link":"https:\/\/habermarmaratv.com\/index.php\/2023\/12\/01\/vali-soyturkten-sanayicilere-acik-cek\/","title":{"rendered":"Vali Soyt\u00fcrk\u2019ten sanayicilere a\u00e7\u0131k \u00e7ek"},"content":{"rendered":"<p> [ad_1]<br \/>\n<\/p>\n<div id=\"detaymetin\">\n<p>\u00a0<\/p>\n<p><span class=\"text-big\">\u00d6d\u00fcl t\u00f6reninde konu\u015fan Tekirda\u011f Valisi Recep Soyt\u00fcrk, \u201cBuradan sanayicilere bir a\u00e7\u0131k \u00e7ek vermek istiyorum. Mevzuat i\u00e7erisinde ve vicdana s\u0131\u011fan her t\u00fcrl\u00fc talebinizi yapmakla kendimi m\u00fckellef k\u0131l\u0131yorum.\u00a0<\/span><\/p>\n<p><span class=\"text-big\">Yasal ve vicdana s\u0131\u011fan her t\u00fcrl\u00fc talebinizi h\u0131zland\u0131rmak, Valilik nezdinde, Bakanl\u0131k nezdinde takip etmeyi bir g\u00f6rev olarak biliyorum. Elimden geldi\u011fince katk\u0131 sa\u011flamak istiyorum\u201d dedi.<\/span><\/p>\n<p><span class=\"text-big\">\u00c7orlu Ticaret ve Sanayi Odas\u0131\u2019nda d\u00fczenlenen \u00d6d\u00fcl T\u00f6reninde 2022 y\u0131l\u0131 kurumlar vergisi ilk 10 m\u00fckellefi, y\u00fcksek d\u00fczeyde ihracat yapan \u00fcyeler, en \u00e7ok istihdam sa\u011flayan ilk 3 \u00fcye, en \u00e7ok kad\u0131n istihdam eden ilk 3 \u00fcye, en \u00e7ok engelli istihdam eden ilk 3 \u00fcye, b\u00fcnyesinde ar-ge merkezi olan \u00fcyeler ile \u0130SO 500 b\u00fcy\u00fck sanayi kurulu\u015fu listesinde yer alan \u00fcyelere Tekirda\u011f Valisi Recep Soyt\u00fcrk taraf\u0131ndan plaket takdim edildi.\u00a0<\/span><\/p>\n<p><span class=\"text-big\"><strong>\u201cT\u00dcM HAYIRSEVERLERE \u015e\u00dcKRANLARIMI ARZ ED\u0130YORUM\u201d<\/strong><\/span><\/p>\n<p>\u00a0<\/p>\n<figure class=\"image\"><img decoding=\"async\" src=\"https:\/\/marmarahaber.com.tr\/resimler\/2023-12\/1\/70737424793165.webp\"\/><\/figure>\n<p><span class=\"text-big\">T\u00f6rende konu\u015fan Tekirda\u011f Valisi Recep Soyt\u00fcrk, sabah saatlerinde \u00c7erkezk\u00f6y\u2019de 1989\u2019dan beri okul yapt\u0131ran 21 hay\u0131rseverle kahvalt\u0131da bir araya geldiklerini belirterek, \u201cTekirda\u011f\u2019daki en keyif ald\u0131\u011f\u0131m toplant\u0131lardan bir tanesi oldu.\u00a0<\/span><\/p>\n<p><span class=\"text-big\">Her birine birer te\u015fekk\u00fcr belgesi verdik. \u2018Sizden Allah raz\u0131 olsun. Bu il\u00e7eye katk\u0131 sa\u011flam\u0131\u015fs\u0131n\u0131z \u00f6nemli hizmet etmi\u015fsiniz, \u00e7ocuklar\u0131m\u0131z\u0131n e\u011fitimi i\u00e7in bir ad\u0131m atm\u0131\u015fs\u0131n\u0131z. Size \u015f\u00fckranlar\u0131m\u0131z\u0131 sunuyoruz\u2019 dedik. Programda \u00e7ok heyecanland\u0131m, \u00e7ok keyif ald\u0131m.\u00a0<\/span><\/p>\n<p><span class=\"text-big\">\u00c7erkezk\u00f6y\u2019deki hay\u0131rseverler nezdinde Tekirda\u011f\u2019da hay\u0131rsever olan t\u00fcm vatanda\u015flar\u0131m\u0131za \u015f\u00fckranlar\u0131m\u0131 arz ediyorum\u201d dedi.\u00a0<\/span><\/p>\n<p><span class=\"text-big\"><strong>\u201c\u0130K\u0130L\u0130 E\u011e\u0130T\u0130M\u0130 ORTADAN KALDIRMALIYIZ\u201d<\/strong><\/span><\/p>\n<p>\u00a0<\/p>\n<figure class=\"image\"><img decoding=\"async\" src=\"https:\/\/marmarahaber.com.tr\/resimler\/2023-12\/1\/75737696602201.webp\"\/><\/figure>\n<p><span class=\"text-big\">Okulun \u00f6nemine dikkat \u00e7eken Soyt\u00fcrk, \u201c\u0130kili e\u011fitimi ortadan kald\u0131rmal\u0131y\u0131z. Bu anlamda hemen hemen b\u00fct\u00fcn okullar\u0131 Milli E\u011fitim Bakanl\u0131\u011f\u0131\u2019n\u0131n kaynaklar\u0131 ile yapabilecek durumday\u0131z. Anaokullar\u0131 ile ilgili haz\u0131rl\u0131klar\u0131m\u0131z var.\u00a0<\/span><\/p>\n<p><span class=\"text-big\">Anaokullar\u0131nda ba\u011f\u0131\u015f\u00e7\u0131 bulmak daha kolay \u00e7\u00fcnk\u00fc miktar daha d\u00fc\u015f\u00fck. \u0130ki tane vekilimiz var, isimlerini vermeyece\u011fim ama iki tane g\u00fczide vekilimiz bu anaokullar\u0131ndan birer tanesini yapmayla ilgili g\u00f6n\u00fcll\u00fcler. \u015eimdiden onlara te\u015fekk\u00fcr ederim. \u0130n\u015fallah tez zamanda protokol\u00fc imzalar\u0131z\u201d diye konu\u015ftu.\u00a0<\/span><\/p>\n<p><span class=\"text-big\"><strong>\u201cB\u0130R BA\u015eKA \u0130LG\u0130 ALANIM DA SANAY\u0130\u201d<\/strong><\/span><\/p>\n<p><span class=\"text-big\">Bir ba\u015fka ilgi alan\u0131n\u0131n da sanayi oldu\u011funu s\u00f6yleyen Soyt\u00fcrk, \u201cSanayicilerimizin sorunlar\u0131 var, bir de sanayicimizden kaynakl\u0131 sorunlar var. Sanayici \u00e7ok \u00f6nemli bir \u015fey yap\u0131yor. Bir kere istihdam sa\u011fl\u0131yor, ihracat yap\u0131yor, d\u00f6viz getiriyor.\u00a0<\/span><\/p>\n<p><span class=\"text-big\">\u0130ki \u00f6zel firma tan\u0131d\u0131m bu k\u0131sa s\u00fcre i\u00e7erisinde cari a\u00e7\u0131\u011f\u0131 kapatacak T\u00fcrkiye\u2019de ba\u015fka bir yerde \u00fcretilmeyen sadece yurtd\u0131\u015f\u0131ndan gelen \u00fcr\u00fcnleri yapmayla ilgili \u00e7abas\u0131 var. Bunlar\u0131 yapt\u0131\u011f\u0131 takdirde yakla\u015f\u0131k 500 milyon dolar cari a\u00e7\u0131k kapat\u0131lacak.\u00a0<\/span><\/p>\n<p><span class=\"text-big\">Bu durum beni \u00e7ok heyecanland\u0131r\u0131yor, acayip sayg\u0131 duyuyorum. Onlar\u0131n sorunlar\u0131 ile ilgili nas\u0131l yard\u0131mc\u0131 olabilirim diye g\u00f6r\u00fc\u015f\u00fcyorum, konu\u015fuyorum\u201d dedi.\u00a0<\/span><\/p>\n<p><span class=\"text-big\"><strong>SANAY\u0130C\u0130LERE A\u00c7IK \u00c7EK<\/strong><\/span><\/p>\n<p>\u00a0<\/p>\n<figure class=\"image\"><img decoding=\"async\" src=\"https:\/\/marmarahaber.com.tr\/resimler\/2023-12\/1\/84628446352615.webp\"\/><\/figure>\n<p><span class=\"text-big\">Soyt\u00fcrk, \u201cBuradan sanayicilere bir a\u00e7\u0131k \u00e7ek vermek istiyorum. Mevzuat i\u00e7erisinde ve vicdana s\u0131\u011fan her t\u00fcrl\u00fc talebinizi yapmakla kendimi m\u00fckellef k\u0131l\u0131yorum. Yasal ve vicdana s\u0131\u011fan her t\u00fcrl\u00fc talebinizi h\u0131zland\u0131rmak, Valilik nezdinde, Bakanl\u0131k nezdinde takip etmeyi bir g\u00f6rev olarak biliyorum.\u00a0<\/span><\/p>\n<p><span class=\"text-big\">Elimden geldi\u011fince katk\u0131 sa\u011flamak istiyorum. \u00a0Ticaret ve Sanayi Odas\u0131 Ba\u015fkan\u0131m\u0131za ve Ticaret ve Sanayi Odas\u0131 Meclis Ba\u015fkan\u0131na te\u015fekk\u00fcr ediyorum. 65. y\u0131l d\u00f6n\u00fcm\u00fcz\u00fc kutluyor, b\u00fct\u00fcn sanayicilerimizi tebrik ediyor, hepinize sayg\u0131lar sunuyorum\u201d ifadelerini kulland\u0131.\u00a0<\/span><\/p>\n<p><span class=\"text-big\"><strong>TE\u015eEKK\u00dcR PLAKET\u0130 TAKD\u0130M ED\u0130LD\u0130<\/strong><\/span><\/p>\n<p><span class=\"text-big\">Vali Soyt\u00fcrk\u2019\u00fcn konu\u015fmas\u0131n\u0131n ard\u0131ndan plaketler taktim edildi. \u00d6nceki g\u00fcn \u00c7orlu Ticaret ve Sanayi Odas\u0131\u2019nda d\u00fczenlenen \u00f6d\u00fcl t\u00f6renine T\u00f6rene Tekirda\u011f Valisi Recep Soyt\u00fcrk\u2019\u00fcn yan\u0131 s\u0131ra Cumhuriyet Halk Partisi Tekirda\u011f Milletvekili \u0130lhami \u00d6zcan Aygun, Tekirda\u011f B\u00fcy\u00fck\u015fehir Belediye Ba\u015fkan\u0131 Kadir Albayrak, \u00c7orlu Kaymakam\u0131 Murat Eren, Ergene Kaymakam\u0131 Kadir Duman, Marmaraere\u011flisi Kaymakam\u0131 G\u00f6khan G\u00fcrb\u00fczerol, \u00c7orlu Belediye Ba\u015fkan\u0131 Ahmet Sar\u0131kurt, \u00a0Tekirda\u011f Ticaret ve Sanayi Odas\u0131 Ba\u015fkan\u0131 ve TOBB Y\u00f6netim Kurulu \u00dcyesi Cengiz G\u00fcnay, \u00c7orlu TSO Y\u00f6netim Kurulu Ba\u015fkan\u0131 \u0130zzet Volkan, \u00c7orlu TSO Meclis Ba\u015fkan\u0131 Erdim Noyan, \u00c7erkezk\u00f6y Ticaret ve Sanayi Odas\u0131 Ba\u015fkan\u0131 Ahmet \u00c7etin, \u00c7erkezk\u00f6y Ticaret ve Sanayi Odas\u0131 Meclis Ba\u015fkan\u0131 Hac\u0131 Mehmet Erdo\u011fan, kurum m\u00fcd\u00fcrleri ve i\u015f insanlar\u0131 kat\u0131ld\u0131.<\/span><\/p>\n<p><span class=\"text-big\"><strong>Haber \/ Ba\u015ftu\u011f Alperen KARDE\u015e<\/strong><\/span><br \/>\u00a0<\/p>\n<\/p><\/div>\n<p>[ad_2]<br \/>\n<br \/><a href=\"https:\/\/www.marmarahaber.com.tr\/haber\/vali_soyturkten_sanayicilere_acik_cek-86271.html\">Source link <\/a><\/p>\n","protected":false},"excerpt":{"rendered":"<p>[ad_1] \u00a0 \u00d6d\u00fcl t\u00f6reninde konu\u015fan Tekirda\u011f Valisi Recep Soyt\u00fcrk, \u201cBuradan sanayicilere bir a\u00e7\u0131k \u00e7ek vermek istiyorum. Mevzuat i\u00e7erisinde ve vicdana s\u0131\u011fan her t\u00fcrl\u00fc talebinizi yapmakla kendimi m\u00fckellef k\u0131l\u0131yorum.\u00a0 Yasal ve vicdana s\u0131\u011fan her t\u00fcrl\u00fc talebinizi h\u0131zland\u0131rmak, Valilik nezdinde, Bakanl\u0131k nezdinde takip etmeyi bir g\u00f6rev olarak biliyorum. Elimden geldi\u011fince katk\u0131 sa\u011flamak istiyorum\u201d dedi. \u00c7orlu Ticaret ve [&hellip;]<\/p>\n","protected":false},"author":1,"featured_media":3411,"comment_status":"open","ping_status":"open","sticky":false,"template":"","format":"standard","meta":{"footnotes":""},"categories":[10],"tags":[],"class_list":["post-3410","post","type-post","status-publish","format-standard","has-post-thumbnail","hentry","category-gundem"],"_links":{"self":[{"href":"https:\/\/habermarmaratv.com\/index.php\/wp-json\/wp\/v2\/posts\/3410","targetHints":{"allow":["GET"]}}],"collection":[{"href":"https:\/\/habermarmaratv.com\/index.php\/wp-json\/wp\/v2\/posts"}],"about":[{"href":"https:\/\/habermarmaratv.com\/index.php\/wp-json\/wp\/v2\/types\/post"}],"author":[{"embeddable":true,"href":"https:\/\/habermarmaratv.com\/index.php\/wp-json\/wp\/v2\/users\/1"}],"replies":[{"embeddable":true,"href":"https:\/\/habermarmaratv.com\/index.php\/wp-json\/wp\/v2\/comments?post=3410"}],"version-history":[{"count":0,"href":"https:\/\/habermarmaratv.com\/index.php\/wp-json\/wp\/v2\/posts\/3410\/revisions"}],"wp:featuredmedia":[{"embeddable":true,"href":"https:\/\/habermarmaratv.com\/index.php\/wp-json\/wp\/v2\/media\/3411"}],"wp:attachment":[{"href":"https:\/\/habermarmaratv.com\/index.php\/wp-json\/wp\/v2\/media?parent=3410"}],"wp:term":[{"taxonomy":"category","embeddable":true,"href":"https:\/\/habermarmaratv.com\/index.php\/wp-json\/wp\/v2\/categories?post=3410"},{"taxonomy":"post_tag","embeddable":true,"href":"https:\/\/habermarmaratv.com\/index.php\/wp-json\/wp\/v2\/tags?post=3410"}],"curies":[{"name":"wp","href":"https:\/\/api.w.org\/{rel}","templated":true}]}}