{"id":3404,"date":"2023-12-01T19:05:42","date_gmt":"2023-12-01T16:05:42","guid":{"rendered":"https:\/\/habermarmaratv.com\/index.php\/2023\/12\/01\/kapakli-belediye-meclisi-aralik-ayi-toplantisini-yapti\/"},"modified":"2023-12-01T19:05:42","modified_gmt":"2023-12-01T16:05:42","slug":"kapakli-belediye-meclisi-aralik-ayi-toplantisini-yapti","status":"publish","type":"post","link":"https:\/\/habermarmaratv.com\/index.php\/2023\/12\/01\/kapakli-belediye-meclisi-aralik-ayi-toplantisini-yapti\/","title":{"rendered":"Kapakl\u0131 Belediye Meclisi, Aral\u0131k ay\u0131 toplant\u0131s\u0131n\u0131 yapt\u0131"},"content":{"rendered":"<p> [ad_1]<br \/>\n<\/p>\n<div id=\"detaymetin\">\n<p>\u00a0<\/p>\n<p><span class=\"text-big\">Toplant\u0131ya mazeret bildiren Ziya Arslan, Serkan Gen\u00e7, Feyzullah Yorulmaz ve Veysel G\u00fcven kat\u0131lmad\u0131.<\/span><\/p>\n<p><span class=\"text-big\">Toplant\u0131n\u0131n a\u00e7\u0131l\u0131\u015f\u0131nda konu\u015fan Kapakl\u0131 Belediye Ba\u015fkan\u0131 Mustafa \u00c7etin, \u201cYava\u015f yava\u015f siyasi partilerimizin yerel se\u00e7imle ilgili takvimleri i\u015fitilmeye ba\u015fland\u0131. Hem il\u00e7emizde hem de ilimizde siyasi partilerimizin aday adaylar\u0131 m\u00fcracaatlar\u0131n\u0131 yap\u0131yor.\u00a0<\/span><\/p>\n<p><span class=\"text-big\">\u00d6ncelikle il\u00e7emize, ilimize ve \u00fclkemize hay\u0131rl\u0131 olmas\u0131n\u0131 diliyorum. Demokrasinin gere\u011fi. Huzurlu, s\u00fck\u00fbnetli bir se\u00e7im s\u00fcrecinin ge\u00e7mesini temenni ediyorum. Bug\u00fcn de alaca\u011f\u0131m\u0131z kararlar\u0131n il\u00e7emiz ve b\u00f6lgemiz ad\u0131na hay\u0131rl\u0131 olmas\u0131n\u0131 temenni ediyorum\u201d dedi.\u00a0<\/span><\/p>\n<p><span class=\"text-big\"><strong>AK PART\u0130\u2019DEN \u0130ST\u0130FA ETT\u0130<\/strong><\/span><\/p>\n<p><span class=\"text-big\">Sayg\u0131 duru\u015funda bulunulmas\u0131 ve \u0130stiklal Mar\u015f\u0131m\u0131z\u0131n okunmas\u0131n\u0131n ard\u0131ndan meclise ek olarak sunulan g\u00fcndem maddeleri okunarak g\u00fcndeme al\u0131n\u0131rken, soru \u00f6nergelerine yaz\u0131l\u0131 yan\u0131t verilece\u011fi belirtildi.\u00a0<\/span><\/p>\n<p><span class=\"text-big\">Toplant\u0131da Belediye Meclis \u00dcyesi Veysel G\u00fcven\u2019in AK Parti \u00fcyeli\u011finden istifa ederek, Cumhuriyet Halk Partisi \u00fcyesi oldu\u011fu, g\u00f6revine CHP meclis \u00fcyesi olarak devam edece\u011fi konusunda meclise bilgi verildi.\u00a0<\/span><\/p>\n<p><span class=\"text-big\"><strong>KOM\u0130SYONA HAVALE ED\u0130LD\u0130<\/strong><\/span><\/p>\n<p>\u00a0<\/p>\n<figure class=\"image\"><img decoding=\"async\" src=\"https:\/\/marmarahaber.com.tr\/resimler\/2023-12\/1\/769012125541556.webp\"\/><\/figure>\n<p><span class=\"text-big\">Toplant\u0131n\u0131n ilk g\u00fcndem maddesinde yer alan \u0130mar ve \u015eehircilik M\u00fcd\u00fcrl\u00fc\u011f\u00fc\u2019n\u00fcn Fatih Mahallesi 742 ada 4 parsel \u00f6n\u00fcnde ve \u00e7evresinde olu\u015fan isimsiz yollara isim verilmesi konusu oy birli\u011fiyle \u0130mar Komisyonu\u2019na havale edilmesinin ard\u0131ndan \u0130nsan Kaynaklar\u0131 ve E\u011fitim M\u00fcd\u00fcrl\u00fc\u011f\u00fc\u2019n\u00fcn Bo\u015f Kadro De\u011fi\u015fikli\u011fi konulu yaz\u0131s\u0131 oy birli\u011fiyle kabul edildi.\u00a0<\/span><\/p>\n<p><span class=\"text-big\">Emlak ve \u0130stimlak M\u00fcd\u00fcrl\u00fc\u011f\u00fc\u2019n\u00fcn Karaa\u011fa\u00e7 Mahallesi 326 ada 15 parselde bulunan belediye hissesinin hissedar\u0131na sat\u0131\u015f\u0131 konulu yaz\u0131n\u0131n oy birli\u011fiyle Plan ve B\u00fct\u00e7e Komisyonu\u2019na havale edilmesinin ard\u0131ndan Emlak ve \u0130stimlak M\u00fcd\u00fcrl\u00fc\u011f\u00fc\u2019n\u00fcn belediyeye ait Bah\u00e7elievler Mahallesi 2220 ada 1 parsel 81 metrekare ta\u015f\u0131nmaz\u0131n 4650 Say\u0131l\u0131 Kamula\u015ft\u0131rma Kanununda De\u011fi\u015fiklik Yap\u0131lmas\u0131 Hakk\u0131nda Kanun\u2019un 17. Maddesine g\u00f6re T\u00fcrkiye Elektrik \u0130leti\u015fim A.\u015e Genel M\u00fcd\u00fcrl\u00fc\u011f\u00fc\u2019ne bedelli devrinin yap\u0131lmas\u0131 konulu yaz\u0131s\u0131 g\u00f6r\u00fc\u015f\u00fclerek Plan ve B\u00fct\u00e7e Komisyonu\u2019na havale edildi.<\/span><\/p>\n<p><span class=\"text-big\"><strong>M\u00dcD\u00dcRL\u00dcKLERDEN GELEN YAZILAR G\u00d6R\u00dc\u015e\u00dcLD\u00dc<\/strong><\/span><\/p>\n<p><span class=\"text-big\">\u0130mar ve \u015eehircilik M\u00fcd\u00fcrl\u00fc\u011f\u00fc\u2019n\u00fcn Asans\u00f6r Periyodik Kontrol Y\u00f6netmeli\u011fi\u2019nin 8. Maddesinin 1 f\u0131kras\u0131na istinaden Yetkili Muayene kurulu\u015fu ile protokol imzalanmas\u0131 konulu yaz\u0131s\u0131n\u0131n oy birli\u011fiyle kabul edilmesinin ard\u0131ndan Park ve Bah\u00e7eler M\u00fcd\u00fcrl\u00fc\u011f\u00fc\u2019n\u00fcn Bah\u00e7ea\u011f\u0131l Mahallesi\u2019nde yap\u0131m\u0131 tamamlanan Park Alan\u0131na \u0130sim Verilmesi konulu yaz\u0131s\u0131 da oy birli\u011fiyle \u0130mar Komisyonu\u2019na havale edildi.\u00a0<\/span><\/p>\n<p><span class=\"text-big\">Emlak ve \u0130stimlak M\u00fcd\u00fcrl\u00fc\u011f\u00fc\u2019n\u00fcn Belediye Hisselerinin hissedarlara sat\u0131lmas\u0131 konulu yaz\u0131s\u0131n\u0131n oy birli\u011fiyle kabul edilmesinin ard\u0131ndan Mali Hizmetler M\u00fcd\u00fcrl\u00fc\u011f\u00fc\u2019n\u00fcn \u00d6denek Aktar\u0131m\u0131 konulu yaz\u0131s\u0131 da Plan ve B\u00fct\u00e7e Komisyonu\u2019na havale edildi.\u00a0<\/span><\/p>\n<p><span class=\"text-big\"><strong>H\u0130SSE SATI\u015eLARI OY B\u0130RL\u0130\u011e\u0130YLE KABUL ED\u0130LD\u0130<\/strong><\/span><\/p>\n<p><span class=\"text-big\">Kapakl\u0131 Belediyesi Personel A.\u015e. Genel Kurul toplant\u0131s\u0131na kat\u0131lmak ve oy kullanmak \u00fczere Kapakl\u0131 Belediye Ba\u015fkan\u0131 Mustafa \u00c7etin\u2019e yetki verilmesi konusunun oy birli\u011fiyle kabul edilmesinin ard\u0131ndan Kapakl\u0131 Kent Tar\u0131msal \u00dcr\u00fcnler \u00dcretim A.\u015e. Genel Kurul toplant\u0131s\u0131na kat\u0131lmak ve oy kullanmak \u00fczere Kapakl\u0131 Belediye Ba\u015fkan\u0131 Mustafa \u00c7etin\u2019e yetki verilmesi konusu da oy birli\u011fi ile kabul edildi.\u00a0<\/span><\/p>\n<p><span class=\"text-big\">1\/1000 \u00d6l\u00e7ekli Karaa\u011fa\u00e7 K\u00f6y \u0130\u00e7i ve Karaa\u011fa\u00e7 K\u00f6y \u0130\u00e7i \u0130lave Uygulama \u0130mar Plan\u0131 Revizyonu hakk\u0131ndaki g\u00fcndem maddesinin oy birli\u011fiyle \u0130mar Komisyonu\u2019na havale edilmesinin ard\u0131ndan muhtelif yerlerdeki belediye hissesinin hissedar\u0131na sat\u0131\u015f\u0131 konulu g\u00fcndem maddesi de oy birli\u011fiyle kabul edildi.\u00a0<\/span><\/p>\n<p><span class=\"text-big\">G\u00fcndem maddelerinin g\u00f6r\u00fc\u015f\u00fclmesinin ard\u0131ndan toplant\u0131 sona erdi. Aral\u0131k ay\u0131 ola\u011fan meclis toplant\u0131s\u0131n\u0131n ikinci oturumu 5 Aral\u0131k Sal\u0131 g\u00fcn\u00fc saat 14.00\u2019te yap\u0131lacak. \u00a0<\/span><\/p>\n<p><span class=\"text-big\"><strong>Haber \/ Buse AKIN<\/strong><\/span><br \/>\u00a0<\/p>\n<\/p><\/div>\n<p>[ad_2]<br \/>\n<br \/><a href=\"https:\/\/www.marmarahaber.com.tr\/haber\/kapakli_belediye_meclisi_aralik_ayi_toplantisini_yapti-86278.html\">Source link <\/a><\/p>\n","protected":false},"excerpt":{"rendered":"<p>[ad_1] \u00a0 Toplant\u0131ya mazeret bildiren Ziya Arslan, Serkan Gen\u00e7, Feyzullah Yorulmaz ve Veysel G\u00fcven kat\u0131lmad\u0131. Toplant\u0131n\u0131n a\u00e7\u0131l\u0131\u015f\u0131nda konu\u015fan Kapakl\u0131 Belediye Ba\u015fkan\u0131 Mustafa \u00c7etin, \u201cYava\u015f yava\u015f siyasi partilerimizin yerel se\u00e7imle ilgili takvimleri i\u015fitilmeye ba\u015fland\u0131. Hem il\u00e7emizde hem de ilimizde siyasi partilerimizin aday adaylar\u0131 m\u00fcracaatlar\u0131n\u0131 yap\u0131yor.\u00a0 \u00d6ncelikle il\u00e7emize, ilimize ve \u00fclkemize hay\u0131rl\u0131 olmas\u0131n\u0131 diliyorum. Demokrasinin gere\u011fi. Huzurlu, [&hellip;]<\/p>\n","protected":false},"author":1,"featured_media":3405,"comment_status":"open","ping_status":"open","sticky":false,"template":"","format":"standard","meta":{"footnotes":""},"categories":[10],"tags":[],"class_list":["post-3404","post","type-post","status-publish","format-standard","has-post-thumbnail","hentry","category-gundem"],"_links":{"self":[{"href":"https:\/\/habermarmaratv.com\/index.php\/wp-json\/wp\/v2\/posts\/3404","targetHints":{"allow":["GET"]}}],"collection":[{"href":"https:\/\/habermarmaratv.com\/index.php\/wp-json\/wp\/v2\/posts"}],"about":[{"href":"https:\/\/habermarmaratv.com\/index.php\/wp-json\/wp\/v2\/types\/post"}],"author":[{"embeddable":true,"href":"https:\/\/habermarmaratv.com\/index.php\/wp-json\/wp\/v2\/users\/1"}],"replies":[{"embeddable":true,"href":"https:\/\/habermarmaratv.com\/index.php\/wp-json\/wp\/v2\/comments?post=3404"}],"version-history":[{"count":0,"href":"https:\/\/habermarmaratv.com\/index.php\/wp-json\/wp\/v2\/posts\/3404\/revisions"}],"wp:featuredmedia":[{"embeddable":true,"href":"https:\/\/habermarmaratv.com\/index.php\/wp-json\/wp\/v2\/media\/3405"}],"wp:attachment":[{"href":"https:\/\/habermarmaratv.com\/index.php\/wp-json\/wp\/v2\/media?parent=3404"}],"wp:term":[{"taxonomy":"category","embeddable":true,"href":"https:\/\/habermarmaratv.com\/index.php\/wp-json\/wp\/v2\/categories?post=3404"},{"taxonomy":"post_tag","embeddable":true,"href":"https:\/\/habermarmaratv.com\/index.php\/wp-json\/wp\/v2\/tags?post=3404"}],"curies":[{"name":"wp","href":"https:\/\/api.w.org\/{rel}","templated":true}]}}