{"id":3402,"date":"2023-12-01T18:01:02","date_gmt":"2023-12-01T15:01:02","guid":{"rendered":"https:\/\/habermarmaratv.com\/index.php\/2023\/12\/01\/istihdamin-bugunu-ve-gelecegi-sempozyumu-yapildi\/"},"modified":"2023-12-01T18:01:02","modified_gmt":"2023-12-01T15:01:02","slug":"istihdamin-bugunu-ve-gelecegi-sempozyumu-yapildi","status":"publish","type":"post","link":"https:\/\/habermarmaratv.com\/index.php\/2023\/12\/01\/istihdamin-bugunu-ve-gelecegi-sempozyumu-yapildi\/","title":{"rendered":"\u0130stihdam\u0131n Bug\u00fcn\u00fc ve Gelece\u011fi Sempozyumu yap\u0131ld\u0131"},"content":{"rendered":"<p> [ad_1]<br \/>\n<\/p>\n<div id=\"detaymetin\">\n<p><span class=\"text-big\">\u00c7orlu Ticaret ve Sanayi Odas\u0131 Enis S\u00fcl\u00fcn Konferans Salonu&#8217;nda d\u00fczenlenen sempozyumda konu\u015fan Vali Yard\u0131mc\u0131s\u0131 Asalet Karabulut, istihdam\u0131n, ekonomik b\u00fcy\u00fcmeye ve refah d\u00fczeyinin artmas\u0131na katk\u0131da bulundu\u011funu s\u00f6yledi.\u00a0<\/span><\/p>\n<p><span class=\"text-big\">\u0130stihdam artt\u0131k\u00e7a, \u00fclkedeki n\u00fcfusun sat\u0131n alma g\u00fcc\u00fcn\u00fcn artt\u0131\u011f\u0131n\u0131 ifade eden Karabulut, &#8220;\u0130stihdam artt\u0131k\u00e7a daha fazla sat\u0131n alma g\u00fcc\u00fc, \u00fcretim ve ticaretin artmas\u0131n\u0131 sa\u011fl\u0131yor. \u0130stihdam\u0131n artmas\u0131yla, \u00fclkede daha fazla gelir elde ediliyor, \u00fclkede daha fazla harcama ve yat\u0131r\u0131m olana\u011f\u0131 olu\u015fuyor&#8221; dedi.<\/span><\/p>\n<p><span class=\"text-big\"><strong>\u201cTEK\u0130RDA\u011e, EN \u00c7OK TERC\u0130H ED\u0130LEN \u0130LLER ARASINDA\u201d<\/strong><\/span><\/p>\n<p><span class=\"text-big\">Karabulut, Tekirda\u011f&#8217;\u0131n ula\u015f\u0131m \u015fartlar\u0131n\u0131n geli\u015fmi\u015f olmas\u0131 ve Avrupa&#8217;ya ge\u00e7i\u015f g\u00fczergah\u0131nda yer almas\u0131ndan dolay\u0131 hem yerli hem de yabanc\u0131 sermayeli sanayi i\u015fletmeleri taraf\u0131ndan en \u00e7ok tercih edilen iller aras\u0131nda bulundu\u011funu belirtti.\u00a0<\/span><\/p>\n<p><span class=\"text-big\">\u0130\u015eKUR M\u00fcd\u00fcr\u00fc Ya\u015far Esen de program\u0131n Tekirda\u011f Nam\u0131k Kemal \u00dcniversitesi, \u0130l Milli E\u011fitim M\u00fcd\u00fcrl\u00fc\u011f\u00fc, Trakya Kalk\u0131nma Ajans\u0131 ve \u00c7orlu Ticaret Sanayi Odas\u0131 i\u015f birli\u011finde d\u00fczenlendi\u011fini aktard\u0131.<\/span><\/p>\n<p><span class=\"text-big\"><strong>\u201cB\u00d6LGEM\u0130Z EKONOM\u0130S\u0130NE VE \u0130\u015eG\u00dcC\u00dcNE \u00d6NEML\u0130 KATKI YAPACAK\u201d<\/strong><\/span><\/p>\n<p>\u00a0<\/p>\n<figure class=\"image\"><img decoding=\"async\" src=\"https:\/\/marmarahaber.com.tr\/resimler\/2023-12\/1\/1118751511932271.webp\"\/><\/figure>\n<p><span class=\"text-big\">Tekirda\u011f&#8217;\u0131n sanayi, tar\u0131m, turizm, hizmet ve in\u015faat sekt\u00f6rlerinde gelecek y\u0131llarda etkinli\u011fini daha da artt\u0131raca\u011f\u0131n\u0131 dile getiren Esen, \u015funlar\u0131 kaydetti: &#8220;\u0130stanbul&#8217;un yeniden yap\u0131land\u0131r\u0131lmas\u0131 kapsam\u0131nda Trakya&#8217;ya bu zamana kadar bir\u00e7ok i\u015fletme g\u00f6\u00e7\u00fc oldu.\u00a0<\/span><\/p>\n<p><span class=\"text-big\">Yeni gelecek firmalar\u0131n katma de\u011feri y\u00fcksek ihracata d\u00f6n\u00fck \u00fcr\u00fcnlere yat\u0131r\u0131m yapan ve deniz yolu ta\u015f\u0131mac\u0131l\u0131\u011f\u0131na uygun firmalardan se\u00e7ilmesi halinde b\u00f6lgemiz ekonomisine ve i\u015fg\u00fcc\u00fcne \u00f6nemli katk\u0131 yapacak. Tekirda\u011f&#8217;da 14 OSB, 1 Serbest B\u00f6lge mevcut. \u0130limizde 116 yabanc\u0131 sermayeli firman\u0131n, 123 tesisi bulunuyor.\u00a0<\/span><\/p>\n<p><span class=\"text-big\">En fazla 32 firmayla Almanya&#8217;n\u0131n birinci, 14 firmayla Hollanda&#8217;n\u0131n ikinci, 8 firmayla \u0130talya&#8217;n\u0131n \u00fc\u00e7\u00fcnc\u00fc s\u0131rada oldu\u011funu, toplam 31 \u00fclkenin firmas\u0131 kentte faaliyetlerini s\u00fcrd\u00fcr\u00fcyor&#8221; diye konu\u015ftu.\u00a0<\/span><\/p>\n<p><span class=\"text-big\">Nam\u0131k Kemal \u00dcniversitesi \u00d6\u011fretim \u00dcyesi Prof. Dr. \u00c7i\u011fdem Vatansever ve Pamukkale \u00dcniversitesi \u00d6\u011fretim \u00dcyesi Prof. Dr. O\u011fuz Karadeniz de sempozyumda sunum yapt\u0131. Programa, \u0130l Milli E\u011fitim M\u00fcd\u00fcrl\u00fc\u011f\u00fc Mesleki ve Teknik E\u011fitim \u015eube M\u00fcd\u00fcr\u00fc \u0130smail Y\u0131lmaz, oda ba\u015fkanlar\u0131, OSB temsilcileri, sanayiciler ve \u00f6\u011frenciler kat\u0131ld\u0131.<\/span><\/p>\n<p><span class=\"text-big\"><strong>Haber \/ Ebru C\u00dcN\u0130<\/strong><\/span><br \/>\u00a0<\/p>\n<\/p><\/div>\n<p>[ad_2]<br \/>\n<br \/><a href=\"https:\/\/www.marmarahaber.com.tr\/haber\/istihdamin_bugunu_ve_gelecegi_sempozyumu_yapildi-86279.html\">Source link <\/a><\/p>\n","protected":false},"excerpt":{"rendered":"<p>[ad_1] \u00c7orlu Ticaret ve Sanayi Odas\u0131 Enis S\u00fcl\u00fcn Konferans Salonu&#8217;nda d\u00fczenlenen sempozyumda konu\u015fan Vali Yard\u0131mc\u0131s\u0131 Asalet Karabulut, istihdam\u0131n, ekonomik b\u00fcy\u00fcmeye ve refah d\u00fczeyinin artmas\u0131na katk\u0131da bulundu\u011funu s\u00f6yledi.\u00a0 \u0130stihdam artt\u0131k\u00e7a, \u00fclkedeki n\u00fcfusun sat\u0131n alma g\u00fcc\u00fcn\u00fcn artt\u0131\u011f\u0131n\u0131 ifade eden Karabulut, &#8220;\u0130stihdam artt\u0131k\u00e7a daha fazla sat\u0131n alma g\u00fcc\u00fc, \u00fcretim ve ticaretin artmas\u0131n\u0131 sa\u011fl\u0131yor. \u0130stihdam\u0131n artmas\u0131yla, \u00fclkede daha fazla [&hellip;]<\/p>\n","protected":false},"author":1,"featured_media":3403,"comment_status":"open","ping_status":"open","sticky":false,"template":"","format":"standard","meta":{"footnotes":""},"categories":[10],"tags":[],"class_list":["post-3402","post","type-post","status-publish","format-standard","has-post-thumbnail","hentry","category-gundem"],"_links":{"self":[{"href":"https:\/\/habermarmaratv.com\/index.php\/wp-json\/wp\/v2\/posts\/3402","targetHints":{"allow":["GET"]}}],"collection":[{"href":"https:\/\/habermarmaratv.com\/index.php\/wp-json\/wp\/v2\/posts"}],"about":[{"href":"https:\/\/habermarmaratv.com\/index.php\/wp-json\/wp\/v2\/types\/post"}],"author":[{"embeddable":true,"href":"https:\/\/habermarmaratv.com\/index.php\/wp-json\/wp\/v2\/users\/1"}],"replies":[{"embeddable":true,"href":"https:\/\/habermarmaratv.com\/index.php\/wp-json\/wp\/v2\/comments?post=3402"}],"version-history":[{"count":0,"href":"https:\/\/habermarmaratv.com\/index.php\/wp-json\/wp\/v2\/posts\/3402\/revisions"}],"wp:featuredmedia":[{"embeddable":true,"href":"https:\/\/habermarmaratv.com\/index.php\/wp-json\/wp\/v2\/media\/3403"}],"wp:attachment":[{"href":"https:\/\/habermarmaratv.com\/index.php\/wp-json\/wp\/v2\/media?parent=3402"}],"wp:term":[{"taxonomy":"category","embeddable":true,"href":"https:\/\/habermarmaratv.com\/index.php\/wp-json\/wp\/v2\/categories?post=3402"},{"taxonomy":"post_tag","embeddable":true,"href":"https:\/\/habermarmaratv.com\/index.php\/wp-json\/wp\/v2\/tags?post=3402"}],"curies":[{"name":"wp","href":"https:\/\/api.w.org\/{rel}","templated":true}]}}