{"id":3400,"date":"2023-12-01T16:54:45","date_gmt":"2023-12-01T13:54:45","guid":{"rendered":"https:\/\/habermarmaratv.com\/index.php\/2023\/12\/01\/cerkezkoy-belediye-meclisi-toplandi-3\/"},"modified":"2023-12-01T16:54:45","modified_gmt":"2023-12-01T13:54:45","slug":"cerkezkoy-belediye-meclisi-toplandi-3","status":"publish","type":"post","link":"https:\/\/habermarmaratv.com\/index.php\/2023\/12\/01\/cerkezkoy-belediye-meclisi-toplandi-3\/","title":{"rendered":"\u00c7erkezk\u00f6y Belediye Meclisi topland\u0131"},"content":{"rendered":"<p> [ad_1]<br \/>\n<\/p>\n<div id=\"detaymetin\">\n<p>\u00a0<\/p>\n<p><span class=\"text-big\">Ge\u00e7ti\u011fimiz g\u00fcnlerde Tekirda\u011f B\u00fcy\u00fck\u015fehir Belediye Ba\u015fkan Aday Adayl\u0131\u011f\u0131n\u0131 a\u00e7\u0131klayan ve bu kapsamda saha ziyaretleri yapmak \u00fczere Muratl\u0131\u2019ya giden \u00c7erkezk\u00f6y Belediye Ba\u015fkan\u0131 Vahap Akay ile Meclis \u00dcyeleri Serdar \u00dcrkmez, \u00d6mer G\u00fcner ve Mahmut G\u00f6\u00e7mez\u2019in kat\u0131lmad\u0131\u011f\u0131 toplant\u0131da ilk olarak ek g\u00fcndem maddeleri g\u00f6r\u00fc\u015f\u00fcld\u00fc.\u00a0<\/span><\/p>\n<p><span class=\"text-big\"><strong>EK G\u00dcNDEM MADDELER\u0130 G\u00d6R\u00dc\u015e\u00dcLD\u00dc<\/strong><\/span><\/p>\n<p><span class=\"text-big\">\u0130stasyon Mahallesi 797 ada 36 nolu parselde bulunan 101,73 metrekarelik belediye hissesi, \u0130stasyon Mahallesi 797 ada 34 nolu parselde bulunan 101,68 metrekarelik belediye hissesi, K\u0131z\u0131lp\u0131nar Mahallesi 274 ada 15 nolu parselde bulunan 6 metrekarelik belediye hissesi, Velik\u00f6y Mahallesi 102 ada 14 nolu parselde bulunan 392,58 metrekarelik belediye hissesi, \u0130stasyon Mahallesi 788 \u00a0ada 19 nolu parselde bulunan 416,45 metrekarelik belediye hissesi, Velik\u00f6y Mahallesi 135 ada 7 parselde bulunan 80 metrekarelik belediye hissesi ve Fevzipa\u015fa Mahallesi 604 ada 13 nolu parselde bulunan 9,55 metrekarelik belediye hissesinin sat\u0131\u015f\u0131na ili\u015fkin ek g\u00fcndem maddesinin g\u00fcndeme al\u0131nmas\u0131n\u0131n ard\u0131ndan, \u0130stasyon Mahallesi, Gazi Mustafa Kemal Pa\u015fa Mahallesi \u00a0ve Frvzipa\u015fa Mahallesi\u2019nde bulunan Aile Sa\u011fl\u0131\u011f\u0131 Merkezlerinin kira art\u0131\u015f \u00a0bedellerinin yeniden belirlenmesi konulu ek g\u00fcndem maddesi ile K\u0131z\u0131lp\u0131nar Atat\u00fcrk Mahallesi 1\/100 \u00f6l\u00e7ekli \u00a0revizyon imar plan\u0131na yap\u0131lan itirazlarla ilgili el g\u00fcndem maddesi de g\u00fcndeme al\u0131nd\u0131.\u00a0<\/span><\/p>\n<p><span class=\"text-big\"><strong>YEN\u0130DEN KOM\u0130SYONA HAVALE ED\u0130LD\u0130<\/strong><\/span><\/p>\n<p><span class=\"text-big\">Toplant\u0131n\u0131n ilk g\u00fcndem maddesinde MHP Meclis \u00dcyesi Habip \u00c7elik\u2019in Kas\u0131m ay\u0131 meclis toplant\u0131s\u0131nda verdi\u011fi \u00f6nergede P\u0131nar\u00e7a Dere kenar\u0131ndaki parka isim verilmesi konusu g\u00f6r\u00fc\u015f\u00fclerek, s\u00f6z konusu g\u00fcndem maddesinin yeniden \u0130mar ve Bay\u0131nd\u0131rl\u0131k Komisyonu\u2019na havale edilmesine oy birli\u011fi ile kabul edildi.\u00a0<\/span><\/p>\n<p><span class=\"text-big\"><strong>\u201cKADINA \u015e\u0130DDET\u0130N HER T\u00dcRL\u00dcS\u00dcNE KAR\u015eIYIZ\u201d<\/strong><\/span><\/p>\n<p>\u00a0<\/p>\n<figure class=\"image\"><img decoding=\"async\" src=\"https:\/\/marmarahaber.com.tr\/resimler\/2023-12\/1\/77178106964767.webp\"\/><\/figure>\n<p><span class=\"text-big\">Toplant\u0131da s\u00f6z alan AK Partili Meclis \u00dcyesi Neziha Tem\u00fcr ile CHP\u2019li Meclis \u00dcyesi G\u00fclten Altay da 25 Kas\u0131m Kad\u0131na Y\u00f6nelik \u015eiddete Kar\u015f\u0131 Uluslararas\u0131 M\u00fccadele G\u00fcn\u00fc&#8217;ne de\u011finerek kad\u0131na y\u00f6nelik her t\u00fcrl\u00fc \u015fiddetin her zaman kar\u015f\u0131s\u0131nda olduklar\u0131n\u0131 vurgulad\u0131lar.\u00a0<\/span><\/p>\n<p><span class=\"text-big\"><strong>OY B\u0130RL\u0130\u011e\u0130 \u0130LE KABUL ED\u0130LD\u0130<\/strong><\/span><\/p>\n<p><span class=\"text-big\">G\u00fclten Altay\u2019\u0131n konu\u015fmas\u0131n\u0131n ard\u0131ndan toplant\u0131n\u0131n 2\u2019nci g\u00fcndem maddesinde de Sosyal Yard\u0131m \u0130\u015fleri M\u00fcd\u00fcrl\u00fc\u011f\u00fc\u2019n\u00fcn d\u00fc\u011f\u00fcn salonu \u00fccret tarifesinin belirlenmesi hakk\u0131ndaki yaz\u0131s\u0131 g\u00f6r\u00fc\u015f\u00fclerek, Tarife Komisyonu\u2019na havale edildi.\u00a0<\/span><\/p>\n<p><span class=\"text-big\">\u0130mar ve \u015eehircilik M\u00fcd\u00fcrl\u00fc\u011f\u00fc\u2019n\u00fcn \u00c7erkezk\u00f6y 3. Etap 2. K\u0131s\u0131m Revizyon Uygulama \u0130mar Plan\u0131na ili\u015fkin Uygulama \u0130mar Plan de\u011fi\u015fikli\u011fine y\u00f6nelik \u00c7evre, \u015eehircilik ve \u0130klim de\u011fi\u015fikli\u011fi Bakanl\u0131\u011f\u0131 inceleme raporu konulu yaz\u0131s\u0131n\u0131n g\u00f6r\u00fc\u015f\u00fclerek incelenmek \u00fczere \u0130mar ve Bay\u0131nd\u0131rl\u0131k Komisyonu\u2019na havale edilmesinin ard\u0131ndan Emlak ve \u0130stimlak M\u00fcd\u00fcrl\u00fc\u011f\u00fc\u2019n\u00fcn Velik\u00f6y Mahallesi 112 Acil Sa\u011fl\u0131k Hizmetleri \u0130stasyonu\u2019na yer tahsisi konusu g\u00f6r\u00fc\u015f\u00fclerek, yer tahsisi yap\u0131lmas\u0131 ve protokol yapmak \u00fczere \u00c7erkezk\u00f6y Belediye Ba\u015fkan\u0131 Vahap Akay\u2019a yetki verilmesi oy birli\u011fi ile kabul edildi.<\/span><\/p>\n<p><span class=\"text-big\"><strong>KOM\u0130SYONA HAVALE ED\u0130LD\u0130<\/strong><\/span><\/p>\n<p><span class=\"text-big\">7 adet belediye hissesinin sat\u0131\u015f\u0131na ili\u015fkin g\u00fcndem maddesi \u0130mar ve Bay\u0131nd\u0131rl\u0131k Komisyonu\u2019na havale edilirken, \u0130stasyon, Gazi Mustafa Kemal Pa\u015fa ve Fevzipa\u015fa Mahallelerinde bulunan Aile Sa\u011fl\u0131k Merkezlerinin kira art\u0131\u015flar\u0131n\u0131n yeniden belirlenmesi talebi de Plan ve B\u00fct\u00e7e Komisyonu\u2019na havale edildi.\u00a0<\/span><\/p>\n<p><span class=\"text-big\">K\u0131z\u0131lp\u0131nar Atat\u00fcrk Mahallesi 1\/1000 \u00f6l\u00e7ekli uygulama imar planlar\u0131na yap\u0131lan itirazlar\u0131n g\u00f6r\u00fc\u015f\u00fcl\u00fcp karara ba\u011flanmas\u0131 konulu g\u00fcndem maddesinin \u0130mar ve Bay\u0131nd\u0131rl\u0131k Komisyonu\u2019na havale edilmesinin ard\u0131ndan toplant\u0131 sona erdi.\u00a0<\/span><\/p>\n<p><span class=\"text-big\"><strong>MECL\u0130S \u00c7AR\u015eAMBA G\u00dcN\u00dc YEN\u0130DEN TOPLANACAK<\/strong><\/span><\/p>\n<p><span class=\"text-big\">Komisyonlara g\u00f6nderilen konular\u0131 g\u00f6r\u00fc\u015fmek \u00fczere Belediye Meclisi 6 Aral\u0131k \u00c7ar\u015famba g\u00fcn\u00fc saat 15.00\u2019da yeniden toplanacak.<\/span><\/p>\n<p><span class=\"text-big\"><strong>Haber \/ G\u00fclveren ALTUNO\u011eLU<\/strong><\/span><\/p>\n<\/p><\/div>\n<p>[ad_2]<br \/>\n<br \/><a href=\"https:\/\/www.marmarahaber.com.tr\/haber\/cerkezkoy_belediye_meclisi_toplandi_-86276.html\">Source link <\/a><\/p>\n","protected":false},"excerpt":{"rendered":"<p>[ad_1] \u00a0 Ge\u00e7ti\u011fimiz g\u00fcnlerde Tekirda\u011f B\u00fcy\u00fck\u015fehir Belediye Ba\u015fkan Aday Adayl\u0131\u011f\u0131n\u0131 a\u00e7\u0131klayan ve bu kapsamda saha ziyaretleri yapmak \u00fczere Muratl\u0131\u2019ya giden \u00c7erkezk\u00f6y Belediye Ba\u015fkan\u0131 Vahap Akay ile Meclis \u00dcyeleri Serdar \u00dcrkmez, \u00d6mer G\u00fcner ve Mahmut G\u00f6\u00e7mez\u2019in kat\u0131lmad\u0131\u011f\u0131 toplant\u0131da ilk olarak ek g\u00fcndem maddeleri g\u00f6r\u00fc\u015f\u00fcld\u00fc.\u00a0 EK G\u00dcNDEM MADDELER\u0130 G\u00d6R\u00dc\u015e\u00dcLD\u00dc \u0130stasyon Mahallesi 797 ada 36 nolu parselde bulunan [&hellip;]<\/p>\n","protected":false},"author":1,"featured_media":3401,"comment_status":"open","ping_status":"open","sticky":false,"template":"","format":"standard","meta":{"footnotes":""},"categories":[10],"tags":[],"class_list":["post-3400","post","type-post","status-publish","format-standard","has-post-thumbnail","hentry","category-gundem"],"_links":{"self":[{"href":"https:\/\/habermarmaratv.com\/index.php\/wp-json\/wp\/v2\/posts\/3400","targetHints":{"allow":["GET"]}}],"collection":[{"href":"https:\/\/habermarmaratv.com\/index.php\/wp-json\/wp\/v2\/posts"}],"about":[{"href":"https:\/\/habermarmaratv.com\/index.php\/wp-json\/wp\/v2\/types\/post"}],"author":[{"embeddable":true,"href":"https:\/\/habermarmaratv.com\/index.php\/wp-json\/wp\/v2\/users\/1"}],"replies":[{"embeddable":true,"href":"https:\/\/habermarmaratv.com\/index.php\/wp-json\/wp\/v2\/comments?post=3400"}],"version-history":[{"count":0,"href":"https:\/\/habermarmaratv.com\/index.php\/wp-json\/wp\/v2\/posts\/3400\/revisions"}],"wp:featuredmedia":[{"embeddable":true,"href":"https:\/\/habermarmaratv.com\/index.php\/wp-json\/wp\/v2\/media\/3401"}],"wp:attachment":[{"href":"https:\/\/habermarmaratv.com\/index.php\/wp-json\/wp\/v2\/media?parent=3400"}],"wp:term":[{"taxonomy":"category","embeddable":true,"href":"https:\/\/habermarmaratv.com\/index.php\/wp-json\/wp\/v2\/categories?post=3400"},{"taxonomy":"post_tag","embeddable":true,"href":"https:\/\/habermarmaratv.com\/index.php\/wp-json\/wp\/v2\/tags?post=3400"}],"curies":[{"name":"wp","href":"https:\/\/api.w.org\/{rel}","templated":true}]}}