{"id":3358,"date":"2023-11-30T18:22:12","date_gmt":"2023-11-30T15:22:12","guid":{"rendered":"https:\/\/habermarmaratv.com\/index.php\/2023\/11\/30\/borsa-yonetiminden-ticaret-ve-sanayi-odasina-ziyaret\/"},"modified":"2023-11-30T18:22:12","modified_gmt":"2023-11-30T15:22:12","slug":"borsa-yonetiminden-ticaret-ve-sanayi-odasina-ziyaret","status":"publish","type":"post","link":"https:\/\/habermarmaratv.com\/index.php\/2023\/11\/30\/borsa-yonetiminden-ticaret-ve-sanayi-odasina-ziyaret\/","title":{"rendered":"Borsa y\u00f6netiminden Ticaret ve Sanayi Odas\u0131\u2019na ziyaret"},"content":{"rendered":"<p> [ad_1]<br \/>\n<br \/><img decoding=\"async\" src=\"https:\/\/www.marmarahaber.com.tr\/resimler\/2023-11\/30\/925911604428814.webp\" \/><\/p>\n<div id=\"detaymetin\">\n<p>\u00a0<\/p>\n<p><span class=\"text-big\">Ke\u015fan Ticaret Borsas\u0131 Y\u00f6netim Kurulu Ba\u015fkan\u0131 Necmi Kaymaz, Meclis Ba\u015fkan\u0131 Kemalettin Uslu, Y\u00f6netim Kurulu Ba\u015fkan Yard\u0131mc\u0131lar\u0131 Erman Y\u00f6r\u00fck, Murat Orhun, Y\u00f6netim Kurulu \u00dcyesi Fahri Karag\u00f6z, Meclis \u00dcyeleri Ferdi Narl\u0131, Yi\u011fit Ceylan ile borsa \u00fcyeleri; K\u0131rklareli Ticaret K\u0131rklareli Ticaret ve Sanayi Odas\u0131 (K\u0131rklareli TSO) Y\u00f6netim Kurulu Ba\u015fkan\u0131 Soner Il\u0131k ve Ba\u015fkan Yard\u0131mc\u0131s\u0131 Serkan Keser taraf\u0131ndan kar\u015f\u0131land\u0131.\u00a0<\/span><\/p>\n<p><span class=\"text-big\"><strong>\u00c7ALI\u015eMALAR HAKKINDA B\u0130LG\u0130 VERD\u0130<\/strong><\/span><\/p>\n<p><span class=\"text-big\">K\u0131rklareli Ticaret ve Sanayi Odas\u0131 Y\u00f6netim Kurulu \u00dcyeleri Recep Bars ile Murat Acar, Meclis \u00dcyeleri Cengiz Al\u0131patar ile Ey\u00fcp Sultan \u015eenay\u2019\u0131n da yer ald\u0131\u011f\u0131 ziyarette K\u0131rklareli Ticaret ve Sanayi Odas\u0131 Y\u00f6netim Kurulu Ba\u015fkan\u0131 Soner Il\u0131k, K\u0131rklareli\u2019de ekonominin canlanmas\u0131 ve istihdam\u0131n artt\u0131r\u0131lmas\u0131 i\u00e7in yapt\u0131klar\u0131 \u00e7al\u0131\u015fmalar hakk\u0131nda bilgiler verdi.\u00a0<\/span><\/p>\n<p><span class=\"text-big\">Her zaman i\u015f birli\u011fi i\u00e7erisinde \u00e7e\u015fitli \u00e7al\u0131\u015fmalara imza atabileceklerini ifade eden Ke\u015fan Ticaret Borsas\u0131 Y\u00f6netim Kurulu Ba\u015fkan\u0131 Necmi Kaymaz, misafirperverliklerinden dolay\u0131 K\u0131rklareli Ticaret ve Sanayi Odas\u0131 Y\u00f6netim Kurulu Ba\u015fkan\u0131 Soner Il\u0131k\u2019a te\u015fekk\u00fcr etti. \u00a0<\/span><\/p>\n<p><span class=\"text-big\"><strong>Haber \/ Men\u015fure KARDE\u015e<\/strong><\/span><\/p>\n<\/p><\/div>\n<p>[ad_2]<br \/>\n<br \/><a href=\"https:\/\/www.marmarahaber.com.tr\/haber\/borsa_yonetiminden_ticaret_ve_sanayi_odasina_ziyaret-86260.html\">Source link <\/a><\/p>\n","protected":false},"excerpt":{"rendered":"<p>[ad_1] \u00a0 Ke\u015fan Ticaret Borsas\u0131 Y\u00f6netim Kurulu Ba\u015fkan\u0131 Necmi Kaymaz, Meclis Ba\u015fkan\u0131 Kemalettin Uslu, Y\u00f6netim Kurulu Ba\u015fkan Yard\u0131mc\u0131lar\u0131 Erman Y\u00f6r\u00fck, Murat Orhun, Y\u00f6netim Kurulu \u00dcyesi Fahri Karag\u00f6z, Meclis \u00dcyeleri Ferdi Narl\u0131, Yi\u011fit Ceylan ile borsa \u00fcyeleri; K\u0131rklareli Ticaret K\u0131rklareli Ticaret ve Sanayi Odas\u0131 (K\u0131rklareli TSO) Y\u00f6netim Kurulu Ba\u015fkan\u0131 Soner Il\u0131k ve Ba\u015fkan Yard\u0131mc\u0131s\u0131 Serkan Keser [&hellip;]<\/p>\n","protected":false},"author":1,"featured_media":3359,"comment_status":"open","ping_status":"open","sticky":false,"template":"","format":"standard","meta":{"footnotes":""},"categories":[10],"tags":[],"class_list":["post-3358","post","type-post","status-publish","format-standard","has-post-thumbnail","hentry","category-gundem"],"_links":{"self":[{"href":"https:\/\/habermarmaratv.com\/index.php\/wp-json\/wp\/v2\/posts\/3358","targetHints":{"allow":["GET"]}}],"collection":[{"href":"https:\/\/habermarmaratv.com\/index.php\/wp-json\/wp\/v2\/posts"}],"about":[{"href":"https:\/\/habermarmaratv.com\/index.php\/wp-json\/wp\/v2\/types\/post"}],"author":[{"embeddable":true,"href":"https:\/\/habermarmaratv.com\/index.php\/wp-json\/wp\/v2\/users\/1"}],"replies":[{"embeddable":true,"href":"https:\/\/habermarmaratv.com\/index.php\/wp-json\/wp\/v2\/comments?post=3358"}],"version-history":[{"count":0,"href":"https:\/\/habermarmaratv.com\/index.php\/wp-json\/wp\/v2\/posts\/3358\/revisions"}],"wp:featuredmedia":[{"embeddable":true,"href":"https:\/\/habermarmaratv.com\/index.php\/wp-json\/wp\/v2\/media\/3359"}],"wp:attachment":[{"href":"https:\/\/habermarmaratv.com\/index.php\/wp-json\/wp\/v2\/media?parent=3358"}],"wp:term":[{"taxonomy":"category","embeddable":true,"href":"https:\/\/habermarmaratv.com\/index.php\/wp-json\/wp\/v2\/categories?post=3358"},{"taxonomy":"post_tag","embeddable":true,"href":"https:\/\/habermarmaratv.com\/index.php\/wp-json\/wp\/v2\/tags?post=3358"}],"curies":[{"name":"wp","href":"https:\/\/api.w.org\/{rel}","templated":true}]}}