{"id":3274,"date":"2023-11-28T19:45:16","date_gmt":"2023-11-28T16:45:16","guid":{"rendered":"https:\/\/habermarmaratv.com\/index.php\/2023\/11\/28\/cerkezkoy-tsonun-ekim-ayi-geliri-6-milyon-790-bin-tl\/"},"modified":"2023-11-28T19:45:16","modified_gmt":"2023-11-28T16:45:16","slug":"cerkezkoy-tsonun-ekim-ayi-geliri-6-milyon-790-bin-tl","status":"publish","type":"post","link":"https:\/\/habermarmaratv.com\/index.php\/2023\/11\/28\/cerkezkoy-tsonun-ekim-ayi-geliri-6-milyon-790-bin-tl\/","title":{"rendered":"\u00c7erkezk\u00f6y TSO\u2019nun Ekim ay\u0131 geliri 6 milyon 790 bin TL"},"content":{"rendered":"<p> [ad_1]<br \/>\n<\/p>\n<div id=\"detaymetin\">\n<p>\u00a0<\/p>\n<p><span class=\"text-big\">Ekim ay\u0131 gelirinin 6 milyon 790 bin 244 lira, giderinin 1 milyon 109 bin 702 lira, kasa mevcudunun bin 218 lira, banka mevcudunun 14 milyon 932 bin 891 lira oldu\u011fu ifade edildi.<\/span><\/p>\n<p><span class=\"text-big\">\u00c7erkezk\u00f6y Ticaret ve Sanayi Odas\u0131 Meclis Toplant\u0131 Salonu\u2019nda Meclis Ba\u015fkan Yard\u0131mc\u0131s\u0131 Abdullah Sezgin ba\u015fkanl\u0131\u011f\u0131nda d\u00fcn saat 16.00\u2019da yap\u0131lan toplant\u0131, Sayg\u0131 Duru\u015funda bulunulmas\u0131 ve \u0130stiklal Mar\u015f\u0131m\u0131z\u0131n okunmas\u0131yla ba\u015flad\u0131.\u00a0<\/span><\/p>\n<p><span class=\"text-big\"><strong>KAVLAK\u2019IN YER\u0130NE KAYA SE\u00c7\u0130LD\u0130\u00a0<\/strong><\/span><\/p>\n<p><span class=\"text-big\">Toplant\u0131, Kas\u0131m ay\u0131 gelir gider, b\u00fct\u00e7e izleme raporlar\u0131 ve mizan\u0131n g\u00f6r\u00fc\u015f\u00fclmesiyle devam etti. Ekim ay\u0131 gelirinin 6 milyon 790 bin 244 TL, giderinin 1 milyon 109 bin 702 TL, kasa mevcudunun bin 218 lira, banka mevcudunun 14 milyon 932 bin 891 lira oldu\u011fu ifade edildi.\u00a0<\/span><\/p>\n<p><span class=\"text-big\">Ekim ay\u0131 gelir, gider ve mizan\u0131n ibra edilmesine oy birli\u011fiyle karar verildi. Daha sonra Ticareti Geli\u015ftirme Komisyonu\u2019ndan ayr\u0131lan Meclis \u00dcyesi G\u00f6khan Kavlak\u2019\u0131n yerine Meclis \u00dcyesi Turgay Kaya se\u00e7ildi. Bir sonraki g\u00fcndem maddesinde ise Ekim ay\u0131 i\u00e7erisinde yap\u0131lan yenilikler, lobicilik faaliyetleri, \u00fcyelere y\u00f6nelik etkinlikler hakk\u0131nda Genel Sekreter Se\u00e7kin Bayraktar taraf\u0131ndan meclis \u00fcyelerine bilgilendirme yap\u0131ld\u0131.\u00a0<\/span><\/p>\n<p><span class=\"text-big\"><strong>\u201cDESTEK \u0130ST\u0130YORUZ\u201d\u00a0<\/strong><\/span><\/p>\n<p>\u00a0<\/p>\n<figure class=\"image\"><img decoding=\"async\" src=\"https:\/\/marmarahaber.com.tr\/resimler\/2023-11\/28\/841661239710878.webp\"\/><\/figure>\n<p><span class=\"text-big\">Daha sonra 7. Konya Savunma Sanayi Tedarik\u00e7i Bulu\u015fmalar\u0131na kat\u0131lmak \u00fczere Konya\u2019ya giden \u00c7erkezk\u00f6y Ticaret ve Sanayi Odas\u0131 Ba\u015fkan\u0131 Ahmet \u00c7etin, izlenimlerini payla\u015ft\u0131. \u00c7etin, \u201cKonya Sanayi Odas\u0131\u2019n\u0131 ve Konya\u2019daki OSB\u2019leri gezdikten sonra i\u015ftah\u0131m daha da kabard\u0131. Hele hele savunma sanayine yap\u0131lan yat\u0131r\u0131mlar\u0131 g\u00f6rd\u00fck\u00e7e heyecan\u0131m artt\u0131.\u00a0<\/span><\/p>\n<p><span class=\"text-big\">Savunma sanayiinde bildiklerimiz net olarak s\u00f6yl\u00fcyorum buz da\u011f\u0131n\u0131n sadece g\u00f6r\u00fcnen k\u0131sm\u0131. \u015eahs\u0131m ad\u0131na s\u00f6yleyecek olursam \u00e7ok \u015fey bildi\u011fimi san\u0131yordum ama oradaki durumu g\u00f6r\u00fcnce hi\u00e7bir \u015fey bilmedi\u011fimi fark ettim. \u0130nan\u0131lmaz g\u00fczel i\u015fler yap\u0131lm\u0131\u015f ve savunma sanayinde bir\u00e7ok \u00fclkeye ihra\u00e7 etti\u011fimiz \u00fcr\u00fcnlerin orada sergilendi\u011fini g\u00f6rd\u00fcm.\u00a0<\/span><\/p>\n<p><span class=\"text-big\">Silah konusunda da ciddi anlamda ihracat yap\u0131l\u0131yor. Yine havac\u0131l\u0131k sekt\u00f6r\u00fcne yap\u0131lan yat\u0131r\u0131mlar var. S\u0130HA\u2019lar\u0131n da orada \u00fcretilip, ihracat\u0131n\u0131n yap\u0131ld\u0131\u011f\u0131n\u0131 \u00f6\u011frendim. \u00a0B\u00f6lgemizde yap\u0131labilirli\u011finin de fark\u0131nday\u0131m. G\u00fc\u00e7l\u00fc tedarik zincirinin kurulmas\u0131yla, geli\u015fen teknolojik \u00fcr\u00fcnlerinin yap\u0131lmas\u0131na olanak sa\u011flanmas\u0131yla beraber savunma sanayine daha fazla y\u00f6nelebiliriz.<\/span><\/p>\n<p><span class=\"text-big\">B\u00f6lgemizde hem ye\u015fil d\u00f6n\u00fc\u015f\u00fcme destek verecek hem dijital d\u00f6n\u00fc\u015f\u00fcme destek verecek hem de savunma sanayiinden gelen gelirle \u00fclke ekonomisine katk\u0131 sa\u011flayacak bir alana sahibiz. Sanayi k\u00fclt\u00fcr\u00fc var, sadece ve sadece b\u00fcy\u00fck sanayicilerin biraz daha tedarik zincirlerini burada kurup geli\u015ftirmeleri konusunda deste\u011fe ihtiyac\u0131n\u0131n oldu\u011funu biliyorum.\u00a0<\/span><\/p>\n<p><span class=\"text-big\">Bu konuda neler yap\u0131labilece\u011fiyle ilgili en k\u0131sa s\u00fcrece \u00e7al\u0131\u015ftay d\u00fczenlenmesi gerekiyor. Destek istiyoruz\u201d diye konu\u015ftu.\u00a0<\/span><\/p>\n<p><span class=\"text-big\"><strong>\u201cTAK\u0130P\u00c7\u0130S\u0130 OLACA\u011eIZ\u201d\u00a0<\/strong><\/span><\/p>\n<p>\u00a0<\/p>\n<figure class=\"image\"><img decoding=\"async\" src=\"https:\/\/marmarahaber.com.tr\/resimler\/2023-11\/28\/31254509275816.webp\"\/><\/figure>\n<p><span class=\"text-big\">Meclis \u00fcyesi Saim Buyruk da Konya\u2019y\u0131 gelece\u011fin \u015fehri olarak g\u00f6rd\u00fcklerini belirterek, \u201cKonya t\u00fcm sekt\u00f6rlerde geli\u015fen, enteresan bir \u015fehir. Konya, savunma sanayiinde daha da geli\u015fecek. Bizim burada da yava\u015f yava\u015f olu\u015fum oluyor\u201d dedi. Buyruk\u2019un ard\u0131ndan konu\u015fan \u00c7etin ise \u201cSavunma sanayini kurduktan sonra bunun takip\u00e7isi olaca\u011f\u0131z.\u00a0<\/span><\/p>\n<p><span class=\"text-big\">\u015eu anda da zaten savunma sanayiine \u00e7al\u0131\u015fan firmalar\u0131m\u0131z var. Gurur verici bir olay\u201d dedi. Toplant\u0131n\u0131n dilek ve temenniler k\u0131sm\u0131nda konu\u015fan Meclis \u00dcyesi gazeteci \u015eaban Karde\u015f, \u201c Ben her meclis toplant\u0131s\u0131nda dile getirilmesini istiyorum. Bug\u00fcn bir foto\u011fraf g\u00f6rd\u00fcm, birka\u00e7 g\u00fcn sonra payla\u015faca\u011f\u0131m.\u00a0<\/span><\/p>\n<p><span class=\"text-big\">Bug\u00fcn Kaymakaml\u0131\u011f\u0131n otoket \u00e7izimini PDF format\u0131na \u00e7evirdik. O foto\u011fraf beni heyecanland\u0131rd\u0131 \u00e7\u00fcnk\u00fc o foto\u011frafta \u00c7erkezk\u00f6y Kaymakaml\u0131\u011f\u0131 yaz\u0131yor ama \u00c7erkezk\u00f6y Valili\u011fi de yazabilir. Dolay\u0131s\u0131yla \u00c7erkezk\u00f6y\u2019\u00fcn il olmas\u0131 konusundaki \u00e7al\u0131\u015fmalar bu a\u015famada geri kalm\u0131\u015f de\u011fil. Siyaset h\u0131zl\u0131, aday adayl\u0131\u011f\u0131 s\u00fcreci var, yerel se\u00e7im s\u00fcreci yakla\u015f\u0131yor.\u00a0<\/span><\/p>\n<p><span class=\"text-big\">B\u00fct\u00fcn bu konu\u015fmalar\u0131n \u0131\u015f\u0131\u011f\u0131nda ben \u015funu g\u00f6r\u00fcyorum; \u00c7erkezk\u00f6y il olacak il\u00e7eler aras\u0131nda ger\u00e7ekten ilk 3\u2019te. Buna inanman\u0131z\u0131 ve \u00e7al\u0131\u015fmalar\u0131n devam etmesini diliyorum. \u00d6n\u00fcm\u00fczdeki hafta da in\u015fallah \u2018\u00c7erkezk\u00f6y \u0130l Olmal\u0131 \u00c7\u00fcnk\u00fc\u2019 isimli program\u0131m\u0131zda \u00c7erkezk\u00f6y Ticaret ve Sanayi Odas\u0131 Y\u00f6netim Kurulu Ba\u015fkan\u0131m\u0131z Say\u0131n Ahmet \u00c7etin\u2019i konuk edece\u011fiz\u201d dedi.\u00a0<\/span><\/p>\n<p><span class=\"text-big\"><strong>\u201cG\u00d6RD\u00dc\u011e\u00dcN\u00dcZ, DUYDU\u011eUNUZ YEN\u0130L\u0130KLER\u0130 PAYLA\u015eIN\u201d\u00a0<\/strong><\/span><\/p>\n<p><span class=\"text-big\">\u00c7erkezk\u00f6y\u2019deki firmalar\u0131n ara eleman de\u011fil eleman bulmakta s\u0131k\u0131nt\u0131 \u00e7ekti\u011fini ifade eden Karde\u015f, \u201cBizim mutlaka nesil yeti\u015ftirmemiz laz\u0131m. \u00c7erkezk\u00f6y\u2019\u00fcn il olaca\u011f\u0131na dair y\u00fcrekten inanc\u0131m\u0131 yinelemek istiyorum. B\u00fct\u00fcn meclis \u00fcyelerimizin de bu konuyu her platformda dillendirmesini istiyorum\u201d dedi.\u00a0<\/span><\/p>\n<p><span class=\"text-big\">Karde\u015f\u2019in ard\u0131ndan konu\u015fan Ba\u015fkan \u00c7etin, \u201cG\u00f6rd\u00fc\u011f\u00fcn\u00fcz, duydu\u011funuz b\u00fct\u00fcn yenilikleri ne olursa olsun payla\u015fman\u0131z\u0131 rica ediyorum. Neleri iyi yapabiliriz diye isti\u015farelerde bulunal\u0131m, bir araya gelip konu\u015fal\u0131m.\u00a0<\/span><\/p>\n<p><span class=\"text-big\">\u00c7erkezk\u00f6y Ticaret ve Sanayi Odas\u0131 Meclisi\u2019nden 4 ki\u015fi Belediye Ba\u015fkan Aday Aday\u0131 oldu. Bu arkada\u015flar\u0131m\u0131zdan aday \u00e7\u0131kan olursa \u00c7erkezk\u00f6y\u2019\u00fcn il olmamas\u0131 i\u00e7in hi\u00e7bir neden kalmayacak\u201d dedi.\u00a0<\/span><\/p>\n<p><span class=\"text-big\"><strong>Haber \/ \u0130rem BAN\u00c7O<\/strong><\/span><\/p>\n<p>\u00a0<\/p>\n<\/p><\/div>\n<p>[ad_2]<br \/>\n<br \/><a href=\"https:\/\/www.marmarahaber.com.tr\/haber\/cerkezkoy_tsonun_ekim_ayi_geliri_6_milyon_790_bin_tl_-86221.html\">Source link <\/a><\/p>\n","protected":false},"excerpt":{"rendered":"<p>[ad_1] \u00a0 Ekim ay\u0131 gelirinin 6 milyon 790 bin 244 lira, giderinin 1 milyon 109 bin 702 lira, kasa mevcudunun bin 218 lira, banka mevcudunun 14 milyon 932 bin 891 lira oldu\u011fu ifade edildi. \u00c7erkezk\u00f6y Ticaret ve Sanayi Odas\u0131 Meclis Toplant\u0131 Salonu\u2019nda Meclis Ba\u015fkan Yard\u0131mc\u0131s\u0131 Abdullah Sezgin ba\u015fkanl\u0131\u011f\u0131nda d\u00fcn saat 16.00\u2019da yap\u0131lan toplant\u0131, Sayg\u0131 Duru\u015funda [&hellip;]<\/p>\n","protected":false},"author":1,"featured_media":3275,"comment_status":"open","ping_status":"open","sticky":false,"template":"","format":"standard","meta":{"footnotes":""},"categories":[10],"tags":[],"class_list":["post-3274","post","type-post","status-publish","format-standard","has-post-thumbnail","hentry","category-gundem"],"_links":{"self":[{"href":"https:\/\/habermarmaratv.com\/index.php\/wp-json\/wp\/v2\/posts\/3274","targetHints":{"allow":["GET"]}}],"collection":[{"href":"https:\/\/habermarmaratv.com\/index.php\/wp-json\/wp\/v2\/posts"}],"about":[{"href":"https:\/\/habermarmaratv.com\/index.php\/wp-json\/wp\/v2\/types\/post"}],"author":[{"embeddable":true,"href":"https:\/\/habermarmaratv.com\/index.php\/wp-json\/wp\/v2\/users\/1"}],"replies":[{"embeddable":true,"href":"https:\/\/habermarmaratv.com\/index.php\/wp-json\/wp\/v2\/comments?post=3274"}],"version-history":[{"count":0,"href":"https:\/\/habermarmaratv.com\/index.php\/wp-json\/wp\/v2\/posts\/3274\/revisions"}],"wp:featuredmedia":[{"embeddable":true,"href":"https:\/\/habermarmaratv.com\/index.php\/wp-json\/wp\/v2\/media\/3275"}],"wp:attachment":[{"href":"https:\/\/habermarmaratv.com\/index.php\/wp-json\/wp\/v2\/media?parent=3274"}],"wp:term":[{"taxonomy":"category","embeddable":true,"href":"https:\/\/habermarmaratv.com\/index.php\/wp-json\/wp\/v2\/categories?post=3274"},{"taxonomy":"post_tag","embeddable":true,"href":"https:\/\/habermarmaratv.com\/index.php\/wp-json\/wp\/v2\/tags?post=3274"}],"curies":[{"name":"wp","href":"https:\/\/api.w.org\/{rel}","templated":true}]}}