{"id":2836,"date":"2023-11-20T01:15:27","date_gmt":"2023-11-19T22:15:27","guid":{"rendered":"https:\/\/habermarmaratv.com\/index.php\/2023\/11\/20\/buyuksehirden-sarkoye-40-milyon-tllik-yatirim\/"},"modified":"2023-11-20T01:15:27","modified_gmt":"2023-11-19T22:15:27","slug":"buyuksehirden-sarkoye-40-milyon-tllik-yatirim","status":"publish","type":"post","link":"https:\/\/habermarmaratv.com\/index.php\/2023\/11\/20\/buyuksehirden-sarkoye-40-milyon-tllik-yatirim\/","title":{"rendered":"B\u00fcy\u00fck\u015fehir\u2019den \u015eark\u00f6y\u2019e 40 milyon TL\u2019lik yat\u0131r\u0131m"},"content":{"rendered":"<p> [ad_1]<br \/>\n<\/p>\n<div id=\"detaymetin\">\n<p>\u00a0<\/p>\n<p><span class=\"text-big\">Tekirda\u011f B\u00fcy\u00fck\u015fehir Belediyesi ve ba\u011fl\u0131 kurulu\u015fu TESK\u0130 taraf\u0131ndan \u015eark\u00f6y\u2019de 40 milyon TL\u2019lik yat\u0131r\u0131m bedeliyle yap\u0131lacak olan Cemal \u00d6zkan Caddesi ve ba\u011flant\u0131l\u0131 sokaklar\u0131nda Ya\u011fmur Suyu \u0130n\u015faat\u0131, K\u0131smi Kanalizasyon ve \u0130\u00e7me Suyu \u0130n\u015faatlar\u0131 Yap\u0131m \u0130\u015finin temeli at\u0131ld\u0131.<\/span><\/p>\n<p><span class=\"text-big\">Temel atma t\u00f6reninde konu\u015fan Tekirda\u011f B\u00fcy\u00fck\u015fehir Belediye Ba\u015fkan\u0131 Kadir Albayrak, 17 Kas\u0131m \u015eark\u00f6y\u2019\u00fcn Kurtulu\u015f Bayram\u0131\u2019nda \u00f6nemli bir projenin temelini att\u0131klar\u0131 i\u00e7in mutlu olduklar\u0131n\u0131 belirtti.\u00a0<\/span><\/p>\n<p><span class=\"text-big\"><strong>\u201cALTYAPININ G\u00dc\u00c7LEND\u0130R\u0130LMES\u0130N\u0130 ZORUNLU HALE GET\u0130R\u0130YOR\u201d<\/strong><\/span><\/p>\n<p><span class=\"text-big\">\u015eark\u00f6y\u2019de bir b\u00fcy\u00fck projeyi daha ba\u015flatm\u0131\u015f olman\u0131n mutlulu\u011fu i\u00e7erisinde olduklar\u0131n\u0131 s\u00f6yleyen Albayrak, \u201cH\u0131zla b\u00fcy\u00fcyen ve geli\u015fen g\u00fczel \u015eark\u00f6y\u2019\u00fcm\u00fcz\u00fcn altyap\u0131 hizmetlerine olan ihtiyac\u0131 her ge\u00e7en y\u0131l art\u0131yor. K\u00fcresel iklim de\u011fi\u015fikli\u011fi h\u00fccresel ya\u011f\u0131\u015flar\u0131n yo\u011funlu\u011funu daha da artt\u0131r\u0131yor. Bu durum altyap\u0131n\u0131n g\u00fc\u00e7lendirilmesini zorunlu hale getiriyor.\u00a0<\/span><\/p>\n<p><span class=\"text-big\">Yapm\u0131\u015f oldu\u011fumuz teknik analizler sonucunda Cemal \u00d6zkan Caddesi\u2019ne 23 bin metrekarelik havzadan; Atat\u00fcrk Caddesi\u2019ne 211 bin metrekarelik havzadan ya\u011fmur suyu ak\u0131\u015f\u0131 meydana geldi\u011fini tespit ettik.\u00a0<\/span><\/p>\n<p><span class=\"text-big\">A\u015famal\u0131 olarak ger\u00e7ekle\u015ftirece\u011fimiz \u00e7al\u0131\u015fmalar sonucunda Cemal \u00d6zkan Caddesi ve bu caddeye ba\u011fl\u0131 sokaklara ya\u011fmur suyu hatlar\u0131 yapaca\u011f\u0131z. Bu kapsamda 40 santimetre ile 140 santimetre aras\u0131nda \u00e7e\u015fitli \u00e7aplarda borular d\u00f6\u015feyece\u011fiz ve mazgallar yapaca\u011f\u0131z\u201d dedi.\u00a0<\/span><\/p>\n<p><span class=\"text-big\"><strong>\u201cH\u0130ZMETLER\u0130M\u0130Z ARTARAK DEVAM EDECEK\u201d<\/strong><\/span><\/p>\n<p>\u00a0<\/p>\n<figure class=\"image\"><img decoding=\"async\" src=\"https:\/\/marmarahaber.com.tr\/resimler\/2023-11\/19\/714792079296269.webp\"\/><\/figure>\n<p><span class=\"text-big\">\u00c7al\u0131\u015fmalar tamamland\u0131\u011f\u0131nda 309 metre menfez, 2 bin 245 metre ya\u011fmur suyu hatt\u0131, 1.495 metre kanalizasyon hatt\u0131 ve 1.650 metre i\u00e7me suyu hatt\u0131 yapm\u0131\u015f olacaklar\u0131n\u0131 dile getiren Albayrak, \u201c40 milyon TL yat\u0131r\u0131m bedelli bu projeyi 2024 y\u0131l\u0131 Nisan ay\u0131na kadar tamamlamay\u0131 hedefliyoruz.\u00a0<\/span><\/p>\n<p><span class=\"text-big\">Projemiz tamamland\u0131\u011f\u0131nda bu b\u00f6lgede ya\u015fayan vatanda\u015flar\u0131m\u0131z daha kaliteli i\u00e7me suyu ve kanalizasyon hizmetine kavu\u015facak. Ayr\u0131ca yeni yapaca\u011f\u0131m\u0131z ya\u011fmur suyu hatlar\u0131yla, ya\u011f\u0131\u015flar esnas\u0131nda olu\u015fan y\u00fczeysel ak\u0131nt\u0131lar\u0131n \u00e7ok b\u00fcy\u00fck \u00f6l\u00e7\u00fcde azalaca\u011f\u0131n\u0131 \u00f6ng\u00f6r\u00fcyoruz.\u00a0<\/span><\/p>\n<p><span class=\"text-big\">A\u00e7\u0131l\u0131\u015f t\u00f6renimizde de yeniden bir araya gelebilmek \u00fcmidiyle bu hizmetimizin hay\u0131rl\u0131 olmas\u0131n\u0131 diliyorum. \u015eark\u00f6y\u2019e y\u00f6nelik hizmetlerimiz artarak devam edecek\u201d ifadelerini kulland\u0131.\u00a0<\/span><\/p>\n<p><span class=\"text-big\"><strong>EME\u011e\u0130 GE\u00c7ENLERE TE\u015eEKK\u00dcR ETT\u0130LER<\/strong><\/span><\/p>\n<p><span class=\"text-big\">TESK\u0130 Genel M\u00fcd\u00fcr\u00fc Turhan Toprak da yapt\u0131\u011f\u0131 konu\u015fmada proje ile ilgili teknik bilgiler verdi. CHP Tekirda\u011f Milletvekili Nurten Yontar ve \u015eark\u00f6y Belediyesi Ba\u015fkan Vekili Nafiz Sel\u00e7uk G\u00fcvenilir de birer konu\u015fma yaparak proje i\u00e7in ba\u015fta Ba\u015fkan Kadir Albayrak olmak \u00fczere eme\u011fi ge\u00e7en herkese te\u015fekk\u00fcr ettiler.<\/span><\/p>\n<p><span class=\"text-big\"><strong>YATIRIM BEDEL\u0130 40 M\u0130LYON TL<\/strong><\/span><\/p>\n<p>\u00a0<\/p>\n<figure class=\"image\"><img decoding=\"async\" src=\"https:\/\/marmarahaber.com.tr\/resimler\/2023-11\/19\/7658884134050.webp\"\/><\/figure>\n<p><span class=\"text-big\">Tekirda\u011f B\u00fcy\u00fck\u015fehir Belediyesi\u2019nden yap\u0131lan a\u00e7\u0131klamada da \u201c40 milyon TL yat\u0131r\u0131m bedeliyle 2024 y\u0131l\u0131 Nisan ay\u0131na kadar tamamlanmas\u0131 planlanan proje kapsam\u0131nda bahse konu Cemal \u00d6zkan Caddesi ve ba\u011flant\u0131l\u0131 sokaklarda 309 metre menfez, 2 bin 245 metre ya\u011fmur suyu hatt\u0131, 1.495 metre kanalizasyon hatt\u0131 ve 1.650 metre i\u00e7me suyu hatt\u0131 imalat\u0131 yap\u0131lacak. Proje tamamland\u0131\u011f\u0131nda b\u00f6lgede ya\u015fayan vatanda\u015flar daha kaliteli i\u00e7me suyu ve kanalizasyon hizmetine kavu\u015fmu\u015f olacak\u201d denildi.\u00a0<\/span><\/p>\n<p><span class=\"text-big\"><strong>Haber \/ Buse AKIN<\/strong><\/span><br \/>\u00a0<\/p>\n<\/p><\/div>\n<p>[ad_2]<br \/>\n<br \/><a href=\"https:\/\/www.marmarahaber.com.tr\/haber\/buyuksehirden_sarkoye_40_milyon_tllik_yatirim-86069.html\">Source link <\/a><\/p>\n","protected":false},"excerpt":{"rendered":"<p>[ad_1] \u00a0 Tekirda\u011f B\u00fcy\u00fck\u015fehir Belediyesi ve ba\u011fl\u0131 kurulu\u015fu TESK\u0130 taraf\u0131ndan \u015eark\u00f6y\u2019de 40 milyon TL\u2019lik yat\u0131r\u0131m bedeliyle yap\u0131lacak olan Cemal \u00d6zkan Caddesi ve ba\u011flant\u0131l\u0131 sokaklar\u0131nda Ya\u011fmur Suyu \u0130n\u015faat\u0131, K\u0131smi Kanalizasyon ve \u0130\u00e7me Suyu \u0130n\u015faatlar\u0131 Yap\u0131m \u0130\u015finin temeli at\u0131ld\u0131. Temel atma t\u00f6reninde konu\u015fan Tekirda\u011f B\u00fcy\u00fck\u015fehir Belediye Ba\u015fkan\u0131 Kadir Albayrak, 17 Kas\u0131m \u015eark\u00f6y\u2019\u00fcn Kurtulu\u015f Bayram\u0131\u2019nda \u00f6nemli bir projenin [&hellip;]<\/p>\n","protected":false},"author":1,"featured_media":2837,"comment_status":"open","ping_status":"open","sticky":false,"template":"","format":"standard","meta":{"footnotes":""},"categories":[10],"tags":[],"class_list":["post-2836","post","type-post","status-publish","format-standard","has-post-thumbnail","hentry","category-gundem"],"_links":{"self":[{"href":"https:\/\/habermarmaratv.com\/index.php\/wp-json\/wp\/v2\/posts\/2836","targetHints":{"allow":["GET"]}}],"collection":[{"href":"https:\/\/habermarmaratv.com\/index.php\/wp-json\/wp\/v2\/posts"}],"about":[{"href":"https:\/\/habermarmaratv.com\/index.php\/wp-json\/wp\/v2\/types\/post"}],"author":[{"embeddable":true,"href":"https:\/\/habermarmaratv.com\/index.php\/wp-json\/wp\/v2\/users\/1"}],"replies":[{"embeddable":true,"href":"https:\/\/habermarmaratv.com\/index.php\/wp-json\/wp\/v2\/comments?post=2836"}],"version-history":[{"count":0,"href":"https:\/\/habermarmaratv.com\/index.php\/wp-json\/wp\/v2\/posts\/2836\/revisions"}],"wp:featuredmedia":[{"embeddable":true,"href":"https:\/\/habermarmaratv.com\/index.php\/wp-json\/wp\/v2\/media\/2837"}],"wp:attachment":[{"href":"https:\/\/habermarmaratv.com\/index.php\/wp-json\/wp\/v2\/media?parent=2836"}],"wp:term":[{"taxonomy":"category","embeddable":true,"href":"https:\/\/habermarmaratv.com\/index.php\/wp-json\/wp\/v2\/categories?post=2836"},{"taxonomy":"post_tag","embeddable":true,"href":"https:\/\/habermarmaratv.com\/index.php\/wp-json\/wp\/v2\/tags?post=2836"}],"curies":[{"name":"wp","href":"https:\/\/api.w.org\/{rel}","templated":true}]}}