{"id":2832,"date":"2023-11-19T23:04:39","date_gmt":"2023-11-19T20:04:39","guid":{"rendered":"https:\/\/habermarmaratv.com\/index.php\/2023\/11\/19\/bakan-kacir-kirklareli-osb-toplu-acilis-torenine-katildi\/"},"modified":"2023-11-19T23:04:39","modified_gmt":"2023-11-19T20:04:39","slug":"bakan-kacir-kirklareli-osb-toplu-acilis-torenine-katildi","status":"publish","type":"post","link":"https:\/\/habermarmaratv.com\/index.php\/2023\/11\/19\/bakan-kacir-kirklareli-osb-toplu-acilis-torenine-katildi\/","title":{"rendered":"Bakan Kac\u0131r, K\u0131rklareli OSB Toplu A\u00e7\u0131l\u0131\u015f T\u00f6renine kat\u0131ld\u0131"},"content":{"rendered":"<p> [ad_1]<br \/>\n<\/p>\n<div id=\"detaymetin\">\n<p>\u00a0<\/p>\n<p><span class=\"text-big\">T\u00f6rene kendi kulland\u0131\u011f\u0131 TOGG ile gelen Bakan Kac\u0131r, t\u00f6rende yapt\u0131\u011f\u0131 konu\u015fmada, a\u00e7\u0131l\u0131\u015f\u0131 ger\u00e7ekle\u015ftirilecek 19 fabrikan\u0131n, 10,6 milyar liradan fazla yat\u0131r\u0131mla K\u0131rklareli&#8217;ne ve T\u00fcrkiye&#8217;ye de\u011fer kataca\u011f\u0131n\u0131 s\u00f6yledi.<\/span><\/p>\n<p><span class=\"text-big\"><strong>\u201c4 B\u0130N 300&#8217;DEN FAZLA VATANDA\u015eA \u0130\u015e \u0130MKANI SUNACAK\u201d<\/strong><\/span><\/p>\n<p>\u00a0<\/p>\n<figure class=\"image\"><img decoding=\"async\" src=\"https:\/\/marmarahaber.com.tr\/resimler\/2023-11\/19\/46874404516944.webp\"\/><\/figure>\n<p><span class=\"text-big\">Fabrikalar\u0131n 4 bin 300&#8217;den fazla vatanda\u015fa i\u015f imkan\u0131 sunaca\u011f\u0131n\u0131 dile getiren Kac\u0131r, \u201cBu fabrikalarda \u00fcretilen \u00fcr\u00fcnler sadece i\u00e7 piyasaya sunulmakla kalmayacak, ihracatla da ekonomimize katk\u0131 sa\u011flayacak\u201d dedi. 60 y\u0131ld\u0131r ba\u015far\u0131 ile s\u00fcrd\u00fcr\u00fclen organize sanayi b\u00f6lgesi modeli ile OSB&#8217;lerin ortak altyap\u0131lar\u0131, \u00e7evreci yakla\u015f\u0131mlar\u0131 ve tedarik zincirinde olu\u015fturduklar\u0131 verimlilikle \u00fclke sanayisine hizmet etti\u011fini aktaran Kac\u0131r, \u201cOSB&#8217;ler firmalar\u0131m\u0131z\u0131n k\u00fcmelenmesini sa\u011flayarak firmalar\u0131m\u0131za i\u015f birli\u011fi k\u00fclt\u00fcr\u00fcn\u00fc a\u015f\u0131l\u0131yor, &#8216;Milli Teknoloji G\u00fc\u00e7l\u00fc Sanayi&#8217; vizyonumuzda \u00f6nc\u00fc rol \u00fcstleniyor.\u00a0<\/span><\/p>\n<p><span class=\"text-big\">Bu bilin\u00e7le, 2002 y\u0131l\u0131nda \u00fclkemizde 192 OSB kuruluyken, son 21 y\u0131lda \u00fclkemize 161 OSB daha kazand\u0131rd\u0131k. OSB&#8217;lerimizde \u00e7al\u0131\u015fan say\u0131s\u0131 da 5 kat artarak 2,5 milyona y\u00fckseldi. Bug\u00fcn geldi\u011fimiz noktada 353 OSB ile art\u0131k OSB&#8217;si olmayan ilimiz kalmad\u0131. \u0130n\u015fa etti\u011fimiz bu g\u00fc\u00e7l\u00fc \u00fcretim altyap\u0131s\u0131 ile birlikte ticari ara\u00e7 \u00fcretiminde Avrupa lideriyiz. Askeri insans\u0131z hava arac\u0131 \u00fcretiminde d\u00fcnya lideriyiz.\u00a0<\/span><\/p>\n<p>\u00a0<\/p>\n<figure class=\"image\"><img decoding=\"async\" src=\"https:\/\/marmarahaber.com.tr\/resimler\/2023-11\/19\/36291918081565.webp\"\/><\/figure>\n<p>\u00a0<\/p>\n<p><span class=\"text-big\">Beyaz e\u015fya \u00fcretiminde Avrupa lideriyiz, d\u00fcnyada ikinci s\u0131rada yer al\u0131yoruz. G\u00fcne\u015f paneli \u00fcretiminde Avrupa&#8217;da lideriz, d\u00fcnyada d\u00f6rd\u00fcnc\u00fcy\u00fcz. \u00c7imento ve demir-\u00e7elik \u00fcretiminde Avrupa birincisiyiz. Ge\u00e7ti\u011fimiz y\u0131l ihracat\u0131m\u0131z 254 milyar dolar ile yeni bir rekor k\u0131rd\u0131 ve bu rekorun ba\u015frol\u00fcnde imalat sanayimiz var. T\u00fcrkiye Y\u00fczy\u0131l\u0131&#8217;nda bu ba\u015far\u0131 hikayesinin daha da g\u00fc\u00e7lenerek devam\u0131n\u0131 tesis etmek \u00fczere sanayimizin dijital ve ye\u015fil d\u00f6n\u00fc\u015f\u00fcm\u00fcn\u00fc h\u0131zland\u0131r\u0131yoruz\u201d ifadelerini kulland\u0131.\u00a0<\/span><\/p>\n<p><span class=\"text-big\"><strong>\u201cYEN\u0130 MODEL FABR\u0130KA SAYISI 14\u2019E \u00c7IKACAK\u201d<\/strong><\/span><\/p>\n<p><span class=\"text-big\">Kocaeli, Denizli, Eski\u015fehir, Samsun, Trabzon ve Malatya&#8217;daki fabrikalarla, yeni model fabrika say\u0131s\u0131n\u0131n 8\u2019den 14\u2019e \u00e7\u0131kaca\u011f\u0131n\u0131 dile getiren Kac\u0131r, \u201cKOB\u0130&#8217;lerimize \u00f6zel olarak tasarlad\u0131\u011f\u0131m\u0131z Dijital D\u00f6n\u00fc\u015f\u00fcm De\u011ferlendirme Modeli&#8217;ni kullan\u0131ma sunuyoruz. Trakya Kalk\u0131nma Ajans\u0131&#8217;m\u0131z taraf\u0131ndan y\u00fcr\u00fct\u00fclen &#8216;Trakya&#8217;n\u0131n Verimli KOB\u0130&#8217;leri projesiyle 19&#8217;u K\u0131rklareli&#8217;nde olmak \u00fczere 133 KOB\u0130&#8217;de s\u00fcre\u00e7 ve enerji verimlili\u011fi \u00e7al\u0131\u015fmalar\u0131 ger\u00e7ekle\u015ftirdik\u201d dedi.\u00a0<\/span><\/p>\n<p><span class=\"text-big\">\u0130malat sanayisinin dijital d\u00f6n\u00fc\u015f\u00fcm yat\u0131r\u0131mlar\u0131n\u0131 art\u0131racak Dijital D\u00f6n\u00fc\u015f\u00fcm Destek Program\u0131&#8217;n\u0131n devreye al\u0131naca\u011f\u0131n\u0131 s\u00f6yleyen Bakan Kac\u0131r, \u201c2053 Net S\u0131f\u0131r Emisyon hedefimiz ve Avrupa Ye\u015fil Mutabakat\u0131 uyumu do\u011frultusunda gerek ulusal gerek uluslararas\u0131 kaynaklar\u0131 harekete ge\u00e7irdik. Ergene Havzas\u0131 Koruma Eylem Plan\u0131 kapsam\u0131nda ba\u015flat\u0131lan projeler i\u00e7in bug\u00fcne kadar 8 milyar lira finansman sa\u011flad\u0131k.\u00a0<\/span><\/p>\n<figure class=\"image\"><img decoding=\"async\" src=\"https:\/\/marmarahaber.com.tr\/resimler\/2023-11\/19\/502751171525298.webp\"\/><\/figure>\n<p>\u00a0<\/p>\n<p><span class=\"text-big\">Ergene Nehri&#8217;nin kirlili\u011fini \u00f6nleyecek olan Ergene Havzas\u0131 Organize Sanayi B\u00f6lgeleri M\u00fc\u015fterek At\u0131ksu Ar\u0131tma Tesisleri&#8217;nden be\u015fini tamamlad\u0131k. Derin Deniz De\u015farj Projesini de ger\u00e7ekle\u015ftirerek g\u00fcnde 160 bin metrek\u00fcp suyun Marmara Denizi&#8217;ne derin de\u015farj edilmesini sa\u011fl\u0131yoruz\u201d diye konu\u015ftu.\u00a0<\/span><\/p>\n<p><span class=\"text-big\"><strong>T\u00dcRK\u0130YE YE\u015e\u0130L SANAY\u0130 PROJES\u0130<\/strong><\/span><\/p>\n<p><span class=\"text-big\">OSB&#8217;lerin, &#8216;Ye\u015fil OSB&#8217;lere d\u00f6n\u00fc\u015f\u00fcm\u00fcn\u00fc h\u0131zland\u0131rmak ad\u0131na D\u00fcnya Bankas\u0131 T\u00fcrkiye OSB Projesi ile 300 milyon dolar finansman kulland\u0131rd\u0131klar\u0131n\u0131 belirten Kac\u0131r, proje ile T\u00fcrkiye&#8217;deki se\u00e7ilmi\u015f OSB&#8217;lerin verimlili\u011fini, \u00e7evresel s\u00fcrd\u00fcr\u00fclebilirli\u011fini ve rekabet g\u00fcc\u00fcn\u00fc art\u0131rmay\u0131 ama\u00e7lad\u0131klar\u0131n\u0131 s\u00f6yledi.<\/span><\/p>\n<p><span class=\"text-big\">Sanayi i\u015fletmelerinin etkin ye\u015fil d\u00f6n\u00fc\u015f\u00fcm\u00fcn\u00fc sa\u011flamak \u00fczere D\u00fcnya Bankas\u0131 ile i\u015f birli\u011fi halinde 450 milyon dolar b\u00fct\u00e7eli T\u00fcrkiye Ye\u015fil Sanayi Projesi&#8217;ni de hayata ge\u00e7irdiklerini anlatan Kac\u0131r, &#8220;KOSGEB&#8217;e ayr\u0131lan 250 milyon dolarl\u0131k k\u0131sm\u0131yla KOB\u0130&#8217;lerin ye\u015fil d\u00f6n\u00fc\u015f\u00fcm kapsam\u0131ndaki yenilenebilir enerji, kaynak verimlili\u011fi, at\u0131k y\u00f6netimi ve d\u00f6ng\u00fcsel ekonomi gibi tematik alanlarda ger\u00e7ekle\u015ftirilecek faaliyetlerini destekleyece\u011fiz.\u00a0<\/span><\/p>\n<p><span class=\"text-big\">T\u00dcB\u0130TAK&#8217;a ayr\u0131lan 175 milyon dolarl\u0131k k\u0131sm\u0131yla da yenilik\u00e7i ye\u015fil teknolojilerin, \u00fcr\u00fcnlerin veya s\u00fcre\u00e7lerin geli\u015ftirilmesini i\u00e7eren ye\u015fil inovasyon faaliyetlerinde bulunan firmalar\u0131n yan\u0131nda olaca\u011f\u0131z\u201d ifadelerini kulland\u0131. Konu\u015fmalar\u0131n ard\u0131ndan kurdele kesilerek 19 fabrikan\u0131n a\u00e7\u0131l\u0131\u015f\u0131 ger\u00e7ekle\u015ftirildi. Bakan Kac\u0131r ve beraberindekiler program\u0131n ard\u0131ndan a\u00e7\u0131l\u0131\u015f\u0131 yap\u0131lan bir fabrikay\u0131 gezerek i\u015f\u00e7ilerle sohbet etti.\u00a0<\/span><\/p>\n<p><span class=\"text-big\"><strong>\u00d6\u011eRENC\u0130LERLE KURAB\u0130YE YAPTI<\/strong><\/span><\/p>\n<p>\u00a0<\/p>\n<figure class=\"image\"><img decoding=\"async\" src=\"https:\/\/marmarahaber.com.tr\/resimler\/2023-11\/19\/71251870036068.webp\"\/><\/figure>\n<p><span class=\"text-big\">Sanayi ve Teknoloji Bakan\u0131 Mehmet Fatih Kac\u0131r, a\u00e7\u0131l\u0131\u015f\u0131n ard\u0131ndan K\u0131rklareli \u00dcniversitesi Turizm Fak\u00fcltesi Gastronomi ve Mutfak Sanatlar\u0131 B\u00f6l\u00fcm\u00fc \u00f6\u011frencileriyle kurabiye yapt\u0131. \u00a0\u00dcniversitenin rekt\u00f6rl\u00fck binas\u0131nda d\u00fczenlenen Trakya B\u00f6lgesi Gastronomi Ara\u015ft\u0131rma ve Uygulama Mutfa\u011f\u0131&#8217;n\u0131n a\u00e7\u0131l\u0131\u015f t\u00f6reninde konu\u015fan Bakan K\u0131c\u0131r, Bakanl\u0131k taraf\u0131ndan desteklenen projenin Trakya Kalk\u0131nma Ajans\u0131 (TRAKYAKA) Sosyal Geli\u015fmeyi Destekleme Program\u0131 kapsam\u0131nda hayata ge\u00e7irildi\u011fini ifade etti.\u00a0<\/span><\/p>\n<p><span class=\"text-big\"><strong>\u201c16,2&#8217;S\u0130N\u0130 YEME-\u0130\u00c7ME SEKT\u00d6R\u00dc OLU\u015eTURUYOR\u201d<\/strong><\/span><\/p>\n<p><span class=\"text-big\">Mutfa\u011f\u0131n gen\u00e7lerin gastronomi tutkusunu b\u00fcy\u00fctmek ve gelece\u011fin \u015feflerini yeti\u015ftirmek amac\u0131yla kuruldu\u011funu dile getiren Kac\u0131r, \u201cMutfak, k\u00fclt\u00fcrel miras\u0131n esasl\u0131 bir unsurudur. E\u015fsiz bir co\u011frafyan\u0131n \u00fcr\u00fcn\u00fc olan T\u00fcrk mutfak k\u00fclt\u00fcr\u00fc de tarih boyunca \u00e7e\u015fitli medeniyetlerin etkisiyle \u00e7e\u015fitlenmi\u015f bir mutfakt\u0131r\u201d dedi.\u00a0<\/span><\/p>\n<p><span class=\"text-big\">Farkl\u0131 k\u00fclt\u00fcrleri harmanlayan T\u00fcrk mutfa\u011f\u0131n\u0131n, ge\u00e7mi\u015fi, \u00f6zg\u00fcnl\u00fc\u011f\u00fc, k\u00fclt\u00fcrel zenginli\u011fi ve bar\u0131nd\u0131rd\u0131\u011f\u0131 \u00fcr\u00fcnlerle benzersiz bir lezzet mozai\u011fi oldu\u011funu ifade eden Kac\u0131r, \u201cBu sebeple d\u00fcnya genelinde T\u00fcrk mutfa\u011f\u0131n\u0131n tan\u0131n\u0131rl\u0131\u011f\u0131 giderek art\u0131yor ve gastronomi d\u00fcnyas\u0131nda kendisine \u00f6nemli bir yer buluyor.\u00a0<\/span><\/p>\n<p>\u00a0<\/p>\n<figure class=\"image\"><img decoding=\"async\" src=\"https:\/\/marmarahaber.com.tr\/resimler\/2023-11\/19\/90260427986011.webp\"\/><\/figure>\n<p>\u00a0<\/p>\n<p><span class=\"text-big\">Yemek k\u00fclt\u00fcr\u00fcm\u00fcz, uluslararas\u0131 platformlarda tan\u0131t\u0131larak daha geni\u015f kitlelere ula\u015f\u0131yor ve \u00fclkemizin k\u00fclt\u00fcrel zenginli\u011fini yans\u0131t\u0131yor. Gastronomi ve mutfak sanatlar\u0131 g\u0131da ve i\u00e7ecek end\u00fcstrisiyle i\u00e7 i\u00e7e ge\u00e7erek \u00fclke ekonomimizden ciddi bir pay al\u0131yor. Turizme ve \u00fclke ekonomisine de katk\u0131 sunuyor.\u00a0<\/span><\/p>\n<p><span class=\"text-big\">2022&#8217;de elde etti\u011fimiz 46,5 milyar dolarl\u0131k turizm gelirinin y\u00fczde 16,2&#8217;sini yeme-i\u00e7me sekt\u00f6r\u00fc olu\u015fturuyor. \u00dclkemizdeki 35 milyon \u00e7al\u0131\u015fandan yakla\u015f\u0131k 2 milyonu bu alanda al\u0131n teri d\u00f6k\u00fcyor\u201d dedi.\u00a0<\/span><\/p>\n<p><span class=\"text-big\"><strong>\u201cMESLEK\u0130 N\u0130TEL\u0130KLER\u0130 KAZANDIRACAK\u201d<\/strong><\/span><\/p>\n<p><span class=\"text-big\">Gastronomi ve mutfak sanatlar\u0131 b\u00f6l\u00fcmlerini y\u0131lda 4 bin 500\u2019den fazla \u00f6\u011frencinin tercih etti\u011fine de\u011finen Kac\u0131r, her y\u0131l bu alanda profesyonelli\u011fin art\u0131\u011f\u0131n\u0131, T\u00fcrkiye&#8217;nin bereketli topraklar\u0131yla ba\u015fl\u0131 ba\u015f\u0131na bir gastronomi diyar\u0131 oldu\u011funu ifade etti.\u00a0<\/span><\/p>\n<p><span class=\"text-big\">K\u0131rklareli mutfa\u011f\u0131n\u0131n da kendine \u00f6zg\u00fc tatlar\u0131, y\u00f6resel malzemeleri ve lezzetleri ile T\u00fcrk mutfa\u011f\u0131n\u0131n gastronomik haritas\u0131nda \u00f6nemli bir yere sahip oldu\u011funu dile getiren K\u0131c\u0131r, Trakya B\u00f6lgesi Gastronomi Ara\u015ft\u0131rma ve Uygulama Mutfa\u011f\u0131\u2019n\u0131n, K\u0131rklareli\u2019nin e\u015fsiz lezzetlerini ke\u015ffetmeye, korumaya ve tan\u0131tmaya yard\u0131mc\u0131 olaca\u011f\u0131n\u0131 ifade ederek \u201cBu projeyle birlikte Trakya&#8217;n\u0131n enfes lezzetlerini ve y\u00f6resel yemek k\u00fclt\u00fcr\u00fcn\u00fc \u00f6n plana \u00e7\u0131kararak T\u00fcrk mutfa\u011f\u0131n\u0131n d\u00fcnya genelindeki konumunu daha da g\u00fc\u00e7lendirece\u011fiz.\u00a0<\/span><\/p>\n<p>\u00a0<\/p>\n<figure class=\"image\"><img decoding=\"async\" src=\"https:\/\/marmarahaber.com.tr\/resimler\/2023-11\/19\/438791758548921.webp\"\/><\/figure>\n<p>\u00a0<\/p>\n<p><span class=\"text-big\">K\u0131rklareli&#8217;nin yiyecek ve i\u00e7ecek sekt\u00f6r\u00fcndeki nitelikli istihdam ihtiyac\u0131n\u0131 kar\u015f\u0131layaca\u011f\u0131z. K\u0131rklareli \u00dcniversitesi Rekt\u00f6rl\u00fc\u011f\u00fc taraf\u0131ndan tesis i\u00e7in tahsis edilen yakla\u015f\u0131k 500 metrekarelik binada, mutfak i\u00e7in gerekli ekipmanlar temin edilerek uygulama mutfa\u011f\u0131 kuruldu.\u00a0<\/span><\/p>\n<p><span class=\"text-big\">Mutfak, gastronomi ve mutfak sanatlar\u0131 alan\u0131nda \u00f6\u011frenim g\u00f6ren \u00f6\u011frencilerin uygulamal\u0131 e\u011fitim ihtiyac\u0131n\u0131 kar\u015f\u0131layacak. Kad\u0131n ve gen\u00e7 i\u015f g\u00fcc\u00fcn\u00fcn gastronomi alan\u0131nda i\u015f edinmesine yard\u0131mc\u0131 olacak mesleki nitelikleri kazand\u0131racak\u201d diye konu\u015ftu.\u00a0<\/span><\/p>\n<p><span class=\"text-big\"><strong>\u201c\u00dcR\u00dcN \u00c7E\u015e\u0130TL\u0130L\u0130\u011e\u0130N\u0130 VE H\u0130ZMET KAL\u0130TELER\u0130N\u0130 ARTIRACAK\u201d<\/strong><\/span><\/p>\n<p>\u00a0<\/p>\n<figure class=\"image\"><img decoding=\"async\" src=\"https:\/\/marmarahaber.com.tr\/resimler\/2023-11\/19\/596921997978901.webp\"\/><\/figure>\n<p><span class=\"text-big\">Projenin dezavantajl\u0131 gruplar i\u00e7erisinde yer alan vatanda\u015flar\u0131n istihdama kat\u0131l\u0131m\u0131n\u0131 kolayla\u015ft\u0131raca\u011f\u0131n\u0131 s\u00f6yleyen Kac\u0131r, \u00f6\u011frencilerin yar\u0131 zamanl\u0131 \u00e7al\u0131\u015fma imkan\u0131 bularak b\u00f6lgedeki i\u015fletmelerin \u00fcr\u00fcn \u00e7e\u015fitlili\u011fini ve hizmet kalitelerini art\u0131raca\u011f\u0131n\u0131 kaydetti.\u00a0<\/span><\/p>\n<p><span class=\"text-big\">Bakanl\u0131k koordinesinde kalk\u0131nma ajanslar\u0131 taraf\u0131ndan g\u0131da sekt\u00f6r\u00fcn\u00fcn s\u00fcrd\u00fcr\u00fclebilirli\u011fini sa\u011flamak amac\u0131yla yurdun d\u00f6rt bir yan\u0131nda projeler y\u00fcr\u00fct\u00fcld\u00fc\u011f\u00fcn\u00fc belirten Kac\u0131r, \u201cBu alanda ekonomik ve sosyal kalk\u0131nma h\u0131zlanarak devam edecek\u201d dedi. T\u00f6rende, Rekt\u00f6r Prof. Dr. B\u00fclent \u015eeng\u00f6r\u00fcr ve TRAKYAKA Genel Sekreteri Mahmut \u015eahin de konu\u015fma yapt\u0131.<\/span><\/p>\n<p><span class=\"text-big\"><strong>AK PART\u0130 \u0130L BA\u015eKANLI\u011eINI Z\u0130YARET ETT\u0130<\/strong><\/span><\/p>\n<p><span class=\"text-big\">Kac\u0131r ve beraberindekiler a\u00e7\u0131l\u0131\u015f\u0131n\u0131 yapt\u0131klar\u0131 mutfa\u011f\u0131 inceledi, akademisyen ve \u00f6\u011frencilerden bilgi ald\u0131. Mutfakta \u015fef \u00f6nl\u00fc\u011f\u00fc giyen Kac\u0131r, tezgaha ge\u00e7erek \u00f6\u011frencilerle cevizli ve \u00e7ikolatal\u0131 kurabiye yapt\u0131, daha sonra kurabiyeleri davetlilere ikram etti. Kac\u0131r, daha sonra AK Parti \u0130l Ba\u015fkanl\u0131\u011f\u0131n\u0131 ziyaret ederek, partililerle bir araya geldi.\ufeff<\/span><\/p>\n<p><span class=\"text-big\"><strong>AA<\/strong><\/span><br \/>\u00a0<\/p>\n<\/p><\/div>\n<p>[ad_2]<br \/>\n<br \/><a href=\"https:\/\/www.marmarahaber.com.tr\/haber\/bakan_kacir_kirklareli_osb_toplu_acilis_torenine_katildi-86071.html\">Source link <\/a><\/p>\n","protected":false},"excerpt":{"rendered":"<p>[ad_1] \u00a0 T\u00f6rene kendi kulland\u0131\u011f\u0131 TOGG ile gelen Bakan Kac\u0131r, t\u00f6rende yapt\u0131\u011f\u0131 konu\u015fmada, a\u00e7\u0131l\u0131\u015f\u0131 ger\u00e7ekle\u015ftirilecek 19 fabrikan\u0131n, 10,6 milyar liradan fazla yat\u0131r\u0131mla K\u0131rklareli&#8217;ne ve T\u00fcrkiye&#8217;ye de\u011fer kataca\u011f\u0131n\u0131 s\u00f6yledi. \u201c4 B\u0130N 300&#8217;DEN FAZLA VATANDA\u015eA \u0130\u015e \u0130MKANI SUNACAK\u201d \u00a0 Fabrikalar\u0131n 4 bin 300&#8217;den fazla vatanda\u015fa i\u015f imkan\u0131 sunaca\u011f\u0131n\u0131 dile getiren Kac\u0131r, \u201cBu fabrikalarda \u00fcretilen \u00fcr\u00fcnler sadece i\u00e7 [&hellip;]<\/p>\n","protected":false},"author":1,"featured_media":2833,"comment_status":"open","ping_status":"open","sticky":false,"template":"","format":"standard","meta":{"footnotes":""},"categories":[10],"tags":[],"class_list":["post-2832","post","type-post","status-publish","format-standard","has-post-thumbnail","hentry","category-gundem"],"_links":{"self":[{"href":"https:\/\/habermarmaratv.com\/index.php\/wp-json\/wp\/v2\/posts\/2832","targetHints":{"allow":["GET"]}}],"collection":[{"href":"https:\/\/habermarmaratv.com\/index.php\/wp-json\/wp\/v2\/posts"}],"about":[{"href":"https:\/\/habermarmaratv.com\/index.php\/wp-json\/wp\/v2\/types\/post"}],"author":[{"embeddable":true,"href":"https:\/\/habermarmaratv.com\/index.php\/wp-json\/wp\/v2\/users\/1"}],"replies":[{"embeddable":true,"href":"https:\/\/habermarmaratv.com\/index.php\/wp-json\/wp\/v2\/comments?post=2832"}],"version-history":[{"count":0,"href":"https:\/\/habermarmaratv.com\/index.php\/wp-json\/wp\/v2\/posts\/2832\/revisions"}],"wp:featuredmedia":[{"embeddable":true,"href":"https:\/\/habermarmaratv.com\/index.php\/wp-json\/wp\/v2\/media\/2833"}],"wp:attachment":[{"href":"https:\/\/habermarmaratv.com\/index.php\/wp-json\/wp\/v2\/media?parent=2832"}],"wp:term":[{"taxonomy":"category","embeddable":true,"href":"https:\/\/habermarmaratv.com\/index.php\/wp-json\/wp\/v2\/categories?post=2832"},{"taxonomy":"post_tag","embeddable":true,"href":"https:\/\/habermarmaratv.com\/index.php\/wp-json\/wp\/v2\/tags?post=2832"}],"curies":[{"name":"wp","href":"https:\/\/api.w.org\/{rel}","templated":true}]}}