{"id":2756,"date":"2023-11-16T19:38:31","date_gmt":"2023-11-16T16:38:31","guid":{"rendered":"https:\/\/habermarmaratv.com\/index.php\/2023\/11\/16\/vali-soyturkten-cerkezkoy-cikarmasi\/"},"modified":"2023-11-16T19:38:31","modified_gmt":"2023-11-16T16:38:31","slug":"vali-soyturkten-cerkezkoy-cikarmasi","status":"publish","type":"post","link":"https:\/\/habermarmaratv.com\/index.php\/2023\/11\/16\/vali-soyturkten-cerkezkoy-cikarmasi\/","title":{"rendered":"Vali Soyt\u00fcrk\u2019ten \u00c7erkezk\u00f6y \u00e7\u0131karmas\u0131"},"content":{"rendered":"<p> [ad_1]<br \/>\n<\/p>\n<div id=\"detaymetin\">\n<p><span class=\"text-big\">Tekirda\u011f Valisi Recep Soyt\u00fcrk, d\u00fcn saat 10.00\u2019da \u00c7erkezk\u00f6y\u2019e geldi. \u0130lk olarak \u00c7erkezk\u00f6y Kaymakaml\u0131\u011f\u0131\u2019n\u0131 ziyaret eden Vali Soyt\u00fcrk; Kaymakam Nazmi G\u00fcnl\u00fc, \u0130l\u00e7e Jandarma Komutan\u0131 Binba\u015f\u0131 Serkan Engin, \u0130l\u00e7e Emniyet M\u00fcd\u00fcr\u00fc Cengiz Vatanel ve il\u00e7e protokol\u00fc taraf\u0131ndan kar\u015f\u0131land\u0131. Vali Soyt\u00fcrk, ard\u0131ndan Kaymakaml\u0131k makam\u0131nda il\u00e7ede yap\u0131lan \u00e7al\u0131\u015fmalar hakk\u0131nda brifing ald\u0131.<\/span><\/p>\n<p><span class=\"text-big\"><strong>\u00c7ERKEZK\u00d6Y\u2019E 4 DERSL\u0130KL\u0130 ANAOKULU YAPILACAK\u00a0<\/strong><\/span><\/p>\n<p>\u00a0<\/p>\n<figure class=\"image\"><img decoding=\"async\" src=\"https:\/\/marmarahaber.com.tr\/resimler\/2023-11\/16\/6890875869598.webp\"\/><\/figure>\n<p><span class=\"text-big\">Ziyarette, \u00c7erkezk\u00f6y Mustafa Kemal Pa\u015fa Mahallesi\u2019nde hay\u0131rsever i\u015f insan\u0131 Tahsin Aras taraf\u0131ndan yapt\u0131r\u0131lacak, i\u00e7erisinde idari odalar, toplant\u0131 odas\u0131 ve yemekhane bulunacak 4 derslikli anaokulunun protokol\u00fc de imzaland\u0131.\u00a0<\/span><\/p>\n<p><span class=\"text-big\">\u00c7erkezk\u00f6y Kaymakaml\u0131\u011f\u0131\u2019nda d\u00fczenlenen protokol imza t\u00f6renine; \u00c7erkezk\u00f6y Kaymakam\u0131 Nazmi G\u00fcnl\u00fc, \u0130l Milli E\u011fitim M\u00fcd\u00fcr V. \u0130lhan Ko\u00e7er, \u00c7evre, \u015eehircilik ve \u0130klim De\u011fi\u015fikli\u011fi \u0130l M\u00fcd\u00fcr\u00fc Kaan Sinan Tohumcu ve hay\u0131rsever Tahsin Aras kat\u0131ld\u0131. Protokol\u00fcn imzalanmas\u0131n\u0131n ard\u0131ndan konu\u015fan Vali Soyt\u00fcrk, \u201cHay\u0131rseverimiz Tahsin Bey\u2019e te\u015fekk\u00fcr ediyorum. Anaokulumuz, ilimize, il\u00e7emize ve e\u011fitim camias\u0131na hay\u0131rl\u0131 olsun\u201d dedi.<\/span><\/p>\n<p><span class=\"text-big\"><strong>G\u00dc\u00c7LEND\u0130RMES\u0130 YAPILAN ANAOKULUNU Z\u0130YARET ETT\u0130\u00a0<\/strong><\/span><\/p>\n<p>\u00a0<\/p>\n<figure class=\"image\"><img decoding=\"async\" src=\"https:\/\/marmarahaber.com.tr\/resimler\/2023-11\/16\/78809611606259.webp\"\/><\/figure>\n<p><span class=\"text-big\">M\u00fcjgan &#8211; Serkan Karag\u00f6z \u00e7ifti taraf\u0131ndan yapt\u0131r\u0131lan, 2023 y\u0131l\u0131nda Tekirda\u011f Valili\u011fi Yat\u0131r\u0131m \u0130zleme ve Koordinasyon Ba\u015fkanl\u0131\u011f\u0131 taraf\u0131ndan g\u00fc\u00e7lendirmesi tamamlanan ve \u00a02023-2024 E\u011fitim \u00d6\u011fretim Y\u0131l\u0131 ba\u015f\u0131nda yeniden e\u011fitim vermeye ba\u015flayan M\u00fcjgan Serkan Karag\u00f6z Anaokulu\u2019nu da ziyaret eden Vali Soyt\u00fcrk, anaokulunu gezerek incelemelerde bulundu.\u00a0<\/span><\/p>\n<p><span class=\"text-big\">Vali Soyt\u00fcrk, g\u00fc\u00e7lendirme \u00e7al\u0131\u015fmas\u0131 hakk\u0131nda yetkililerden bilgi ald\u0131. Vali Soyt\u00fcrk\u2019e ziyaretleri s\u0131ras\u0131nda \u00c7erkezk\u00f6y Kaymakam\u0131 Nazmi G\u00fcnl\u00fc, hay\u0131rseverler M\u00fcjgan Karag\u00f6z ve Serkan Karag\u00f6z e\u015flik etti.<\/span><\/p>\n<p><span class=\"text-big\"><strong>YAPIM S\u00dcREC\u0130 HAKKINDA B\u0130LG\u0130 ALDI\u00a0<\/strong><\/span><\/p>\n<p>\u00a0<\/p>\n<figure class=\"image\"><img decoding=\"async\" src=\"https:\/\/marmarahaber.com.tr\/resimler\/2023-11\/16\/855591408045187.webp\"\/><\/figure>\n<p><span class=\"text-big\">Tekirda\u011f Valili\u011fi Yat\u0131r\u0131m \u0130zleme ve Koordinasyon Ba\u015fkanl\u0131\u011f\u0131 taraf\u0131ndan yap\u0131m\u0131 devam eden \u00c7erkezk\u00f6y H\u00fck\u00fcmet Kona\u011f\u0131\u2019nda da incelemelerde bulunan Vali Soyt\u00fcrk, h\u00fck\u00fcmet kona\u011f\u0131n\u0131 gezerek incelemelerde bulundu, yap\u0131m s\u00fcreci hakk\u0131nda yetkililerden bilgi ald\u0131.\u00a0<\/span><\/p>\n<p><span class=\"text-big\">Ziyaretleri s\u0131ras\u0131nda Vali Soyt\u00fcrk\u2019e \u00c7erkezk\u00f6y Kaymakam\u0131 Nazmi G\u00fcnl\u00fc ve il\u00e7e protokol\u00fc e\u015flik etti. 10 bin 100 metrekare yap\u0131 alan\u0131 sahip \u00c7erkezk\u00f6y H\u00fck\u00fcmet Kona\u011f\u0131\u2019n\u0131n; bodrum kat, zemin kat ve art\u0131 \u00fc\u00e7 kattan olu\u015ftu\u011fu bilgisini veren yetkililer, \u201cYap\u0131m\u0131 sona erdi\u011finde \u00c7erkezk\u00f6y\u2019de uzun y\u0131llar kamu hizmeti verecek\u201d dedi.\u00a0<\/span><\/p>\n<p><span class=\"text-big\"><strong>Haber \/ Buse AKIN\u00a0<\/strong><\/span><br \/>\u00a0<\/p>\n<\/p><\/div>\n<p>[ad_2]<br \/>\n<br \/><a href=\"https:\/\/www.marmarahaber.com.tr\/haber\/vali_soyturkten_cerkezkoy_cikarmasi_-86046.html\">Source link <\/a><\/p>\n","protected":false},"excerpt":{"rendered":"<p>[ad_1] Tekirda\u011f Valisi Recep Soyt\u00fcrk, d\u00fcn saat 10.00\u2019da \u00c7erkezk\u00f6y\u2019e geldi. \u0130lk olarak \u00c7erkezk\u00f6y Kaymakaml\u0131\u011f\u0131\u2019n\u0131 ziyaret eden Vali Soyt\u00fcrk; Kaymakam Nazmi G\u00fcnl\u00fc, \u0130l\u00e7e Jandarma Komutan\u0131 Binba\u015f\u0131 Serkan Engin, \u0130l\u00e7e Emniyet M\u00fcd\u00fcr\u00fc Cengiz Vatanel ve il\u00e7e protokol\u00fc taraf\u0131ndan kar\u015f\u0131land\u0131. Vali Soyt\u00fcrk, ard\u0131ndan Kaymakaml\u0131k makam\u0131nda il\u00e7ede yap\u0131lan \u00e7al\u0131\u015fmalar hakk\u0131nda brifing ald\u0131. \u00c7ERKEZK\u00d6Y\u2019E 4 DERSL\u0130KL\u0130 ANAOKULU YAPILACAK\u00a0 \u00a0 Ziyarette, [&hellip;]<\/p>\n","protected":false},"author":1,"featured_media":2757,"comment_status":"open","ping_status":"open","sticky":false,"template":"","format":"standard","meta":{"footnotes":""},"categories":[10],"tags":[],"class_list":["post-2756","post","type-post","status-publish","format-standard","has-post-thumbnail","hentry","category-gundem"],"_links":{"self":[{"href":"https:\/\/habermarmaratv.com\/index.php\/wp-json\/wp\/v2\/posts\/2756","targetHints":{"allow":["GET"]}}],"collection":[{"href":"https:\/\/habermarmaratv.com\/index.php\/wp-json\/wp\/v2\/posts"}],"about":[{"href":"https:\/\/habermarmaratv.com\/index.php\/wp-json\/wp\/v2\/types\/post"}],"author":[{"embeddable":true,"href":"https:\/\/habermarmaratv.com\/index.php\/wp-json\/wp\/v2\/users\/1"}],"replies":[{"embeddable":true,"href":"https:\/\/habermarmaratv.com\/index.php\/wp-json\/wp\/v2\/comments?post=2756"}],"version-history":[{"count":0,"href":"https:\/\/habermarmaratv.com\/index.php\/wp-json\/wp\/v2\/posts\/2756\/revisions"}],"wp:featuredmedia":[{"embeddable":true,"href":"https:\/\/habermarmaratv.com\/index.php\/wp-json\/wp\/v2\/media\/2757"}],"wp:attachment":[{"href":"https:\/\/habermarmaratv.com\/index.php\/wp-json\/wp\/v2\/media?parent=2756"}],"wp:term":[{"taxonomy":"category","embeddable":true,"href":"https:\/\/habermarmaratv.com\/index.php\/wp-json\/wp\/v2\/categories?post=2756"},{"taxonomy":"post_tag","embeddable":true,"href":"https:\/\/habermarmaratv.com\/index.php\/wp-json\/wp\/v2\/tags?post=2756"}],"curies":[{"name":"wp","href":"https:\/\/api.w.org\/{rel}","templated":true}]}}