{"id":2754,"date":"2023-11-16T18:26:56","date_gmt":"2023-11-16T15:26:56","guid":{"rendered":"https:\/\/habermarmaratv.com\/index.php\/2023\/11\/16\/ulasim-zamlarini-protesto-ettiler\/"},"modified":"2023-11-16T18:26:56","modified_gmt":"2023-11-16T15:26:56","slug":"ulasim-zamlarini-protesto-ettiler","status":"publish","type":"post","link":"https:\/\/habermarmaratv.com\/index.php\/2023\/11\/16\/ulasim-zamlarini-protesto-ettiler\/","title":{"rendered":"Ula\u015f\u0131m zamlar\u0131n\u0131 protesto ettiler"},"content":{"rendered":"<p> [ad_1]<br \/>\n<\/p>\n<div id=\"detaymetin\">\n<p>\u00a0<\/p>\n<p><span class=\"text-big\">Grup ad\u0131na a\u00e7\u0131klama yapan Trakya \u00dcniversitesi \u00f6\u011frencisi Elif Negi\u015f, \u201cKooperatif ve belediyenin inisiyatifine b\u0131rak\u0131lmak istemiyor, hakk\u0131m\u0131z olan indirimi talep ediyoruz. Ma\u011fduriyetimizin daha fazla devam etmemesini, \u015fof\u00f6rlerin kaba davran\u0131\u015flar\u0131na maruz kalmamay\u0131 istiyoruz\u201d dedi.\u00a0<\/span><\/p>\n<p><span class=\"text-big\">Kentteki bir al\u0131\u015fveri\u015f merkezi \u00f6n\u00fcnde toplanan Trakya \u00dcniversitesi \u00f6\u011frencileri, &#8220;Ucuz ula\u015f\u0131m istiyoruz&#8221;, &#8220;Biz m\u00fc\u015fteri de\u011fil \u00f6\u011frenciyiz&#8221;, &#8220;Ayr\u0131cal\u0131k de\u011fil hakk\u0131m\u0131z\u0131 istiyoruz&#8221; ve &#8220;Ma\u011fdurlu\u011fumuzdan sorumlusunuz&#8221; yaz\u0131l\u0131 d\u00f6vizler a\u00e7t\u0131.<\/span><\/p>\n<p><span class=\"text-big\"><strong>\u201cEN KISA S\u00dcREDE \u0130ND\u0130R\u0130M YAPILMASINI TALEP ED\u0130YORUZ\u201d<\/strong><\/span><\/p>\n<p><span class=\"text-big\">Grup ad\u0131na a\u00e7\u0131klama yapan Trakya \u00dcniversitesi \u00f6\u011frencisi Elif Negi\u015f, Edirne Toplu Ula\u015f\u0131m Sistemi&#8217;nin (ETUS) y\u00fcksek \u00fccretleri nedeniyle ma\u011fdur olduklar\u0131n\u0131 s\u00f6yledi. Y\u00fcksek \u00fccretlerin kabul edilemez oldu\u011funu belirten Negi\u015f, &#8220;Edirne&#8217;de 43 bin 196 \u00f6\u011frenci bulunmakta.\u00a0<\/span><\/p>\n<p><span class=\"text-big\">S\u00f6zde \u00f6\u011frenci dostu olan \u015fehirde ETUS \u00f6\u011frenci kart\u0131na \u015fu anda 11 lira 90 kuru\u015f vermekteyiz. Bu \u00fccreti \u00f6\u011frenciler olarak kabul etmiyor, en k\u0131sa s\u00fcrede indirim yap\u0131lmas\u0131n\u0131 talep ediyoruz&#8221; dedi.<\/span><\/p>\n<p><span class=\"text-big\"><strong>\u201cKABA DAVRANI\u015eLARA MARUZ KALMAK \u0130STEM\u0130YORUZ\u201d\u00a0<\/strong><\/span><\/p>\n<p>\u00a0<\/p>\n<figure class=\"image\"><img decoding=\"async\" src=\"https:\/\/marmarahaber.com.tr\/resimler\/2023-11\/16\/475171042866432.webp\"\/><\/figure>\n<p><span class=\"text-big\">Negi\u015f, Edirne&#8217;deki \u015fehir i\u00e7i ula\u015f\u0131m fiyatlar\u0131n\u0131n pek \u00e7ok ilden daha y\u00fcksek oldu\u011funu \u00f6ne s\u00fcrd\u00fc. Ma\u011fduriyetlerinin giderilmesini istediklerini dile getiren Negi\u015f, &#8220;Buradan Edirne Belediyesi\u2019ne ve ETUS yetkililerine sesleniyoruz. Neredeyse en pahal\u0131 ula\u015f\u0131ma sahip bir \u015fehir olan Edirne&#8217;de, bu duruma acil \u015fekilde \u00e7\u00f6z\u00fcm bulunmas\u0131n\u0131 talep ediyoruz.\u00a0<\/span><\/p>\n<p><span class=\"text-big\">Kooperatif ve belediyenin inisiyatifine b\u0131rak\u0131lmak istemiyor, hakk\u0131m\u0131z olan indirimi talep ediyoruz. Ma\u011fduriyetimizin daha fazla devam etmemesini, \u015fof\u00f6rlerin kaba davran\u0131\u015flar\u0131na maruz kalmamay\u0131 istiyoruz&#8221; diye konu\u015ftu. Alk\u0131\u015fl\u0131 protestonun ard\u0131ndan bas\u0131n a\u00e7\u0131klamas\u0131 sona erdi.\u00a0<\/span><\/p>\n<p><span class=\"text-big\">Edirne Belediye Meclisi eyl\u00fcl ay\u0131 toplant\u0131lar\u0131nda toplu ula\u015f\u0131ma y\u00fczde 40 zam yap\u0131lmas\u0131 kararla\u015ft\u0131r\u0131lm\u0131\u015f, 8 lira 50 kuru\u015f olan \u00f6\u011frenci bini\u015f \u00fccreti 11 lira 90 kuru\u015f, 12 lira olan sivil bini\u015f \u00fccreti 16 lira 80 kuru\u015fa y\u00fckseltilmi\u015fti.<\/span><\/p>\n<p><span class=\"text-big\"><strong>AA<\/strong><\/span><\/p>\n<\/p><\/div>\n<p>[ad_2]<br \/>\n<br \/><a href=\"https:\/\/www.marmarahaber.com.tr\/haber\/ulasim_zamlarini_protesto_ettiler_-86047.html\">Source link <\/a><\/p>\n","protected":false},"excerpt":{"rendered":"<p>[ad_1] \u00a0 Grup ad\u0131na a\u00e7\u0131klama yapan Trakya \u00dcniversitesi \u00f6\u011frencisi Elif Negi\u015f, \u201cKooperatif ve belediyenin inisiyatifine b\u0131rak\u0131lmak istemiyor, hakk\u0131m\u0131z olan indirimi talep ediyoruz. Ma\u011fduriyetimizin daha fazla devam etmemesini, \u015fof\u00f6rlerin kaba davran\u0131\u015flar\u0131na maruz kalmamay\u0131 istiyoruz\u201d dedi.\u00a0 Kentteki bir al\u0131\u015fveri\u015f merkezi \u00f6n\u00fcnde toplanan Trakya \u00dcniversitesi \u00f6\u011frencileri, &#8220;Ucuz ula\u015f\u0131m istiyoruz&#8221;, &#8220;Biz m\u00fc\u015fteri de\u011fil \u00f6\u011frenciyiz&#8221;, &#8220;Ayr\u0131cal\u0131k de\u011fil hakk\u0131m\u0131z\u0131 istiyoruz&#8221; ve [&hellip;]<\/p>\n","protected":false},"author":1,"featured_media":2755,"comment_status":"open","ping_status":"open","sticky":false,"template":"","format":"standard","meta":{"footnotes":""},"categories":[10],"tags":[],"class_list":["post-2754","post","type-post","status-publish","format-standard","has-post-thumbnail","hentry","category-gundem"],"_links":{"self":[{"href":"https:\/\/habermarmaratv.com\/index.php\/wp-json\/wp\/v2\/posts\/2754","targetHints":{"allow":["GET"]}}],"collection":[{"href":"https:\/\/habermarmaratv.com\/index.php\/wp-json\/wp\/v2\/posts"}],"about":[{"href":"https:\/\/habermarmaratv.com\/index.php\/wp-json\/wp\/v2\/types\/post"}],"author":[{"embeddable":true,"href":"https:\/\/habermarmaratv.com\/index.php\/wp-json\/wp\/v2\/users\/1"}],"replies":[{"embeddable":true,"href":"https:\/\/habermarmaratv.com\/index.php\/wp-json\/wp\/v2\/comments?post=2754"}],"version-history":[{"count":0,"href":"https:\/\/habermarmaratv.com\/index.php\/wp-json\/wp\/v2\/posts\/2754\/revisions"}],"wp:featuredmedia":[{"embeddable":true,"href":"https:\/\/habermarmaratv.com\/index.php\/wp-json\/wp\/v2\/media\/2755"}],"wp:attachment":[{"href":"https:\/\/habermarmaratv.com\/index.php\/wp-json\/wp\/v2\/media?parent=2754"}],"wp:term":[{"taxonomy":"category","embeddable":true,"href":"https:\/\/habermarmaratv.com\/index.php\/wp-json\/wp\/v2\/categories?post=2754"},{"taxonomy":"post_tag","embeddable":true,"href":"https:\/\/habermarmaratv.com\/index.php\/wp-json\/wp\/v2\/tags?post=2754"}],"curies":[{"name":"wp","href":"https:\/\/api.w.org\/{rel}","templated":true}]}}