{"id":2752,"date":"2023-11-16T17:22:04","date_gmt":"2023-11-16T14:22:04","guid":{"rendered":"https:\/\/habermarmaratv.com\/index.php\/2023\/11\/16\/tekirdag-icin-birinci-onceligimiz-egitim\/"},"modified":"2023-11-16T17:22:04","modified_gmt":"2023-11-16T14:22:04","slug":"tekirdag-icin-birinci-onceligimiz-egitim","status":"publish","type":"post","link":"https:\/\/habermarmaratv.com\/index.php\/2023\/11\/16\/tekirdag-icin-birinci-onceligimiz-egitim\/","title":{"rendered":"Tekirda\u011f i\u00e7in birinci \u00f6nceli\u011fimiz e\u011fitim"},"content":{"rendered":"<p> [ad_1]<br \/>\n<\/p>\n<div id=\"detaymetin\">\n<p>\u00a0<\/p>\n<p><span class=\"text-big\">Tekirda\u011f i\u00e7in birinci \u00f6nceliklerinin e\u011fitim oldu\u011funu s\u00f6yleyen Vali Soyt\u00fcrk, \u201cTekirda\u011f\u2019da 3 ayd\u0131r e\u011fitimle ilgili ciddi \u00e7al\u0131\u015fmalar yapt\u0131k. Ankara&#8217;da g\u00f6r\u00fc\u015fmeler yapt\u0131k\u201d dedi.<\/span><\/p>\n<p><span class=\"text-big\">\u00c7erkezk\u00f6y Ticaret ve Sanayi Odas\u0131 Y\u00f6netim Kurulu Ba\u015fkan\u0131 Ahmet \u00c7etin ve Y\u00f6netim Kurulu \u00dcyeleri taraf\u0131ndan kar\u015f\u0131lanan Vali Soyt\u00fcrk, ard\u0131ndan \u00c7erkezk\u00f6y TSO Toplant\u0131 Salonu\u2019nda \u00c7erkezk\u00f6y sanayisi hakk\u0131nda Ba\u015fkan \u00c7etin ve Y\u00f6netim Kurulu \u00dcyeleri ile bir s\u00fcre g\u00f6r\u00fc\u015ft\u00fc.<\/span><\/p>\n<p><span class=\"text-big\"><strong>\u201cYAPMAMIZ GEREKEN \u00c7ALI\u015eMALAR KONUSUNDA TARTI\u015eTIK\u201d<\/strong><\/span><\/p>\n<p><span class=\"text-big\">Toplant\u0131n\u0131n ard\u0131ndan gazetecilere a\u00e7\u0131klamalarda bulunan Vali Soyt\u00fcrk, \u201cBug\u00fcn \u00c7erkezk\u00f6y\u2019deyim. Kaymakam beyin yapt\u0131\u011f\u0131 program \u00e7er\u00e7evesinde kaymakaml\u0131\u011f\u0131, ticaret odam\u0131z\u0131 ziyaret ettik. \u0130l\u00e7edeki yat\u0131r\u0131mlar\u0131 gezece\u011fiz, \u015fehit ailesine u\u011frayaca\u011f\u0131z, b\u00fct\u00fcn g\u00fcn buraday\u0131m. Daha \u00f6nce birka\u00e7 defa geldim ama bug\u00fcn daha teferruatl\u0131 bir ziyaret oldu.\u00a0<\/span><\/p>\n<p><span class=\"text-big\">Bug\u00fcn az \u00f6nce ticaret odam\u0131zda uzun uzun sohbetler ettik. \u00d6zellikle ilimizde ve ilimizin \u00c7erkezk\u00f6y, \u00c7orlu, Kapakl\u0131 ve Ergene b\u00f6lgesindeki sanayinin sorunlar\u0131 ve sanayicinin ortaya koydu\u011fu sorunlar\u0131 tart\u0131\u015ft\u0131k. Mevzuattaki de\u011fi\u015ftirilmesi gereken konular, bizim yapmam\u0131z gereken \u00e7al\u0131\u015fmalar konusunda tart\u0131\u015ft\u0131k.\u00a0<\/span><\/p>\n<p><span class=\"text-big\">Tart\u0131\u015f\u0131yoruz, konu\u015fuyoruz. Daha da \u00e7ok konu\u015faca\u011f\u0131z ve bir yol haritas\u0131 \u00e7izip hem Tekirda\u011f\u2019\u0131n hem de b\u00f6lgenin sanayi sorununu \u00e7\u00f6zmek, sanayicinin ortaya koydu\u011fu sorunlar\u0131 da ortadan kald\u0131rmak i\u00e7in gayret edece\u011fiz\u201d ifadelerini kulland\u0131.\u00a0<\/span><\/p>\n<p><span class=\"text-big\"><strong>\u201cHIZLI HAREKET ETMEK \u0130ST\u0130YORUZ\u201d<\/strong><\/span><\/p>\n<p>\u00a0<\/p>\n<figure class=\"image\"><img decoding=\"async\" src=\"https:\/\/marmarahaber.com.tr\/resimler\/2023-11\/16\/342691183060920.webp\"\/><\/figure>\n<p><span class=\"text-big\">En \u00f6nem verdi\u011fi konular\u0131n ba\u011f\u0131nda e\u011fitimin geldi\u011fini kaydeden Vali Soyt\u00fcrk, \u201cTekirda\u011f\u2019da 3 ayd\u0131r e\u011fitimle ilgili ciddi \u00e7al\u0131\u015fmalar yapt\u0131k. Ankara&#8217;da g\u00f6r\u00fc\u015fmeler yapt\u0131k. Milli E\u011fitim Bakan\u0131m\u0131z Say\u0131n Yusuf Tekin ilimize geldi. Programlara ald\u0131r\u0131yoruz, ihale onaylar\u0131 al\u0131yoruz. Ald\u0131\u011f\u0131m\u0131z ihale onaylar\u0131n akabinde hemen ihaleye \u00e7\u0131k\u0131yoruz.\u00a0<\/span><\/p>\n<p><span class=\"text-big\">Aral\u0131k ay\u0131nda bir s\u00fcr\u00fc okul ihalelerimiz var. Bir taraftan g\u00fc\u00e7lendirme yap\u0131yoruz. Bir taraftan yeni okullar yap\u0131yoruz. Mill\u00ee E\u011fitim Bakanl\u0131\u011f\u0131m\u0131z hakikaten bize \u00e7ok ciddi katk\u0131 sa\u011flad\u0131 programlara alma konusunda. Bu programlar\u0131 uygulayabilirsek okul bak\u0131m\u0131ndan y\u00fczde 90, y\u00fczde 95\u2019ini yapabilece\u011fimiz bir noktaya geldik.\u00a0<\/span><\/p>\n<p><span class=\"text-big\">Bir taraftan da hay\u0131rseverlerimiz de okul yapt\u0131r\u0131yorlar. Bug\u00fcn mesela bir hay\u0131rseverimizle her \u015feyi haz\u0131r olan bir anaokuluyla ilgili bir protokol imzalad\u0131k. H\u0131zl\u0131ca Bakanl\u0131\u011fa g\u00f6nderece\u011fiz. Onay\u0131na da h\u0131zl\u0131ca al\u0131p ilk kazmay\u0131 vuraca\u011f\u0131z. Birka\u00e7 g\u00fcn \u00f6nce Malkara&#8217;da 8 derslikli bir okul protokol\u00fc imzalad\u0131k. Ankara&#8217;ya g\u00f6nderdik, onaylatt\u0131k.\u00a0<\/span><\/p>\n<p><span class=\"text-big\">Marmaraere\u011flisi&#8217;nde yine bir hay\u0131rseverimiz 4 derslikli bir okul yap\u0131yor. Bu geri kalan k\u0131sm\u0131n\u0131 hay\u0131rseverlerimize tamamlatmak istiyoruz. H\u0131zl\u0131 hareket etmek istiyoruz. Personel say\u0131m\u0131z\u0131 art\u0131rd\u0131k. \u00d6zellikle teknik personel say\u0131m\u0131zdaki 2 kat\u0131na \u00e7\u0131kard\u0131k. Te\u00e7hizatlar\u0131n\u0131, ara\u00e7 say\u0131s\u0131 art\u0131rd\u0131k.\u00a0<\/span><\/p>\n<p><span class=\"text-big\">Daha da \u00f6nemlisi b\u00fcrokratik k\u0131sm\u0131n\u0131 h\u0131zland\u0131r\u0131yoruz ve in\u015fallah \u00e7ok daha h\u0131zl\u0131 bir s\u00fcrede ilimizdeki okul ihtiyac\u0131n\u0131 gidermi\u015f olaca\u011f\u0131z\u201d dedi.\u00a0<\/span><\/p>\n<p><span class=\"text-big\"><strong>Haber \/ Buse AKIN<\/strong><\/span><br \/>\u00a0<\/p>\n<\/p><\/div>\n<p>[ad_2]<br \/>\n<br \/><a href=\"https:\/\/www.marmarahaber.com.tr\/haber\/vali_soyturk_tekirdag_icin_birinci_onceligimiz_egitim_-86044.html\">Source link <\/a><\/p>\n","protected":false},"excerpt":{"rendered":"<p>[ad_1] \u00a0 Tekirda\u011f i\u00e7in birinci \u00f6nceliklerinin e\u011fitim oldu\u011funu s\u00f6yleyen Vali Soyt\u00fcrk, \u201cTekirda\u011f\u2019da 3 ayd\u0131r e\u011fitimle ilgili ciddi \u00e7al\u0131\u015fmalar yapt\u0131k. Ankara&#8217;da g\u00f6r\u00fc\u015fmeler yapt\u0131k\u201d dedi. \u00c7erkezk\u00f6y Ticaret ve Sanayi Odas\u0131 Y\u00f6netim Kurulu Ba\u015fkan\u0131 Ahmet \u00c7etin ve Y\u00f6netim Kurulu \u00dcyeleri taraf\u0131ndan kar\u015f\u0131lanan Vali Soyt\u00fcrk, ard\u0131ndan \u00c7erkezk\u00f6y TSO Toplant\u0131 Salonu\u2019nda \u00c7erkezk\u00f6y sanayisi hakk\u0131nda Ba\u015fkan \u00c7etin ve Y\u00f6netim Kurulu \u00dcyeleri [&hellip;]<\/p>\n","protected":false},"author":1,"featured_media":2753,"comment_status":"open","ping_status":"open","sticky":false,"template":"","format":"standard","meta":{"footnotes":""},"categories":[10],"tags":[],"class_list":["post-2752","post","type-post","status-publish","format-standard","has-post-thumbnail","hentry","category-gundem"],"_links":{"self":[{"href":"https:\/\/habermarmaratv.com\/index.php\/wp-json\/wp\/v2\/posts\/2752","targetHints":{"allow":["GET"]}}],"collection":[{"href":"https:\/\/habermarmaratv.com\/index.php\/wp-json\/wp\/v2\/posts"}],"about":[{"href":"https:\/\/habermarmaratv.com\/index.php\/wp-json\/wp\/v2\/types\/post"}],"author":[{"embeddable":true,"href":"https:\/\/habermarmaratv.com\/index.php\/wp-json\/wp\/v2\/users\/1"}],"replies":[{"embeddable":true,"href":"https:\/\/habermarmaratv.com\/index.php\/wp-json\/wp\/v2\/comments?post=2752"}],"version-history":[{"count":0,"href":"https:\/\/habermarmaratv.com\/index.php\/wp-json\/wp\/v2\/posts\/2752\/revisions"}],"wp:featuredmedia":[{"embeddable":true,"href":"https:\/\/habermarmaratv.com\/index.php\/wp-json\/wp\/v2\/media\/2753"}],"wp:attachment":[{"href":"https:\/\/habermarmaratv.com\/index.php\/wp-json\/wp\/v2\/media?parent=2752"}],"wp:term":[{"taxonomy":"category","embeddable":true,"href":"https:\/\/habermarmaratv.com\/index.php\/wp-json\/wp\/v2\/categories?post=2752"},{"taxonomy":"post_tag","embeddable":true,"href":"https:\/\/habermarmaratv.com\/index.php\/wp-json\/wp\/v2\/tags?post=2752"}],"curies":[{"name":"wp","href":"https:\/\/api.w.org\/{rel}","templated":true}]}}