{"id":2748,"date":"2023-11-16T15:08:40","date_gmt":"2023-11-16T12:08:40","guid":{"rendered":"https:\/\/habermarmaratv.com\/index.php\/2023\/11\/16\/adanadan-sonra-kirsehirde-sahne-aldilar\/"},"modified":"2023-11-16T15:08:40","modified_gmt":"2023-11-16T12:08:40","slug":"adanadan-sonra-kirsehirde-sahne-aldilar","status":"publish","type":"post","link":"https:\/\/habermarmaratv.com\/index.php\/2023\/11\/16\/adanadan-sonra-kirsehirde-sahne-aldilar\/","title":{"rendered":"Adana\u2019dan sonra K\u0131r\u015fehir\u2019de sahne ald\u0131lar"},"content":{"rendered":"<p> [ad_1]<br \/>\n<\/p>\n<div id=\"detaymetin\">\n<p>\u00a0<\/p>\n<p><span class=\"text-big\">Adana\u2019dan sonra K\u0131r\u015fehir\u2019de sahne alan \u015eehir Tiyatrosu oyuncular\u0131na oyunun sonunda plaket takdim edildi.\u00a0<\/span><\/p>\n<p><span class=\"text-big\">Cumhuriyet ilkeleri \u0131\u015f\u0131\u011f\u0131nda \u015fehrin k\u00fclt\u00fcrel yap\u0131s\u0131na katk\u0131 sa\u011flamak, tiyatro sanat\u0131n\u0131 yayg\u0131nla\u015ft\u0131rmak ve evrensel de\u011ferlere sahip bireylerin yeti\u015ftirilmesine katk\u0131da bulunmak, kentimizi ulusal ve uluslararas\u0131 alanda k\u00fclt\u00fcr sanat faaliyetleri a\u00e7\u0131s\u0131ndan \u00f6zel bir konuma getirmek ve sanat \u00fcretiminde y\u00fcksek standard\u0131 yakalamak amac\u0131yla Tekirda\u011f B\u00fcy\u00fck\u015fehir Belediyesi taraf\u0131ndan hayata ge\u00e7irilen \u015eehir Tiyatrosu, di\u011fer illerde sahne almaya devam ediyor.<\/span><\/p>\n<p><span class=\"text-big\"><strong>\u201c\u0130L\u0130M\u0130Z\u0130 EN \u0130Y\u0130 \u015eEK\u0130LDE TEMS\u0130L ED\u0130YORLAR\u201d\u00a0<\/strong><\/span><\/p>\n<p>\u00a0<\/p>\n<figure class=\"image\"><img decoding=\"async\" src=\"https:\/\/marmarahaber.com.tr\/resimler\/2023-11\/16\/98363561278690.webp\"\/><\/figure>\n<p><span class=\"text-big\">K\u0131r\u015fehir Belediyesi 1. Tiyatro Festivali\u2019nde \u201cKarmakar\u0131\u015f\u0131k\u201d adl\u0131 oyunu sahneleyen \u015eehir Tiyatrosu oyuncular\u0131, ayakta alk\u0131\u015fland\u0131. Oyun sonunda K\u0131r\u015fehir Belediyesi K\u00fclt\u00fcr ve Sosyal \u0130\u015fler M\u00fcd\u00fcr\u00fc Cumhur Uzun taraf\u0131ndan sanat\u00e7\u0131lara plaket takdim edildi.\u00a0<\/span><\/p>\n<p><span class=\"text-big\">Cumhuriyetin 100. Y\u0131l\u0131nda \u00f6nemli bir projeyi daha hayata ge\u00e7irmenin hakl\u0131 gururunu ya\u015fad\u0131klar\u0131n\u0131 belirten Tekirda\u011f B\u00fcy\u00fck\u015fehir Belediye Ba\u015fkan\u0131 Kadir Albayrak, \u201cCumhuriyetimizin 100. Y\u0131l\u0131n\u0131 kutlad\u0131\u011f\u0131m\u0131z 2023 y\u0131l\u0131nda hizmete sunman\u0131n gururunu ya\u015fad\u0131\u011f\u0131m\u0131z \u015fehir tiyatromuz ilimizi ulusal alanda da en iyi \u015fekilde temsil ediyor.\u00a0<\/span><\/p>\n<p><span class=\"text-big\">T\u00fcm sanat dallar\u0131n\u0131 kapsamaya \u00e7al\u0131\u015fan, bireysel ve toplumsal de\u011ferleri temel alan \u00f6zg\u00fcn sanat eserleri \u00fcretmek \u00fczere her zaman g\u00fczeli ve iyiyi aramak i\u00e7in yola \u00e7\u0131kan ve her durumda k\u00f6klerinden beslenip evrensele ula\u015fmak i\u00e7in devaml\u0131 geli\u015fmeyi ama\u00e7layan bir sanat kurumu olmas\u0131n\u0131 hedefledi\u011fimiz \u015eehir Tiyatromuz, kuruldu\u011fu g\u00fcnden bu yana hem \u00f6d\u00fcllere doymuyor hem de sahneledi\u011fi t\u00fcm oyunlarla izleyicilerin takdirini kazan\u0131yor.\u00a0<\/span><\/p>\n<figure class=\"image\"><img decoding=\"async\" src=\"https:\/\/marmarahaber.com.tr\/resimler\/2023-11\/16\/1045191791055521.webp\"\/><\/figure>\n<p>\u00a0<\/p>\n<p><span class=\"text-big\">K\u0131r\u015fehir Belediyesi\u2019nin d\u00fczenledi\u011fi 1. Tiyatro Festivali\u2019nde \u201cKarmakar\u0131\u015f\u0131k\u201d adl\u0131 oyunla K\u0131r\u015fehirli tiyatroseverlerin g\u00f6n\u00fcllerini fetheden t\u00fcm \u015fehir tiyatrosu ekibimizi kutluyor, ba\u015far\u0131lar\u0131n\u0131n devam\u0131n\u0131 diliyorum.\u00a0<\/span><\/p>\n<p><span class=\"text-big\">Ulu \u00d6nderimiz Mustafa Kemal Atat\u00fcrk\u2019\u00fcn \u2018Milletimizin g\u00fczel sanatlar sevgisini, her t\u00fcrl\u00fc vas\u0131ta ve tedbirlerle besleyerek y\u00fckseltmek milli \u00fclk\u00fcm\u00fczd\u00fcr\u2019 s\u00f6z\u00fcnden hareketle, \u015fehir tiyatrolar\u0131m\u0131z b\u00fcnyesindeki tiyatro sanat\u00e7\u0131lar\u0131m\u0131z\u0131n, Atam\u0131z\u0131n bu s\u00f6z\u00fcn\u00fc ger\u00e7ekle\u015ftireceklerine y\u00fcrekten inan\u0131yor, ba\u015far\u0131larla dolu y\u0131llar diliyorum\u201d dedi.<\/span><\/p>\n<p>\u00a0<\/p>\n<figure class=\"image\"><img decoding=\"async\" src=\"https:\/\/marmarahaber.com.tr\/resimler\/2023-11\/16\/11019372058543.webp\"\/><\/figure>\n<p><span class=\"text-big\"><strong>Haber \/ Buse AKIN \u00a0\u00a0<\/strong><\/span><\/p>\n<\/p><\/div>\n<p>[ad_2]<br \/>\n<br \/><a href=\"https:\/\/www.marmarahaber.com.tr\/haber\/adanadan_sonra_kirsehirde_sahne_aldilar_-86041.html\">Source link <\/a><\/p>\n","protected":false},"excerpt":{"rendered":"<p>[ad_1] \u00a0 Adana\u2019dan sonra K\u0131r\u015fehir\u2019de sahne alan \u015eehir Tiyatrosu oyuncular\u0131na oyunun sonunda plaket takdim edildi.\u00a0 Cumhuriyet ilkeleri \u0131\u015f\u0131\u011f\u0131nda \u015fehrin k\u00fclt\u00fcrel yap\u0131s\u0131na katk\u0131 sa\u011flamak, tiyatro sanat\u0131n\u0131 yayg\u0131nla\u015ft\u0131rmak ve evrensel de\u011ferlere sahip bireylerin yeti\u015ftirilmesine katk\u0131da bulunmak, kentimizi ulusal ve uluslararas\u0131 alanda k\u00fclt\u00fcr sanat faaliyetleri a\u00e7\u0131s\u0131ndan \u00f6zel bir konuma getirmek ve sanat \u00fcretiminde y\u00fcksek standard\u0131 yakalamak amac\u0131yla Tekirda\u011f [&hellip;]<\/p>\n","protected":false},"author":1,"featured_media":2749,"comment_status":"open","ping_status":"open","sticky":false,"template":"","format":"standard","meta":{"footnotes":""},"categories":[10],"tags":[],"class_list":["post-2748","post","type-post","status-publish","format-standard","has-post-thumbnail","hentry","category-gundem"],"_links":{"self":[{"href":"https:\/\/habermarmaratv.com\/index.php\/wp-json\/wp\/v2\/posts\/2748","targetHints":{"allow":["GET"]}}],"collection":[{"href":"https:\/\/habermarmaratv.com\/index.php\/wp-json\/wp\/v2\/posts"}],"about":[{"href":"https:\/\/habermarmaratv.com\/index.php\/wp-json\/wp\/v2\/types\/post"}],"author":[{"embeddable":true,"href":"https:\/\/habermarmaratv.com\/index.php\/wp-json\/wp\/v2\/users\/1"}],"replies":[{"embeddable":true,"href":"https:\/\/habermarmaratv.com\/index.php\/wp-json\/wp\/v2\/comments?post=2748"}],"version-history":[{"count":0,"href":"https:\/\/habermarmaratv.com\/index.php\/wp-json\/wp\/v2\/posts\/2748\/revisions"}],"wp:featuredmedia":[{"embeddable":true,"href":"https:\/\/habermarmaratv.com\/index.php\/wp-json\/wp\/v2\/media\/2749"}],"wp:attachment":[{"href":"https:\/\/habermarmaratv.com\/index.php\/wp-json\/wp\/v2\/media?parent=2748"}],"wp:term":[{"taxonomy":"category","embeddable":true,"href":"https:\/\/habermarmaratv.com\/index.php\/wp-json\/wp\/v2\/categories?post=2748"},{"taxonomy":"post_tag","embeddable":true,"href":"https:\/\/habermarmaratv.com\/index.php\/wp-json\/wp\/v2\/tags?post=2748"}],"curies":[{"name":"wp","href":"https:\/\/api.w.org\/{rel}","templated":true}]}}