{"id":26,"date":"2023-07-02T01:16:20","date_gmt":"2023-07-01T22:16:20","guid":{"rendered":"https:\/\/habermarmaratv.com\/index.php\/2023\/07\/02\/kirklarelinde-endustri-bolgesi-firsati\/"},"modified":"2023-07-02T01:50:43","modified_gmt":"2023-07-01T22:50:43","slug":"kirklarelinde-endustri-bolgesi-firsati","status":"publish","type":"post","link":"https:\/\/habermarmaratv.com\/index.php\/2023\/07\/02\/kirklarelinde-endustri-bolgesi-firsati\/","title":{"rendered":"K\u0131rklareli&#8217;nde End\u00fcstri B\u00f6lgesi f\u0131rsat\u0131"},"content":{"rendered":"<div id=\"detaymetin\">\n<p><span class=\"text-big\">\u0130lgili kurum ve kurulu\u015f yetkilileri, il m\u00fcd\u00fcrleri, Organize Sanayi B\u00f6lge Temsilcileri ve K\u0131rklareli \u00dcniversitesi \u00f6\u011fretim g\u00f6revlilerinin kat\u0131l\u0131mlar\u0131yla d\u00fczenlenen toplant\u0131da End\u00fcstri B\u00f6lgelerinin yat\u0131r\u0131mc\u0131lara ve kuruldu\u011fu \u015fehre sa\u011flad\u0131\u011f\u0131 avantajlar, OSB\u2019lerden \u00fcst\u00fcn y\u00f6nleri gibi konular ele al\u0131nd\u0131.<\/span><\/p>\n<p><span class=\"text-big\"><strong>\u201cETK\u0130N VE VER\u0130ML\u0130 H\u0130ZMET EDEN B\u0130R EKOS\u0130STEM KURULACAK\u201d<\/strong><\/span><\/p>\n<p><span class=\"text-big\">K\u0131rklareli Valili\u011fi\u2019nden yap\u0131lan a\u00e7\u0131klamada, \u201cK\u0131rklareli\u2019nde Kurulmas\u0131 Planlanan End\u00fcstri B\u00f6lgesi ile; K\u0131rklareli\u2019nin b\u00f6lgesel dinamikleri ile uyumlu, entegre bir yap\u0131, \u00fcretim s\u00fcre\u00e7leriyle yat\u0131r\u0131mc\u0131lar aras\u0131 geni\u015f i\u015fbirli\u011fi ve bilgi payla\u015f\u0131m\u0131n\u0131 temin eden y\u00f6netim, ye\u015fil \u00fcretim, malzeme de\u011fi\u015fim sistemi, eko verimlilik ve temiz \u00fcretim merkezi, s\u0131f\u0131r at\u0131k konsepti, yeniden kullan\u0131m, geri kazan\u0131m gibi \u00e7a\u011fda\u015f yakla\u015f\u0131mlar\u0131 benimseyen \u00e7evre duyarl\u0131l\u0131\u011f\u0131, s\u00fcrekli ve etkili bilgi ak\u0131\u015f\u0131 ile dan\u0131\u015fmanl\u0131k ve ment\u00f6rl\u00fck hizmetleri, d\u00fcnya ve \u00fclkemizdeki sanayi b\u00f6lgeleri, kamu, \u00fcniversiteler, sekt\u00f6rel STK\u2019lar ve benzeri b\u00f6lge yat\u0131r\u0131mc\u0131s\u0131na katk\u0131 sa\u011flayacak kurum ve kurulu\u015flarla s\u00fcrekli ili\u015fkiler, b\u00f6lgedeki firmalara \u0130nsan Kayna\u011f\u0131 Temin Merkezi, b\u00f6lgedeki firmalara Mesleki E\u011fitim Merkezi, b\u00f6lgedeki firmalara nitelikli ara eleman i\u00e7in Teknik Kolej ve Teknoloji \u00dcniversitesi, Ar-Ge Merkezleri, Teknopark, Kulu\u00e7ka Merkezi, Teknoloji Transfer Ofisi, Ortak \u00dcretim Alanlar\u0131, Ortak Bilgi ve \u0130leti\u015fim Platformu, One Stop Shop (Tek Noktadan Hizmet), Rekabet\u00e7i fiyatlarla altyap\u0131 hizmetleri sunumu, Test ve Laboratuvar hizmetleri sunumu, \u00fcniversiteler, ilgili kamu &#8211; \u00f6zel sekt\u00f6r kurulu\u015flar\u0131 ile yak\u0131n i\u015f birli\u011fi ve ortak \u00e7al\u0131\u015fma mekanizmalar\u0131 ile pek \u00e7ok yenili\u011fi i\u00e7inde bar\u0131nd\u0131ran yeni, \u00e7a\u011fda\u015f, \u00fclke hedeflerine ve kat\u0131l\u0131mc\u0131lar\u0131na etkin ve verimli hizmet eden bir ekosistem kurulacak\u201d denildi.\u00a0<\/span><\/p>\n<p><span class=\"text-big\"><strong>Haber \/ Ba\u015ftu\u011f Alperen KARDE\u015e<\/strong><\/span><\/p>\n<\/div>\n","protected":false},"excerpt":{"rendered":"<p>\u0130lgili kurum ve kurulu\u015f yetkilileri, il m\u00fcd\u00fcrleri, Organize Sanayi B\u00f6lge Temsilcileri ve K\u0131rklareli \u00dcniversitesi \u00f6\u011fretim g\u00f6revlilerinin kat\u0131l\u0131mlar\u0131yla d\u00fczenlenen toplant\u0131da End\u00fcstri B\u00f6lgelerinin yat\u0131r\u0131mc\u0131lara ve kuruldu\u011fu \u015fehre sa\u011flad\u0131\u011f\u0131 avantajlar, OSB\u2019lerden \u00fcst\u00fcn y\u00f6nleri gibi konular ele al\u0131nd\u0131. \u201cETK\u0130N VE VER\u0130ML\u0130 H\u0130ZMET EDEN B\u0130R EKOS\u0130STEM KURULACAK\u201d K\u0131rklareli Valili\u011fi\u2019nden yap\u0131lan a\u00e7\u0131klamada, \u201cK\u0131rklareli\u2019nde Kurulmas\u0131 Planlanan End\u00fcstri B\u00f6lgesi ile; K\u0131rklareli\u2019nin b\u00f6lgesel dinamikleri [&hellip;]<\/p>\n","protected":false},"author":1,"featured_media":27,"comment_status":"open","ping_status":"open","sticky":false,"template":"","format":"standard","meta":{"footnotes":""},"categories":[1],"tags":[],"class_list":["post-26","post","type-post","status-publish","format-standard","has-post-thumbnail","hentry","category-blog"],"_links":{"self":[{"href":"https:\/\/habermarmaratv.com\/index.php\/wp-json\/wp\/v2\/posts\/26","targetHints":{"allow":["GET"]}}],"collection":[{"href":"https:\/\/habermarmaratv.com\/index.php\/wp-json\/wp\/v2\/posts"}],"about":[{"href":"https:\/\/habermarmaratv.com\/index.php\/wp-json\/wp\/v2\/types\/post"}],"author":[{"embeddable":true,"href":"https:\/\/habermarmaratv.com\/index.php\/wp-json\/wp\/v2\/users\/1"}],"replies":[{"embeddable":true,"href":"https:\/\/habermarmaratv.com\/index.php\/wp-json\/wp\/v2\/comments?post=26"}],"version-history":[{"count":1,"href":"https:\/\/habermarmaratv.com\/index.php\/wp-json\/wp\/v2\/posts\/26\/revisions"}],"predecessor-version":[{"id":81,"href":"https:\/\/habermarmaratv.com\/index.php\/wp-json\/wp\/v2\/posts\/26\/revisions\/81"}],"wp:featuredmedia":[{"embeddable":true,"href":"https:\/\/habermarmaratv.com\/index.php\/wp-json\/wp\/v2\/media\/27"}],"wp:attachment":[{"href":"https:\/\/habermarmaratv.com\/index.php\/wp-json\/wp\/v2\/media?parent=26"}],"wp:term":[{"taxonomy":"category","embeddable":true,"href":"https:\/\/habermarmaratv.com\/index.php\/wp-json\/wp\/v2\/categories?post=26"},{"taxonomy":"post_tag","embeddable":true,"href":"https:\/\/habermarmaratv.com\/index.php\/wp-json\/wp\/v2\/tags?post=26"}],"curies":[{"name":"wp","href":"https:\/\/api.w.org\/{rel}","templated":true}]}}