{"id":2484,"date":"2023-11-09T12:52:21","date_gmt":"2023-11-09T09:52:21","guid":{"rendered":"https:\/\/habermarmaratv.com\/index.php\/2023\/11\/09\/kofcazda-asilama-ve-kupeleme-calismalari-suruyor\/"},"modified":"2023-11-09T12:52:21","modified_gmt":"2023-11-09T09:52:21","slug":"kofcazda-asilama-ve-kupeleme-calismalari-suruyor","status":"publish","type":"post","link":"https:\/\/habermarmaratv.com\/index.php\/2023\/11\/09\/kofcazda-asilama-ve-kupeleme-calismalari-suruyor\/","title":{"rendered":"Kof\u00e7az\u2019da a\u015f\u0131lama ve k\u00fcpeleme \u00e7al\u0131\u015fmalar\u0131 s\u00fcr\u00fcyor"},"content":{"rendered":"<p> [ad_1]<br \/>\n<br \/><img decoding=\"async\" src=\"https:\/\/www.marmarahaber.com.tr\/resimler\/2023-11\/9\/635122055341865.webp\" \/><\/p>\n<div id=\"detaymetin\">\n<p>\u00a0<\/p>\n<p><span class=\"text-big\">B\u00fcy\u00fckba\u015f hayvanlar do\u011fumlar\u0131ndan itibaren 6 ay i\u00e7erisinde, k\u00fc\u00e7\u00fckba\u015f hayvanlar ise 12 ay i\u00e7erisinde ve do\u011fduklar\u0131 i\u015fletmeden ayr\u0131lmadan \u00f6nce k\u00fcpelenerek kay\u0131t alt\u0131na al\u0131n\u0131yor.\u00a0<\/span><\/p>\n<p><span class=\"text-big\">K\u0131rklareli \u0130l Tar\u0131m ve Orman M\u00fcd\u00fcrl\u00fc\u011f\u00fc\u2019nden yap\u0131lan a\u00e7\u0131klamada, \u201c2002 y\u0131l\u0131nda b\u00fcy\u00fckba\u015f hayvanlarda, 2010 y\u0131l\u0131nda ise k\u00fc\u00e7\u00fckba\u015f hayvanlarda ba\u015flayan k\u00fcpeleme ve kay\u0131t alt\u0131na alma i\u015flemlerinin amac\u0131 hayvanlar\u0131n tan\u0131mlanmas\u0131, kay\u0131t alt\u0131na al\u0131narak tescil edilmesi, hayvan hastal\u0131klar\u0131n\u0131n ve hareketlerinin etkin olarak kontrol\u00fcn\u00fcn sa\u011flanmas\u0131, hayvanc\u0131l\u0131k desteklemeleri, sa\u011fl\u0131k, \u0131slah ve istatistik ile ilgili kay\u0131tlar ve Tar\u0131m ve Orman Bakanl\u0131\u011f\u0131\u2019n\u0131n hayvanc\u0131l\u0131k politikalar\u0131n\u0131n belirlenmesi a\u00e7\u0131s\u0131ndan b\u00fcy\u00fck \u00f6nem arz etmektedir\u201d denildi.<\/span><\/p>\n<p><span class=\"text-big\"><strong>\u201cS\u00dcR\u00dcYE KONTROLS\u00dcZ HAYVAN SOKULMAMALI\u201d<\/strong><\/span><\/p>\n<p><span class=\"text-big\">Hayvan hastal\u0131klar\u0131n\u0131n, \u00fcretimi ciddi derecede olumsuz etkileyen bir unsur oldu\u011fu, hasta hayvanlar\u0131n kay\u0131t alt\u0131na al\u0131nmas\u0131 ve hastal\u0131ktan korunma y\u00f6ntemlerinin kesintisiz uygulanmas\u0131 gerekti\u011fi belirtilerek, \u201c\u00d6zellikle Brusellozis, \u00fclkemiz ve d\u00fcnya hayvanc\u0131l\u0131\u011f\u0131na zarar veren kronik bakteriyel bir enfeksiyondur.\u00a0<\/span><\/p>\n<p><span class=\"text-big\">Brusella hastal\u0131\u011f\u0131 bir s\u00fcr\u00fcye girdikten sonra, s\u00fcr\u00fcn\u00fcn hastal\u0131ktan temizlenmesi olduk\u00e7a masrafl\u0131d\u0131r ve uzun zaman al\u0131r. Bu nedenle hastal\u0131ktan korunma \u00e7ok \u00f6nemli olup, s\u00fcr\u00fcye kontrols\u00fcz hayvan sokulmamal\u0131d\u0131r. Hastal\u0131\u011fa yakalanan ve te\u015fhisi konulan hayvanlar mecburi kesime tabi tutulup imha edilir. Korunma a\u015f\u0131lama ile m\u00fcmk\u00fcnd\u00fcr\u201d ifadelerine yer verildi.\u00a0<\/span><\/p>\n<p><span class=\"text-big\"><strong>\u00c7ALI\u015eMALAR DEVAM ED\u0130YOR\u00a0<\/strong><\/span><\/p>\n<p><span class=\"text-big\">B\u00fcy\u00fckba\u015f hayvanlar\u0131n do\u011fumlar\u0131ndan itibaren 6 ay i\u00e7erisinde, k\u00fc\u00e7\u00fckba\u015f hayvanlar\u0131n ise 12 ay i\u00e7erisinde ve do\u011fduklar\u0131 i\u015fletmeden ayr\u0131lmadan \u00f6nce k\u00fcpelenerek kay\u0131t alt\u0131na al\u0131nmas\u0131 gerekti\u011fi belirtilerek, \u201cBu kapsamda Kof\u00e7az il\u00e7emizde \u0130l\u00e7e Tar\u0131m ve Orman M\u00fcd\u00fcrl\u00fc\u011f\u00fcm\u00fcz\u00fcn teknik ekipleri taraf\u0131ndan Brucella Rev-1 a\u015f\u0131lamas\u0131 devam etmekte olup, k\u00fc\u00e7\u00fckba\u015f hayvanlar\u0131n k\u00fcpelenerek kay\u0131t alt\u0131na al\u0131nmas\u0131 \u00e7al\u0131\u015fmalar\u0131na devam edilmektedir\u201d denildi.\u00a0<\/span><\/p>\n<p><span class=\"text-big\"><strong>Haber \/ Erdal AYDIN\u00a0<\/strong><\/span><\/p>\n<\/p><\/div>\n<p>[ad_2]<br \/>\n<br \/><a href=\"https:\/\/www.marmarahaber.com.tr\/haber\/kofcazda_asilama_ve_kupeleme_calismalari_suruyor_-85922.html\">Source link <\/a><\/p>\n","protected":false},"excerpt":{"rendered":"<p>[ad_1] \u00a0 B\u00fcy\u00fckba\u015f hayvanlar do\u011fumlar\u0131ndan itibaren 6 ay i\u00e7erisinde, k\u00fc\u00e7\u00fckba\u015f hayvanlar ise 12 ay i\u00e7erisinde ve do\u011fduklar\u0131 i\u015fletmeden ayr\u0131lmadan \u00f6nce k\u00fcpelenerek kay\u0131t alt\u0131na al\u0131n\u0131yor.\u00a0 K\u0131rklareli \u0130l Tar\u0131m ve Orman M\u00fcd\u00fcrl\u00fc\u011f\u00fc\u2019nden yap\u0131lan a\u00e7\u0131klamada, \u201c2002 y\u0131l\u0131nda b\u00fcy\u00fckba\u015f hayvanlarda, 2010 y\u0131l\u0131nda ise k\u00fc\u00e7\u00fckba\u015f hayvanlarda ba\u015flayan k\u00fcpeleme ve kay\u0131t alt\u0131na alma i\u015flemlerinin amac\u0131 hayvanlar\u0131n tan\u0131mlanmas\u0131, kay\u0131t alt\u0131na al\u0131narak tescil [&hellip;]<\/p>\n","protected":false},"author":1,"featured_media":2485,"comment_status":"open","ping_status":"open","sticky":false,"template":"","format":"standard","meta":{"footnotes":""},"categories":[10],"tags":[],"class_list":["post-2484","post","type-post","status-publish","format-standard","has-post-thumbnail","hentry","category-gundem"],"_links":{"self":[{"href":"https:\/\/habermarmaratv.com\/index.php\/wp-json\/wp\/v2\/posts\/2484","targetHints":{"allow":["GET"]}}],"collection":[{"href":"https:\/\/habermarmaratv.com\/index.php\/wp-json\/wp\/v2\/posts"}],"about":[{"href":"https:\/\/habermarmaratv.com\/index.php\/wp-json\/wp\/v2\/types\/post"}],"author":[{"embeddable":true,"href":"https:\/\/habermarmaratv.com\/index.php\/wp-json\/wp\/v2\/users\/1"}],"replies":[{"embeddable":true,"href":"https:\/\/habermarmaratv.com\/index.php\/wp-json\/wp\/v2\/comments?post=2484"}],"version-history":[{"count":0,"href":"https:\/\/habermarmaratv.com\/index.php\/wp-json\/wp\/v2\/posts\/2484\/revisions"}],"wp:featuredmedia":[{"embeddable":true,"href":"https:\/\/habermarmaratv.com\/index.php\/wp-json\/wp\/v2\/media\/2485"}],"wp:attachment":[{"href":"https:\/\/habermarmaratv.com\/index.php\/wp-json\/wp\/v2\/media?parent=2484"}],"wp:term":[{"taxonomy":"category","embeddable":true,"href":"https:\/\/habermarmaratv.com\/index.php\/wp-json\/wp\/v2\/categories?post=2484"},{"taxonomy":"post_tag","embeddable":true,"href":"https:\/\/habermarmaratv.com\/index.php\/wp-json\/wp\/v2\/tags?post=2484"}],"curies":[{"name":"wp","href":"https:\/\/api.w.org\/{rel}","templated":true}]}}