{"id":2340,"date":"2023-11-04T17:48:22","date_gmt":"2023-11-04T14:48:22","guid":{"rendered":"https:\/\/habermarmaratv.com\/index.php\/2023\/11\/04\/81-ilde-cengel-operasyonu\/"},"modified":"2023-11-04T17:48:22","modified_gmt":"2023-11-04T14:48:22","slug":"81-ilde-cengel-operasyonu","status":"publish","type":"post","link":"https:\/\/habermarmaratv.com\/index.php\/2023\/11\/04\/81-ilde-cengel-operasyonu\/","title":{"rendered":"81 ilde \u2018\u00c7engel\u2019 operasyonu"},"content":{"rendered":"<p> [ad_1]<br \/>\n<\/p>\n<div id=\"detaymetin\">\n<p><span class=\"text-big\">Bakan Yerlikaya, sosyal medya hesab\u0131ndan ka\u00e7ak ve sahte i\u00e7ki ile ilgili 81 il genelinde &#8216;\u00c7engel&#8217; kod adl\u0131 operasyon yap\u0131ld\u0131\u011f\u0131n\u0131 a\u00e7\u0131klad\u0131.\u00a0<\/span><\/p>\n<p><span class=\"text-big\"><strong>43 M\u0130LYON TL VERG\u0130 KAYBININ \u00d6N\u00dcNE GE\u00c7\u0130LD\u0130<\/strong><\/span><\/p>\n<p><span class=\"text-big\">Emniyet Genel M\u00fcd\u00fcrl\u00fc\u011f\u00fc Ka\u00e7ak\u00e7\u0131l\u0131k ve Organize Su\u00e7larla M\u00fccadele Ba\u015fkanl\u0131\u011f\u0131 koordinesinde il emniyet m\u00fcd\u00fcrl\u00fcklerince yap\u0131lan operasyonda, 216 \u015f\u00fcpheli g\u00f6zalt\u0131na al\u0131nd\u0131. Operasyonda; 25 yasa d\u0131\u015f\u0131 i\u00e7ki imalathanesi tespit edildi.\u00a0<\/span><\/p>\n<p><span class=\"text-big\">30 bin 126 litre etil alkol, 15 bin 300 litre ka\u00e7ak ve sahte i\u00e7ki, 3 bin 132 \u015fi\u015fe ka\u00e7ak ve sahte i\u00e7ki, 1497 bo\u015f \u015fi\u015fe, 2 bin 364 bandrol, 2 bin 658 alkol aromas\u0131, 2 bin 134 etiket ele ge\u00e7irildi. Gelir \u0130daresi Ba\u015fkanl\u0131\u011f\u0131 ile yap\u0131lan ortak de\u011ferlendirmede, yakla\u015f\u0131k 43 milyon TL vergi kayb\u0131n\u0131n \u00f6n\u00fcne ge\u00e7ildi\u011fi saptand\u0131.<\/span><\/p>\n<p><span class=\"text-big\"><strong>25 KA\u00c7AK \u0130MALATHANE TESP\u0130T ED\u0130LD\u0130\u00a0<\/strong><\/span><\/p>\n<p>\u00a0<\/p>\n<figure class=\"image\"><img decoding=\"async\" src=\"https:\/\/marmarahaber.com.tr\/resimler\/2023-11\/4\/52600516089955.webp\"\/><\/figure>\n<p><span class=\"text-big\">\u0130\u00e7i\u015fleri Bakan\u0131 Ali Yerlikaya, \u201cMilletimizin can g\u00fcvenli\u011fi ve sa\u011fl\u0131\u011f\u0131n\u0131 tehdit eden ayn\u0131 zamanda \u00fclkemizin b\u00fcy\u00fck miktarda vergi kayb\u0131na u\u011framas\u0131na neden olan ka\u00e7ak ve sahte alkoll\u00fc i\u00e7ki ticaretinin engellenmesi amac\u0131yla Emniyet Genel M\u00fcd\u00fcrl\u00fc\u011f\u00fc Ka\u00e7ak\u00e7\u0131l\u0131k ve Organize Su\u00e7larla M\u00fccadele Ba\u015fkanl\u0131\u011f\u0131m\u0131z koordinesinde 81 il Emniyet M\u00fcd\u00fcrl\u00fcklerimizce &#8220;\u00c7engel Operasyonu&#8221; ger\u00e7ekle\u015ftirildi.\u00a0<\/span><\/p>\n<p><span class=\"text-big\">25 adet yasad\u0131\u015f\u0131 ka\u00e7ak ve sahte alkoll\u00fc i\u00e7ki imalathanesi tespit edildi. Operasyona Gelir \u0130daresi Ba\u015fkanl\u0131\u011f\u0131 ta\u015fra birimleri de kat\u0131ld\u0131. Gelir \u0130daresi Ba\u015fkanl\u0131\u011f\u0131 ile yap\u0131lan ortak de\u011ferlendirmede yakla\u015f\u0131k 43 Milyon TL\u2019lik vergi kayb\u0131n\u0131n \u00f6n\u00fcne ge\u00e7ildi. Operasyonlar\u0131 ger\u00e7ekle\u015ftiren Polislerimizi ve Gelir \u0130daresi Ba\u015fkanl\u0131\u011f\u0131m\u0131z \u00e7al\u0131\u015fanlar\u0131n\u0131 tebrik ediyorum. \u00dclkemizin d\u00f6rt bir yan\u0131nda ka\u00e7ak\u00e7\u0131lara ve sahtecili\u011fe kar\u015f\u0131 operasyonlar\u0131m\u0131z artarak devam edecek\u201d ifadelerini kulland\u0131.\u00a0<\/span><\/p>\n<p>\u00a0<\/p>\n<figure class=\"image\"><img decoding=\"async\" src=\"https:\/\/marmarahaber.com.tr\/resimler\/2023-11\/4\/609281035745420.webp\"\/><\/figure>\n<p><span class=\"text-big\"><strong>Haber \/ \u015eaban KARDE\u015e\u00a0<\/strong><\/span><br \/>\u00a0<\/p>\n<\/p><\/div>\n<p>[ad_2]<br \/>\n<br \/><a href=\"https:\/\/www.marmarahaber.com.tr\/haber\/81_ilde_cengel_operasyonu_-85858.html\">Source link <\/a><\/p>\n","protected":false},"excerpt":{"rendered":"<p>[ad_1] Bakan Yerlikaya, sosyal medya hesab\u0131ndan ka\u00e7ak ve sahte i\u00e7ki ile ilgili 81 il genelinde &#8216;\u00c7engel&#8217; kod adl\u0131 operasyon yap\u0131ld\u0131\u011f\u0131n\u0131 a\u00e7\u0131klad\u0131.\u00a0 43 M\u0130LYON TL VERG\u0130 KAYBININ \u00d6N\u00dcNE GE\u00c7\u0130LD\u0130 Emniyet Genel M\u00fcd\u00fcrl\u00fc\u011f\u00fc Ka\u00e7ak\u00e7\u0131l\u0131k ve Organize Su\u00e7larla M\u00fccadele Ba\u015fkanl\u0131\u011f\u0131 koordinesinde il emniyet m\u00fcd\u00fcrl\u00fcklerince yap\u0131lan operasyonda, 216 \u015f\u00fcpheli g\u00f6zalt\u0131na al\u0131nd\u0131. Operasyonda; 25 yasa d\u0131\u015f\u0131 i\u00e7ki imalathanesi tespit edildi.\u00a0 [&hellip;]<\/p>\n","protected":false},"author":1,"featured_media":2341,"comment_status":"open","ping_status":"open","sticky":false,"template":"","format":"standard","meta":{"footnotes":""},"categories":[10],"tags":[],"class_list":["post-2340","post","type-post","status-publish","format-standard","has-post-thumbnail","hentry","category-gundem"],"_links":{"self":[{"href":"https:\/\/habermarmaratv.com\/index.php\/wp-json\/wp\/v2\/posts\/2340","targetHints":{"allow":["GET"]}}],"collection":[{"href":"https:\/\/habermarmaratv.com\/index.php\/wp-json\/wp\/v2\/posts"}],"about":[{"href":"https:\/\/habermarmaratv.com\/index.php\/wp-json\/wp\/v2\/types\/post"}],"author":[{"embeddable":true,"href":"https:\/\/habermarmaratv.com\/index.php\/wp-json\/wp\/v2\/users\/1"}],"replies":[{"embeddable":true,"href":"https:\/\/habermarmaratv.com\/index.php\/wp-json\/wp\/v2\/comments?post=2340"}],"version-history":[{"count":0,"href":"https:\/\/habermarmaratv.com\/index.php\/wp-json\/wp\/v2\/posts\/2340\/revisions"}],"wp:featuredmedia":[{"embeddable":true,"href":"https:\/\/habermarmaratv.com\/index.php\/wp-json\/wp\/v2\/media\/2341"}],"wp:attachment":[{"href":"https:\/\/habermarmaratv.com\/index.php\/wp-json\/wp\/v2\/media?parent=2340"}],"wp:term":[{"taxonomy":"category","embeddable":true,"href":"https:\/\/habermarmaratv.com\/index.php\/wp-json\/wp\/v2\/categories?post=2340"},{"taxonomy":"post_tag","embeddable":true,"href":"https:\/\/habermarmaratv.com\/index.php\/wp-json\/wp\/v2\/tags?post=2340"}],"curies":[{"name":"wp","href":"https:\/\/api.w.org\/{rel}","templated":true}]}}