{"id":2006,"date":"2023-10-25T03:50:53","date_gmt":"2023-10-25T00:50:53","guid":{"rendered":"https:\/\/habermarmaratv.com\/index.php\/2023\/10\/25\/5-kultur-mirasi-calistayi-yapildi\/"},"modified":"2023-10-25T03:50:53","modified_gmt":"2023-10-25T00:50:53","slug":"5-kultur-mirasi-calistayi-yapildi","status":"publish","type":"post","link":"https:\/\/habermarmaratv.com\/index.php\/2023\/10\/25\/5-kultur-mirasi-calistayi-yapildi\/","title":{"rendered":"5. K\u00fclt\u00fcr Miras\u0131 \u00c7al\u0131\u015ftay\u0131 yap\u0131ld\u0131"},"content":{"rendered":"<p> [ad_1]<br \/>\n<\/p>\n<div id=\"detaymetin\">\n<p><span class=\"text-big\">2017 y\u0131l\u0131ndan beri Trakya \u00dcniversitesi Mimarl\u0131k Fak\u00fcltesi taraf\u0131ndan farkl\u0131 \u00fclke ve \u015fehirlerdeki \u00fcniversitelerin mimarl\u0131k fak\u00fcltelerinden \u00f6\u011frencilerin ve akademisyenlerin kat\u0131l\u0131m\u0131yla ger\u00e7ekle\u015ftirilen Edirne A\u00e7\u0131khava Amfisi Gelece\u011fin Mimarlar\u0131n\u0131 Yeti\u015ftiriyor K\u00fclt\u00fcr Miras\u0131 \u00c7al\u0131\u015ftay\u0131\u2019n\u0131n 5\u2019incisi Mimarl\u0131k Fak\u00fcltesi\u2019nde yap\u0131ld\u0131.\u00a0<\/span><\/p>\n<p><span class=\"text-big\"><strong>4 AT\u00d6LYE \u00c7ALI\u015eMASI YAPILDI\u00a0<\/strong><\/span><\/p>\n<p><span class=\"text-big\">Edirne\u2019nin k\u00fclt\u00fcr miras\u0131n\u0131n zenginli\u011fini tan\u0131tmada \u00f6nemli bir role sahip olan \u00e7al\u0131\u015ftayda, bu y\u0131l Trakya \u00dcniversitesi \u00f6\u011frencileri taraf\u0131ndan \u201cRisk alt\u0131nda k\u00fclt\u00fcr miras\u0131\u201d adl\u0131 tema ile 4 at\u00f6lye \u00e7al\u0131\u015fmas\u0131 ger\u00e7ekle\u015ftirildi.<\/span><\/p>\n<p><span class=\"text-big\"><strong>\u00d6\u011eRENC\u0130LERDEN \u00c7ALI\u015eMALARI HAKKINDA B\u0130LG\u0130 ALDILAR\u00a0<\/strong><\/span><\/p>\n<p><span class=\"text-big\">Trakya \u00dcniversitesi Mimarl\u0131k Fak\u00fcltesi taraf\u0131ndan d\u00fczenlenen ve be\u015f g\u00fcn s\u00fcren 5. K\u00fclt\u00fcr Miras\u0131 \u00c7al\u0131\u015ftay\u0131\u2019n\u0131n sonunda kapan\u0131\u015f t\u00f6reni ve sergisi ger\u00e7ekle\u015ftirildi. Kapan\u0131\u015f t\u00f6reni \u00f6ncesinde ge\u00e7ekle\u015ftirilen, Trakya \u00fcniversitesi \u00f6\u011frencilerinin at\u00f6lye \u00e7al\u0131\u015fmalar\u0131ndan olu\u015fan sergiye; Rekt\u00f6r Prof. Dr. Erhan Tabako\u011flu ile Bat\u0131 Trakya T\u00fcrk toplumunun unutulmaz lideri Dr. Sad\u0131k Ahmet\u2019in e\u015fi I\u015f\u0131k Ahmet kat\u0131ld\u0131. Rekt\u00f6r Prof. Dr. Erhan Tabako\u011flu sergiyi gezerek \u00f6\u011frencilerden \u00e7al\u0131\u015fmalar\u0131 hakk\u0131nda bilgi ald\u0131.<\/span><\/p>\n<p><span class=\"text-big\"><strong>\u201c\u00c7OK ANLAMLI\u201d\u00a0<\/strong><\/span><\/p>\n<p><span class=\"text-big\">Serginin sonunda bir konu\u015fma yapan Rekt\u00f6r Prof. Dr. Erhan Tabako\u011flu, \u201cEdirne A\u00e7\u0131khava Amfisi Gelece\u011fin Mimarlar\u0131n\u0131 Yeti\u015ftiriyor projesini, Selimiye\u2019nin g\u00f6lgesinde ger\u00e7ekle\u015ftiriyor olmak \u00e7ok anlaml\u0131. Var olan k\u00fclt\u00fcr varl\u0131klar\u0131m\u0131za be\u015f duyunuzla yakla\u015ft\u0131n\u0131z. Ama bir de kalben de yak\u0131nla\u015fma oldu. Biz alt\u0131nc\u0131 duyu diyoruz buna.\u00a0<\/span><\/p>\n<p><span class=\"text-big\">Bu anlamda art\u0131k Edirne ile bir ba\u011f kurmu\u015f oldunuz. \u0130nan\u0131yorum ki bu ba\u011f size yarat\u0131c\u0131l\u0131kta da ilham kayna\u011f\u0131 olacakt\u0131r. Ger\u00e7ekle\u015ftirmi\u015f oldu\u011funuz at\u00f6lye \u00e7al\u0131\u015fmalar\u0131n\u0131zdan dolay\u0131 hepinizi tebrik ediyor, projenin ger\u00e7ekle\u015ftirilmesinde eme\u011fi ge\u00e7en herkese te\u015fekk\u00fcr ediyorum.\u201d dedi. Serginin ard\u0131ndan eme\u011fi ge\u00e7enlere Rekt\u00f6r Prof. Dr. Erhan Tabako\u011flu ve I\u015f\u0131k Ahmet taraf\u0131ndan te\u015fekk\u00fcr belgeleri verildi.<\/span><\/p>\n<p><span class=\"text-big\"><strong>\u201cED\u0130RNE\u2019N\u0130N NELERLE KAR\u015eILA\u015eAB\u0130LECE\u011e\u0130N\u0130 D\u00dc\u015e\u00dcND\u00dcK\u201d<\/strong><\/span><\/p>\n<p>\u00a0<\/p>\n<figure class=\"image\"><img decoding=\"async\" src=\"https:\/\/marmarahaber.com.tr\/resimler\/2023-10\/24\/577641485566971.webp\"\/><\/figure>\n<p><span class=\"text-big\">Ard\u0131ndan \u00e7al\u0131\u015ftay\u0131n kapan\u0131\u015f t\u00f6renine ge\u00e7ildi. Kapan\u0131\u015f t\u00f6reninde konu\u015fan Mimarl\u0131k Fak\u00fcltesi Dekan\u0131 Prof. Dr. Burcu Hamide \u00d6zg\u00fcven, \u201cBu \u00e7al\u0131\u015ftay \u00f6zellikle birinci s\u0131n\u0131f \u00f6\u011frencileri i\u00e7in \u00e7ok \u00f6nemli bir deneyim oldu. E\u011fitim hayat\u0131na ba\u015flar ba\u015flamaz bir at\u00f6lye \u00e7al\u0131\u015fmas\u0131n\u0131n i\u00e7erisine dahil oldular.\u00a0<\/span><\/p>\n<p><span class=\"text-big\">\u00c7al\u0131\u015ftay\u0131n temas\u0131n\u0131n se\u00e7im nedenimiz \u015eubat ay\u0131nda ya\u015fad\u0131\u011f\u0131m\u0131z deprem olmu\u015ftur. Ku\u015fkusuz ki Edirne tarihi boyunca bir\u00e7ok deprem felaketi ya\u015fam\u0131\u015ft\u0131r. Bunun d\u0131\u015f\u0131nda su bask\u0131nlar\u0131, yang\u0131nlar gibi do\u011fan\u0131n getirdi\u011fi afetleri ya\u015fad\u0131 bu \u015fehir. Bunlar\u0131n d\u0131\u015f\u0131nda kar\u015f\u0131la\u015ft\u0131\u011f\u0131m\u0131z ba\u015fka riskler de var. Bu riskler uluslararas\u0131 olarak tan\u0131mlanm\u0131\u015f risklerdir.\u00a0<\/span><\/p>\n<p><span class=\"text-big\">UNESCO taraf\u0131ndan belirlenmi\u015f bir grup risk fakt\u00f6r\u00fcn\u00fc kendi \u00e7al\u0131\u015ftay\u0131m\u0131za ta\u015f\u0131yarak bu riskler \u00fczerine Edirne\u2019nin nelerle kar\u015f\u0131la\u015fabilece\u011fini d\u00fc\u015f\u00fcnd\u00fck ve bu konuda at\u00f6lye \u00e7al\u0131\u015fmalar\u0131 ger\u00e7ekle\u015ftirdik\u201d diyerek, eme\u011fi ge\u00e7enlere te\u015fekk\u00fcr etti.\u00a0<\/span><\/p>\n<p><span class=\"text-big\">Kapan\u0131\u015f t\u00f6reninin sonunda \u00f6\u011frenciler ve akademik dan\u0131\u015fmanlar\u0131 at\u00f6lyede ortaya koyduklar\u0131 \u00e7al\u0131\u015fmalar hakk\u0131nda bir sunum ger\u00e7ekle\u015ftirdi.<\/span><\/p>\n<p><span class=\"text-big\"><strong>Haber \/ Men\u015fure KARDE\u015e\u00a0<\/strong><\/span><\/p>\n<\/p><\/div>\n<p>[ad_2]<br \/>\n<br \/><a href=\"https:\/\/www.marmarahaber.com.tr\/haber\/5_kultur_mirasi_calistayi_yapildi_-85699.html\">Source link <\/a><\/p>\n","protected":false},"excerpt":{"rendered":"<p>[ad_1] 2017 y\u0131l\u0131ndan beri Trakya \u00dcniversitesi Mimarl\u0131k Fak\u00fcltesi taraf\u0131ndan farkl\u0131 \u00fclke ve \u015fehirlerdeki \u00fcniversitelerin mimarl\u0131k fak\u00fcltelerinden \u00f6\u011frencilerin ve akademisyenlerin kat\u0131l\u0131m\u0131yla ger\u00e7ekle\u015ftirilen Edirne A\u00e7\u0131khava Amfisi Gelece\u011fin Mimarlar\u0131n\u0131 Yeti\u015ftiriyor K\u00fclt\u00fcr Miras\u0131 \u00c7al\u0131\u015ftay\u0131\u2019n\u0131n 5\u2019incisi Mimarl\u0131k Fak\u00fcltesi\u2019nde yap\u0131ld\u0131.\u00a0 4 AT\u00d6LYE \u00c7ALI\u015eMASI YAPILDI\u00a0 Edirne\u2019nin k\u00fclt\u00fcr miras\u0131n\u0131n zenginli\u011fini tan\u0131tmada \u00f6nemli bir role sahip olan \u00e7al\u0131\u015ftayda, bu y\u0131l Trakya \u00dcniversitesi \u00f6\u011frencileri taraf\u0131ndan [&hellip;]<\/p>\n","protected":false},"author":1,"featured_media":2007,"comment_status":"open","ping_status":"open","sticky":false,"template":"","format":"standard","meta":{"footnotes":""},"categories":[10],"tags":[],"class_list":["post-2006","post","type-post","status-publish","format-standard","has-post-thumbnail","hentry","category-gundem"],"_links":{"self":[{"href":"https:\/\/habermarmaratv.com\/index.php\/wp-json\/wp\/v2\/posts\/2006","targetHints":{"allow":["GET"]}}],"collection":[{"href":"https:\/\/habermarmaratv.com\/index.php\/wp-json\/wp\/v2\/posts"}],"about":[{"href":"https:\/\/habermarmaratv.com\/index.php\/wp-json\/wp\/v2\/types\/post"}],"author":[{"embeddable":true,"href":"https:\/\/habermarmaratv.com\/index.php\/wp-json\/wp\/v2\/users\/1"}],"replies":[{"embeddable":true,"href":"https:\/\/habermarmaratv.com\/index.php\/wp-json\/wp\/v2\/comments?post=2006"}],"version-history":[{"count":0,"href":"https:\/\/habermarmaratv.com\/index.php\/wp-json\/wp\/v2\/posts\/2006\/revisions"}],"wp:featuredmedia":[{"embeddable":true,"href":"https:\/\/habermarmaratv.com\/index.php\/wp-json\/wp\/v2\/media\/2007"}],"wp:attachment":[{"href":"https:\/\/habermarmaratv.com\/index.php\/wp-json\/wp\/v2\/media?parent=2006"}],"wp:term":[{"taxonomy":"category","embeddable":true,"href":"https:\/\/habermarmaratv.com\/index.php\/wp-json\/wp\/v2\/categories?post=2006"},{"taxonomy":"post_tag","embeddable":true,"href":"https:\/\/habermarmaratv.com\/index.php\/wp-json\/wp\/v2\/tags?post=2006"}],"curies":[{"name":"wp","href":"https:\/\/api.w.org\/{rel}","templated":true}]}}