{"id":2004,"date":"2023-10-25T02:47:49","date_gmt":"2023-10-24T23:47:49","guid":{"rendered":"https:\/\/habermarmaratv.com\/index.php\/2023\/10\/25\/ocal-ceviz-yetistiricilerinin-sikintilarini-dinledi\/"},"modified":"2023-10-25T02:47:49","modified_gmt":"2023-10-24T23:47:49","slug":"ocal-ceviz-yetistiricilerinin-sikintilarini-dinledi","status":"publish","type":"post","link":"https:\/\/habermarmaratv.com\/index.php\/2023\/10\/25\/ocal-ceviz-yetistiricilerinin-sikintilarini-dinledi\/","title":{"rendered":"\u00d6cal, ceviz yeti\u015ftiricilerinin s\u0131k\u0131nt\u0131lar\u0131n\u0131 dinledi"},"content":{"rendered":"<p> [ad_1]<br \/>\n<\/p>\n<div id=\"detaymetin\">\n<p>\u00a0<\/p>\n<p><span class=\"text-big\">Ceviz yeti\u015ftiricilerinin talep ve s\u0131k\u0131nt\u0131lar\u0131n\u0131 dinleyen \u00d6cal, \u201c\u00dcretimle ilgili her zaman deste\u011fe haz\u0131r\u0131z\u201d dedi.\u00a0<\/span><\/p>\n<p><span class=\"text-big\">\u00dcreticiler, \u00fcr\u00fcn pazarlama ve bu y\u0131l g\u00f6r\u00fclen kurakl\u0131ktan kaynakl\u0131 sulama sorunlar\u0131n\u0131 \u0130l M\u00fcd\u00fcr\u00fc \u00d6cal\u2019a anlatt\u0131.\u00a0<\/span><\/p>\n<p><span class=\"text-big\">\u00a0<\/span><br \/><span class=\"text-big\"><strong>\u201cDAMLA SULAMA KULLANIMI ARTIK ZORUNLU\u201d<\/strong><\/span><\/p>\n<p><span class=\"text-big\">\u00d6cal, \u201c\u0130l M\u00fcd\u00fcrl\u00fc\u011f\u00fc olarak \u00e7ift\u00e7ilerimizin yan\u0131nday\u0131z, sorunlar\u0131n \u00e7\u00f6z\u00fcm\u00fc i\u00e7in gayret g\u00f6stermekteyiz. Kurakl\u0131k ile ilgili mevcut su kaynaklar\u0131n\u0131n etkin ve tasarruflu \u015fekilde kullan\u0131lmas\u0131 b\u00fcy\u00fck \u00f6nem arz etmektedir. Salma sulaman\u0131n yerine modern sistemlerden olan damla sulama kullan\u0131m\u0131 art\u0131k zorunludur.\u00a0<\/span><\/p>\n<p><span class=\"text-big\">Ceviz yeti\u015ftiricili\u011finde hastal\u0131k ve zararl\u0131 ile m\u00fccadele verimi ve kaliteyi \u00e7ok etkilemektedir. Bu nedenle il ve il\u00e7e m\u00fcd\u00fcrl\u00fc\u011f\u00fcm\u00fcz teknik personeli her zaman \u00e7ift\u00e7imizin hizmetindedir. \u00dcretimle ilgili her zaman deste\u011fe haz\u0131r\u0131z. Bereketli bir sezon dilerim\u201d ifadelerini kulland\u0131.\u00a0<\/span><\/p>\n<p><span class=\"text-big\"><strong>\u201c\u00c7OK B\u00dcY\u00dcK YATIRIMLARLA CEV\u0130Z \u00dcRET\u0130M\u0130 YAPILIYOR\u201d\u00a0<\/strong><\/span><\/p>\n<p>\u00a0<\/p>\n<figure class=\"image\"><img decoding=\"async\" src=\"https:\/\/marmarahaber.com.tr\/resimler\/2023-10\/24\/115841326262135.webp\"\/><\/figure>\n<p><span class=\"text-big\">Tekirda\u011f\u2019da \u00f6zellikle orman tahsisli alanlarda kurulan ceviz bah\u00e7elerinde \u00e7ok b\u00fcy\u00fck yat\u0131r\u0131mlarla ceviz \u00fcretimi yap\u0131ld\u0131\u011f\u0131n\u0131 ve \u00fclke ekonomisine katk\u0131 sa\u011fland\u0131\u011f\u0131n\u0131 ifade eden \u00d6cal, \u201cYeti\u015ftiricilerimiz bu d\u00f6nemde yo\u011fun \u015fekilde \u00fcr\u00fcn hasad\u0131n\u0131 ger\u00e7ekle\u015ftirmekte, hasattan sonra kabuk soyma ve kurutma i\u015flemleri ile boylama yaparak sat\u0131\u015f i\u00e7in haz\u0131rl\u0131klar\u0131n\u0131 s\u00fcrd\u00fcrmektedir\u201d dedi.\u00a0<\/span><\/p>\n<p><span class=\"text-big\"><strong>Haber \/ Ba\u015ftu\u011f Alperen KARDE\u015e\u00a0<\/strong><\/span><\/p>\n<\/p><\/div>\n<p>[ad_2]<br \/>\n<br \/><a href=\"https:\/\/www.marmarahaber.com.tr\/haber\/ocal_ceviz_yetistiricilerinin_sikintilarini_dinledi_-85700.html\">Source link <\/a><\/p>\n","protected":false},"excerpt":{"rendered":"<p>[ad_1] \u00a0 Ceviz yeti\u015ftiricilerinin talep ve s\u0131k\u0131nt\u0131lar\u0131n\u0131 dinleyen \u00d6cal, \u201c\u00dcretimle ilgili her zaman deste\u011fe haz\u0131r\u0131z\u201d dedi.\u00a0 \u00dcreticiler, \u00fcr\u00fcn pazarlama ve bu y\u0131l g\u00f6r\u00fclen kurakl\u0131ktan kaynakl\u0131 sulama sorunlar\u0131n\u0131 \u0130l M\u00fcd\u00fcr\u00fc \u00d6cal\u2019a anlatt\u0131.\u00a0 \u00a0\u201cDAMLA SULAMA KULLANIMI ARTIK ZORUNLU\u201d \u00d6cal, \u201c\u0130l M\u00fcd\u00fcrl\u00fc\u011f\u00fc olarak \u00e7ift\u00e7ilerimizin yan\u0131nday\u0131z, sorunlar\u0131n \u00e7\u00f6z\u00fcm\u00fc i\u00e7in gayret g\u00f6stermekteyiz. Kurakl\u0131k ile ilgili mevcut su kaynaklar\u0131n\u0131n etkin ve [&hellip;]<\/p>\n","protected":false},"author":1,"featured_media":2005,"comment_status":"open","ping_status":"open","sticky":false,"template":"","format":"standard","meta":{"footnotes":""},"categories":[10],"tags":[],"class_list":["post-2004","post","type-post","status-publish","format-standard","has-post-thumbnail","hentry","category-gundem"],"_links":{"self":[{"href":"https:\/\/habermarmaratv.com\/index.php\/wp-json\/wp\/v2\/posts\/2004","targetHints":{"allow":["GET"]}}],"collection":[{"href":"https:\/\/habermarmaratv.com\/index.php\/wp-json\/wp\/v2\/posts"}],"about":[{"href":"https:\/\/habermarmaratv.com\/index.php\/wp-json\/wp\/v2\/types\/post"}],"author":[{"embeddable":true,"href":"https:\/\/habermarmaratv.com\/index.php\/wp-json\/wp\/v2\/users\/1"}],"replies":[{"embeddable":true,"href":"https:\/\/habermarmaratv.com\/index.php\/wp-json\/wp\/v2\/comments?post=2004"}],"version-history":[{"count":0,"href":"https:\/\/habermarmaratv.com\/index.php\/wp-json\/wp\/v2\/posts\/2004\/revisions"}],"wp:featuredmedia":[{"embeddable":true,"href":"https:\/\/habermarmaratv.com\/index.php\/wp-json\/wp\/v2\/media\/2005"}],"wp:attachment":[{"href":"https:\/\/habermarmaratv.com\/index.php\/wp-json\/wp\/v2\/media?parent=2004"}],"wp:term":[{"taxonomy":"category","embeddable":true,"href":"https:\/\/habermarmaratv.com\/index.php\/wp-json\/wp\/v2\/categories?post=2004"},{"taxonomy":"post_tag","embeddable":true,"href":"https:\/\/habermarmaratv.com\/index.php\/wp-json\/wp\/v2\/tags?post=2004"}],"curies":[{"name":"wp","href":"https:\/\/api.w.org\/{rel}","templated":true}]}}