{"id":1934,"date":"2023-10-22T23:10:19","date_gmt":"2023-10-22T20:10:19","guid":{"rendered":"https:\/\/habermarmaratv.com\/index.php\/2023\/10\/22\/gazetecilerimiz-en-onemli-mesleklerden-birini-icra-ediyor\/"},"modified":"2023-10-22T23:10:19","modified_gmt":"2023-10-22T20:10:19","slug":"gazetecilerimiz-en-onemli-mesleklerden-birini-icra-ediyor","status":"publish","type":"post","link":"https:\/\/habermarmaratv.com\/index.php\/2023\/10\/22\/gazetecilerimiz-en-onemli-mesleklerden-birini-icra-ediyor\/","title":{"rendered":"Gazetecilerimiz, en \u00f6nemli mesleklerden birini icra ediyor"},"content":{"rendered":"<p> [ad_1]<br \/>\n<\/p>\n<div id=\"detaymetin\">\n<p>\u00a0<\/p>\n<p><span class=\"text-big\">D\u00fcnya Gazeteciler G\u00fcn\u00fc\u2019nde \u00c7erkezk\u00f6y\u2019deki bas\u0131n mensuplar\u0131yla bir araya gelen AK Parti \u00c7erkezk\u00f6y \u0130l\u00e7e Ba\u015fkan\u0131 Salih Azbay, \u201cGazetecilerimiz, kamuoyuna haber ve bilgi ak\u0131\u015f\u0131n\u0131 zaman\u0131nda ve tarafs\u0131z bir bi\u00e7imde yans\u0131tmak, vatanda\u015flar\u0131m\u0131z\u0131n do\u011fru bilgilendirilmesi ve haber alma haklar\u0131n\u0131n en iyi \u015fekilde ger\u00e7ekle\u015fmesi i\u00e7in d\u00fcnyan\u0131n en \u00f6nemli mesleklerinden birini icra etmektedirler\u201d dedi.\u00a0<\/span><\/p>\n<p><span class=\"text-big\">AK Parti \u00c7erkezk\u00f6y \u0130l\u00e7e Ba\u015fkan\u0131 Salih Azbay ve Y\u00f6netim Kurulu \u00dcyeleri, 21 Ekim D\u00fcnya Gazeteciler G\u00fcn\u00fc dolay\u0131s\u0131yla Cumartesi g\u00fcn\u00fc saat 10.30\u2019da \u00c7erkezk\u00f6y G\u00f6nl\u00fcbol Lokantas\u0131\u2019nda d\u00fczenlenen kahvalt\u0131 program\u0131nda \u00c7erkezk\u00f6y\u2019de faaliyet g\u00f6steren gazeteciler ile bir araya geldi.\u00a0<\/span><\/p>\n<p><span class=\"text-big\"><strong>\u201cHALA DEVAM EDEN B\u0130R ZUL\u00dcM VAR\u201d<\/strong><\/span><\/p>\n<p><span class=\"text-big\">Programda konu\u015fan AK Parti \u00c7erkezk\u00f6y \u0130l\u00e7e Ba\u015fkan\u0131 Salih Azbay, \u201c\u00d6ncelikle D\u00fcnya Gazeteciler G\u00fcn\u00fcn\u00fcz hay\u0131rl\u0131 u\u011furlu olsun. Bizleri k\u0131rmay\u0131p buraya kadar geldi\u011finiz i\u00e7in hepinize ayr\u0131 ayr\u0131 te\u015fekk\u00fcr ederim. Filistin&#8217;e yap\u0131lan ve hala devam eden bir zul\u00fcm var. Bu zulm\u00fcn durmas\u0131n\u0131 bir kere daha belirtmek istiyorum.\u00a0<\/span><\/p>\n<p><span class=\"text-big\">Orada zul\u00fcm alt\u0131nda olan karde\u015flerimize vefat edenlere Allah&#8217;tan rahmet, yaral\u0131lara acil \u015fifalar diliyorum. \u0130srail ve yanda\u015f\u00e7\u0131lar\u0131n\u0131n yapt\u0131\u011f\u0131 bu sald\u0131r\u0131lar\u0131 \u015fiddetle k\u0131nayarak, bir an \u00f6nce durmas\u0131n\u0131 temenni ediyorum. D\u00fcnya Gazeteciler G\u00fcn\u00fcn\u00fcz\u00fc de tekrardan kutlayarak, bar\u0131\u015f i\u00e7erisinde bir d\u00fcnya da kutlamay\u0131 temenni ediyorum\u201d diye konu\u015ftu.<\/span><\/p>\n<p><span class=\"text-big\"><strong>\u201cULV\u0130 B\u0130R G\u00d6REV\u0130 YER\u0130NE GET\u0130R\u0130YORLAR\u201d\u00a0<\/strong><\/span><\/p>\n<p>\u00a0<\/p>\n<figure class=\"image\"><img decoding=\"async\" src=\"https:\/\/marmarahaber.com.tr\/resimler\/2023-10\/22\/952281336748765.webp\"\/><\/figure>\n<p><span class=\"text-big\">Demokrasinin temel yap\u0131 ta\u015flar\u0131ndan birisi olan bas\u0131n\u0131n, haber alma \u00f6zg\u00fcrl\u00fc\u011f\u00fcn\u00fcn en etkili arac\u0131 oldu\u011funu ifade eden Azbay, \u201cBas\u0131n, ayd\u0131nlat\u0131c\u0131 ve yol g\u00f6sterici i\u015fleviyle sivil toplumun dinamizmini beslemektedir. Gazetecilerimiz, kamuoyuna haber ve bilgi ak\u0131\u015f\u0131n\u0131 zaman\u0131nda ve tarafs\u0131z bir bi\u00e7imde yans\u0131tmak, vatanda\u015flar\u0131m\u0131z\u0131n do\u011fru bilgilendirilmesi ve haber alma haklar\u0131n\u0131n en iyi \u015fekilde ger\u00e7ekle\u015fmesi i\u00e7in d\u00fcnyan\u0131n en \u00f6nemli mesleklerinden birini icra etmektedirler.\u00a0<\/span><\/p>\n<p><span class=\"text-big\">Tarafs\u0131zl\u0131k, objektiflik, \u00f6zel hayata ve ki\u015filik haklar\u0131na sayg\u0131 gibi de\u011ferleri i\u00e7erisinde bulunduran \u00f6nemli bir mesle\u011fi icra eden gazetecilerimiz, bir taraftan haberle\u015fme \u00f6zg\u00fcrl\u00fc\u011f\u00fcn\u00fc sa\u011flarken bir taraftan da kamuoyu olu\u015fturulmas\u0131 ve bilgilendirilmesi gibi ulvi bir g\u00f6revi de yerine getirmektedir.\u00a0<\/span><\/p>\n<p><span class=\"text-big\">Bu duygu ve d\u00fc\u015f\u00fcncelerle \u015fehrimizde ve \u00fclkemizde g\u00f6rev yapan t\u00fcm gazetecilerimizin 21 Ekim D\u00fcnya Gazeteciler G\u00fcn\u00fc\u2019n\u00fc kutluyor, zorlu \u00e7al\u0131\u015fma ko\u015fullar\u0131n\u0131 \u00f6nemsemeden bas\u0131n yay\u0131n kurulu\u015funda fedak\u00e2rca \u00e7al\u0131\u015farak, geli\u015fmeleri halk\u0131m\u0131za payla\u015fma yolunda emek harcayan \u015fehrimizin k\u00fclt\u00fcrel, sosyal ve ekonomik geli\u015fiminin tan\u0131t\u0131lmas\u0131nda aktif olarak g\u00f6rev alan gazetecilerimize sa\u011fl\u0131kl\u0131 ve huzurlu bir \u00f6m\u00fcr diliyorum\u201d ifadelerini kulland\u0131. \u00a0<\/span><\/p>\n<p><span class=\"text-big\"><strong>Haber \/ \u0130rem BAN\u00c7O<\/strong><\/span><\/p>\n<\/p><\/div>\n<p>[ad_2]<br \/>\n<br \/><a href=\"https:\/\/www.marmarahaber.com.tr\/haber\/azbay_gazetecilerimiz_en_onemli_mesleklerden_birini_icra_ediyor_-85676.html\">Source link <\/a><\/p>\n","protected":false},"excerpt":{"rendered":"<p>[ad_1] \u00a0 D\u00fcnya Gazeteciler G\u00fcn\u00fc\u2019nde \u00c7erkezk\u00f6y\u2019deki bas\u0131n mensuplar\u0131yla bir araya gelen AK Parti \u00c7erkezk\u00f6y \u0130l\u00e7e Ba\u015fkan\u0131 Salih Azbay, \u201cGazetecilerimiz, kamuoyuna haber ve bilgi ak\u0131\u015f\u0131n\u0131 zaman\u0131nda ve tarafs\u0131z bir bi\u00e7imde yans\u0131tmak, vatanda\u015flar\u0131m\u0131z\u0131n do\u011fru bilgilendirilmesi ve haber alma haklar\u0131n\u0131n en iyi \u015fekilde ger\u00e7ekle\u015fmesi i\u00e7in d\u00fcnyan\u0131n en \u00f6nemli mesleklerinden birini icra etmektedirler\u201d dedi.\u00a0 AK Parti \u00c7erkezk\u00f6y \u0130l\u00e7e Ba\u015fkan\u0131 [&hellip;]<\/p>\n","protected":false},"author":1,"featured_media":1935,"comment_status":"open","ping_status":"open","sticky":false,"template":"","format":"standard","meta":{"footnotes":""},"categories":[10],"tags":[],"class_list":["post-1934","post","type-post","status-publish","format-standard","has-post-thumbnail","hentry","category-gundem"],"_links":{"self":[{"href":"https:\/\/habermarmaratv.com\/index.php\/wp-json\/wp\/v2\/posts\/1934","targetHints":{"allow":["GET"]}}],"collection":[{"href":"https:\/\/habermarmaratv.com\/index.php\/wp-json\/wp\/v2\/posts"}],"about":[{"href":"https:\/\/habermarmaratv.com\/index.php\/wp-json\/wp\/v2\/types\/post"}],"author":[{"embeddable":true,"href":"https:\/\/habermarmaratv.com\/index.php\/wp-json\/wp\/v2\/users\/1"}],"replies":[{"embeddable":true,"href":"https:\/\/habermarmaratv.com\/index.php\/wp-json\/wp\/v2\/comments?post=1934"}],"version-history":[{"count":0,"href":"https:\/\/habermarmaratv.com\/index.php\/wp-json\/wp\/v2\/posts\/1934\/revisions"}],"wp:featuredmedia":[{"embeddable":true,"href":"https:\/\/habermarmaratv.com\/index.php\/wp-json\/wp\/v2\/media\/1935"}],"wp:attachment":[{"href":"https:\/\/habermarmaratv.com\/index.php\/wp-json\/wp\/v2\/media?parent=1934"}],"wp:term":[{"taxonomy":"category","embeddable":true,"href":"https:\/\/habermarmaratv.com\/index.php\/wp-json\/wp\/v2\/categories?post=1934"},{"taxonomy":"post_tag","embeddable":true,"href":"https:\/\/habermarmaratv.com\/index.php\/wp-json\/wp\/v2\/tags?post=1934"}],"curies":[{"name":"wp","href":"https:\/\/api.w.org\/{rel}","templated":true}]}}