{"id":1844,"date":"2023-10-20T07:07:32","date_gmt":"2023-10-20T04:07:32","guid":{"rendered":"https:\/\/habermarmaratv.com\/index.php\/2023\/10\/20\/albayrak-avrupa-sampiyonu-ozel-sporcuyu-agirladi\/"},"modified":"2023-10-20T07:07:32","modified_gmt":"2023-10-20T04:07:32","slug":"albayrak-avrupa-sampiyonu-ozel-sporcuyu-agirladi","status":"publish","type":"post","link":"https:\/\/habermarmaratv.com\/index.php\/2023\/10\/20\/albayrak-avrupa-sampiyonu-ozel-sporcuyu-agirladi\/","title":{"rendered":"Albayrak, Avrupa \u015eampiyonu \u00f6zel sporcuyu a\u011f\u0131rlad\u0131"},"content":{"rendered":"<p> [ad_1]<br \/>\n<\/p>\n<div id=\"detaymetin\">\n<p><span class=\"text-big\">\u0130talya\u2019n\u0131n Padova kentinde d\u00fczenlenen Down Sendromlular Avrupa \u015eampiyonas\u0131&#8217;nda 100 metre, uzun atlama ve g\u00fclle atmadan olu\u015fan triatlonda (3&#8217;l\u00fc yar\u0131\u015f) 2320 puanl\u0131k derecesiyle rekor k\u0131rarak alt\u0131n madalya kazanan Tekirda\u011fl\u0131 milli atlet Emirhan Ak\u00e7akoca, Tekirda\u011f B\u00fcy\u00fck\u015fehir Belediye Ba\u015fkan\u0131 Kadir Albayrak\u2019\u0131 makam\u0131nda ziyaret etti.<\/span><\/p>\n<p><span class=\"text-big\"><strong>\u201c\u0130ST\u0130KLAL MAR\u015eIMIZI T\u00dcM AVRUPA\u2019YA D\u0130NLETT\u0130\u201d<\/strong><\/span><\/p>\n<p><span class=\"text-big\">Ba\u015fkan Albayrak, \u201cEmirhan ba\u015far\u0131lar\u0131 ile t\u00fcm Tekirda\u011fl\u0131lar\u0131 mutlu etti. Kendisi ile ne kadar gurur duysak az. Emirhan azim ve kararl\u0131l\u0131kla nelerin ba\u015far\u0131labilece\u011fini herkese bir kez daha g\u00f6sterdi. Down Sendromlular Avrupa \u015eampiyonas\u0131\u2019nda kendisine ait rekoru geli\u015ftirerek Avrupa \u015eampiyonu oldu.\u00a0<\/span><\/p>\n<p><span class=\"text-big\">\u0130stiklal Mar\u015f\u0131m\u0131z\u0131 t\u00fcm Avrupa\u2019ya dinletti ve hem \u00fclkemizi hem de kentimizi yurt d\u0131\u015f\u0131nda en iyi \u015fekilde temsil etti. Biz de Tekirda\u011f B\u00fcy\u00fck\u015fehir Belediyesi olarak Emirhan\u2019\u0131 tebrik ederek ba\u015far\u0131s\u0131n\u0131 \u00f6d\u00fcllendirmek istedik. Kendisini tebrik ediyor bundan sonraki spor hayat\u0131nda ba\u015far\u0131lar diliyorum. Emirhan\u2019dan yeni ba\u015far\u0131lar, yeni madalyalar bekliyoruz\u201d ifadelerini kulland\u0131.<\/span><\/p>\n<p><span class=\"text-big\"><strong>\u201cHER \u015eEY PLANLADI\u011eIMIZ \u015eEK\u0130LDE OLDU\u201d<\/strong><\/span><\/p>\n<p>\u00a0<\/p>\n<figure class=\"image\"><img decoding=\"async\" src=\"https:\/\/marmarahaber.com.tr\/resimler\/2023-10\/19\/503401802179269.webp\"\/><\/figure>\n<p><span class=\"text-big\">Emirhan Ak\u00e7akoca da \u201c\u00c7ok g\u00fczel bir haz\u0131rl\u0131k d\u00f6nemi ge\u00e7irdik. \u0130talya&#8217;da her \u015fey planlad\u0131\u011f\u0131m\u0131z \u015fekilde oldu ve \u015fampiyonlu\u011fu kazand\u0131m. Hedefim, \u00f6n\u00fcm\u00fczdeki y\u0131l mart ay\u0131nda Antalya&#8217;da ev sahipli\u011fi yapaca\u011f\u0131m\u0131z d\u00fcnya \u015fampiyonas\u0131nda yeni rekorlarla in\u015fallah kar\u015f\u0131n\u0131za \u00e7\u0131kmak. Yeni ba\u015far\u0131lar i\u00e7in durmadan \u00e7al\u0131\u015fmaya devam ediyorum.\u00a0<\/span><\/p>\n<p><span class=\"text-big\">Destek veren herkese te\u015fekk\u00fcr ediyorum&#8221; dedi. Be\u015f y\u0131l \u00f6nce atletizmle tan\u0131\u015fan 17 ya\u015f\u0131ndaki Emirhan Ak\u00e7akoca, k\u0131sa s\u00fcrede kendisini geli\u015ftirip, ulusal yar\u0131\u015fmalarda \u00e7ok say\u0131da ba\u015far\u0131 elde etti. Emirhan Ak\u00e7akoca, T\u00fcrkiye \u015fampiyonluklar\u0131n\u0131n ard\u0131ndan Avrupa ve d\u00fcnya \u015fampiyonluklar\u0131 da ya\u015fayarak 20&#8217;si alt\u0131n 27 madalya kazand\u0131, 100 metre ile triatlonda d\u00fcnya rekoru k\u0131rd\u0131.<\/span><\/p>\n<p><span class=\"text-big\"><strong>Haber \/ Ba\u015ftu\u011f Alperen KARDE\u015e\u00a0<\/strong><\/span><\/p>\n<\/p><\/div>\n<p>[ad_2]<br \/>\n<br \/><a href=\"https:\/\/www.marmarahaber.com.tr\/haber\/albayrak_avrupa_sampiyonu_ozel_sporcuyu_agirladi_-85632.html\">Source link <\/a><\/p>\n","protected":false},"excerpt":{"rendered":"<p>[ad_1] \u0130talya\u2019n\u0131n Padova kentinde d\u00fczenlenen Down Sendromlular Avrupa \u015eampiyonas\u0131&#8217;nda 100 metre, uzun atlama ve g\u00fclle atmadan olu\u015fan triatlonda (3&#8217;l\u00fc yar\u0131\u015f) 2320 puanl\u0131k derecesiyle rekor k\u0131rarak alt\u0131n madalya kazanan Tekirda\u011fl\u0131 milli atlet Emirhan Ak\u00e7akoca, Tekirda\u011f B\u00fcy\u00fck\u015fehir Belediye Ba\u015fkan\u0131 Kadir Albayrak\u2019\u0131 makam\u0131nda ziyaret etti. \u201c\u0130ST\u0130KLAL MAR\u015eIMIZI T\u00dcM AVRUPA\u2019YA D\u0130NLETT\u0130\u201d Ba\u015fkan Albayrak, \u201cEmirhan ba\u015far\u0131lar\u0131 ile t\u00fcm Tekirda\u011fl\u0131lar\u0131 mutlu [&hellip;]<\/p>\n","protected":false},"author":1,"featured_media":1845,"comment_status":"open","ping_status":"open","sticky":false,"template":"","format":"standard","meta":{"footnotes":""},"categories":[10],"tags":[],"class_list":["post-1844","post","type-post","status-publish","format-standard","has-post-thumbnail","hentry","category-gundem"],"_links":{"self":[{"href":"https:\/\/habermarmaratv.com\/index.php\/wp-json\/wp\/v2\/posts\/1844","targetHints":{"allow":["GET"]}}],"collection":[{"href":"https:\/\/habermarmaratv.com\/index.php\/wp-json\/wp\/v2\/posts"}],"about":[{"href":"https:\/\/habermarmaratv.com\/index.php\/wp-json\/wp\/v2\/types\/post"}],"author":[{"embeddable":true,"href":"https:\/\/habermarmaratv.com\/index.php\/wp-json\/wp\/v2\/users\/1"}],"replies":[{"embeddable":true,"href":"https:\/\/habermarmaratv.com\/index.php\/wp-json\/wp\/v2\/comments?post=1844"}],"version-history":[{"count":0,"href":"https:\/\/habermarmaratv.com\/index.php\/wp-json\/wp\/v2\/posts\/1844\/revisions"}],"wp:featuredmedia":[{"embeddable":true,"href":"https:\/\/habermarmaratv.com\/index.php\/wp-json\/wp\/v2\/media\/1845"}],"wp:attachment":[{"href":"https:\/\/habermarmaratv.com\/index.php\/wp-json\/wp\/v2\/media?parent=1844"}],"wp:term":[{"taxonomy":"category","embeddable":true,"href":"https:\/\/habermarmaratv.com\/index.php\/wp-json\/wp\/v2\/categories?post=1844"},{"taxonomy":"post_tag","embeddable":true,"href":"https:\/\/habermarmaratv.com\/index.php\/wp-json\/wp\/v2\/tags?post=1844"}],"curies":[{"name":"wp","href":"https:\/\/api.w.org\/{rel}","templated":true}]}}