{"id":1758,"date":"2023-10-18T06:25:34","date_gmt":"2023-10-18T03:25:34","guid":{"rendered":"https:\/\/habermarmaratv.com\/index.php\/2023\/10\/18\/kisev-yonetim-kurulu-toplantisi-yapildi\/"},"modified":"2023-10-18T06:25:34","modified_gmt":"2023-10-18T03:25:34","slug":"kisev-yonetim-kurulu-toplantisi-yapildi","status":"publish","type":"post","link":"https:\/\/habermarmaratv.com\/index.php\/2023\/10\/18\/kisev-yonetim-kurulu-toplantisi-yapildi\/","title":{"rendered":"K\u0130SEV Y\u00f6netim Kurulu Toplant\u0131s\u0131 yap\u0131ld\u0131"},"content":{"rendered":"<p> [ad_1]<br \/>\n<br \/><img decoding=\"async\" src=\"https:\/\/www.marmarahaber.com.tr\/resimler\/2023-10\/17\/44936675067219.webp\" \/><\/p>\n<div id=\"detaymetin\">\n<p><span class=\"text-big\">K\u0130SEV\u2019in y\u00f6netim kurulu toplant\u0131s\u0131 \u00f6nceki g\u00fcn yap\u0131ld\u0131. Toplant\u0131ya; Ke\u015fan Kaymakam\u0131\u00a0ve K\u0130SEV Y\u00f6netim Kurulu Ba\u015fkan\u0131 Cemalettin Y\u0131lmaz, Y\u00f6netim Kurulu \u00dcyeleri; Ke\u015fan Belediye Ba\u015fkan\u0131\u00a0Mustafa Helvac\u0131o\u011flu, KTSO Y\u00f6netim Kurulu Ba\u015fkan\u0131\u00a0\u0130smail \u015eap\u00e7\u0131, Ke\u015fan Ticaret Borsas\u0131 Y\u00f6netim Kurulu Ba\u015fkan\u0131\u00a0Necmi Kaymaz, \u015eof\u00f6rler ve Otomobilciler Esnaf Odas\u0131 Ba\u015fkan\u0131\u00a0Mahmut Demirkan, Ke\u015fan\u00a0Lokantac\u0131, Kahveci ve Otelciler Esnaf Odas\u0131 Ba\u015fkan\u0131\u00a0H\u00fcseyin\u00a0\u00c7akmak, Ke\u015fan Ziraat Odas\u0131 Ba\u015fkan\u0131 Hasan \u015een, Ke\u015fan Muhtarlar Derne\u011fi Ba\u015fkan\u0131\u00a0Abdullah Kemik, Mustafa Kemal Pa\u015fa Mahallesi Muhtar\u0131\u00a0Bayram Ali Kalfalar\u00a0kat\u0131ld\u0131.\u00a0<\/span><\/p>\n<p><span class=\"text-big\"><strong>\u201cENGELL\u0130 VATANDA\u015eLARIMIZ DA UNUTULMADI\u201d<\/strong><\/span><\/p>\n<p><span class=\"text-big\">K\u0130SEV yetkilileri yapt\u0131klar\u0131 a\u00e7\u0131klamada, \u201cVak\u0131f, sosyal sorumluluk projeleri kapsam\u0131nda y\u00fcr\u00fctt\u00fc\u011f\u00fc \u00e7al\u0131\u015fmalarla, dezavantajl\u0131 gruplar\u0131n hayat\u0131na dokunmay\u0131 s\u00fcrd\u00fcr\u00fcyor. Kuruldu\u011fu g\u00fcnden bu yana ge\u00e7en 30 ayl\u0131k s\u00fcre\u00e7 i\u00e7erisinde K\u0130SEV, hay\u0131rsever vatanda\u015flar\u0131n deste\u011fi ile g\u0131da paketi, \u00f6\u011frenci burslar\u0131, s\u0131cak \u00f6\u011f\u00fcn ve daha bir\u00e7ok hizmet ile y\u00fczleri g\u00fcld\u00fcrd\u00fc.\u00a0<\/span><\/p>\n<p><span class=\"text-big\">Toplant\u0131 kapsam\u0131nda 30 ayl\u0131k s\u00fcre i\u00e7erisinde yap\u0131lan \u00e7al\u0131\u015fmalar de\u011ferlendirilirken, ilerleyen zamanda yap\u0131lacak \u00e7al\u0131\u015fmalar hakk\u0131nda fikir al\u0131\u015fveri\u015finde bulunuldu. Ke\u015fan \u0130yilik Sa\u011fl\u0131k E\u011fitim ve Vakf\u0131, kuruldu\u011fu g\u00fcnden itibaren 30 ayda \u00e7al\u0131\u015fmalar\u0131na ara vermeden devam etti.\u00a0<\/span><\/p>\n<p><span class=\"text-big\">Ke\u015fanl\u0131 hay\u0131rsever vatanda\u015flar\u0131m\u0131z\u0131n destekleri ile g\u00fcnden g\u00fcne b\u00fcy\u00fcyen vakf\u0131m\u0131z arac\u0131l\u0131\u011f\u0131yla 500 \u00fcniversite \u00f6\u011frencisine burs verilirken, 200 bin \u00f6\u011f\u00fcn s\u0131cak yemek de ihtiya\u00e7 sahiplerinin kap\u0131s\u0131na kadar ula\u015ft\u0131r\u0131ld\u0131. Ayr\u0131ca, 5 bin \u00f6\u011frenciye k\u0131yafet ve k\u0131rtasiye yard\u0131m\u0131 yap\u0131larak e\u011fitimlerine destek olundu.\u00a0<\/span><\/p>\n<p><span class=\"text-big\">Deprem b\u00f6lgesinde ya\u015fanan acil duruma duyars\u0131z kalmayan vak\u0131f, 110 \u00e7ad\u0131r ile depremzedelerin bar\u0131nma ihtiyac\u0131n\u0131 kar\u015f\u0131lad\u0131. \u0130htiya\u00e7 sahiplerine ula\u015fan 1000 g\u0131da paketiyle de mutfaklar\u0131na katk\u0131 sa\u011fland\u0131. Engelli vatanda\u015flar\u0131m\u0131z da unutulmad\u0131. Ke\u015fan \u0130yilik ve Sa\u011fl\u0131k Vakf\u0131, 100 engelli vatanda\u015f\u0131m\u0131za tekerlekli sandalye ve t\u0131bbi malzeme deste\u011fi sa\u011flayarak onlar\u0131n g\u00fcnl\u00fck ya\u015fam\u0131n\u0131 kolayla\u015ft\u0131rd\u0131\u201d dedi.\u00a0<\/span><\/p>\n<p><span class=\"text-big\"><strong>\u201cYARDIM A\u011eINI GEN\u0130\u015eLETMES\u0130N\u0130 SA\u011eLIYOR\u201d<\/strong><\/span><\/p>\n<p><span class=\"text-big\">K\u0130SEV\u2019in e\u011fitimden sa\u011fl\u0131\u011fa ve g\u0131daya kadar bir\u00e7ok alanda ihtiya\u00e7 sahibi ailelere ula\u015fmay\u0131 hedefledi\u011fini kaydeden yetkililer, \u201cE\u011fitim deste\u011fi, g\u0131da yard\u0131mlar\u0131, sa\u011fl\u0131k malzemeleri ve daha pek \u00e7ok alanda ger\u00e7ekle\u015ftirilen yard\u0131mlar, vakf\u0131n sosyal yard\u0131m a\u011f\u0131n\u0131 geni\u015fletmesini sa\u011fl\u0131yor.\u00a0<\/span><\/p>\n<p><span class=\"text-big\">Ke\u015fan \u0130yilik ve Sa\u011fl\u0131k Vakf\u0131, toplumun her kesimine ula\u015farak yard\u0131mlar\u0131n\u0131 s\u00fcrd\u00fcrecek. Bu s\u00fcre\u00e7te, ihtiya\u00e7 sahiplerinin yan\u0131nda olman\u0131n ve onlar\u0131n hayat\u0131nda olumlu bir de\u011fi\u015fim yaratman\u0131n mutlulu\u011funu ya\u015famaya devam edecek. Vakf\u0131n de\u011ferli destek\u00e7ileriyle birlikte, daha nice insana umut olacak\u201d dedi.\u00a0<\/span><\/p>\n<p><span class=\"text-big\"><strong>Haber\/ Ebru C\u00dcN\u0130<\/strong><\/span><\/p>\n<\/p><\/div>\n<p>[ad_2]<br \/>\n<br \/><a href=\"https:\/\/www.marmarahaber.com.tr\/haber\/kisev_yonetim_kurulu_toplantisi_yapildi_-85594.html\">Source link <\/a><\/p>\n","protected":false},"excerpt":{"rendered":"<p>[ad_1] K\u0130SEV\u2019in y\u00f6netim kurulu toplant\u0131s\u0131 \u00f6nceki g\u00fcn yap\u0131ld\u0131. Toplant\u0131ya; Ke\u015fan Kaymakam\u0131\u00a0ve K\u0130SEV Y\u00f6netim Kurulu Ba\u015fkan\u0131 Cemalettin Y\u0131lmaz, Y\u00f6netim Kurulu \u00dcyeleri; Ke\u015fan Belediye Ba\u015fkan\u0131\u00a0Mustafa Helvac\u0131o\u011flu, KTSO Y\u00f6netim Kurulu Ba\u015fkan\u0131\u00a0\u0130smail \u015eap\u00e7\u0131, Ke\u015fan Ticaret Borsas\u0131 Y\u00f6netim Kurulu Ba\u015fkan\u0131\u00a0Necmi Kaymaz, \u015eof\u00f6rler ve Otomobilciler Esnaf Odas\u0131 Ba\u015fkan\u0131\u00a0Mahmut Demirkan, Ke\u015fan\u00a0Lokantac\u0131, Kahveci ve Otelciler Esnaf Odas\u0131 Ba\u015fkan\u0131\u00a0H\u00fcseyin\u00a0\u00c7akmak, Ke\u015fan Ziraat Odas\u0131 Ba\u015fkan\u0131 Hasan [&hellip;]<\/p>\n","protected":false},"author":1,"featured_media":1759,"comment_status":"open","ping_status":"open","sticky":false,"template":"","format":"standard","meta":{"footnotes":""},"categories":[10],"tags":[],"class_list":["post-1758","post","type-post","status-publish","format-standard","has-post-thumbnail","hentry","category-gundem"],"_links":{"self":[{"href":"https:\/\/habermarmaratv.com\/index.php\/wp-json\/wp\/v2\/posts\/1758","targetHints":{"allow":["GET"]}}],"collection":[{"href":"https:\/\/habermarmaratv.com\/index.php\/wp-json\/wp\/v2\/posts"}],"about":[{"href":"https:\/\/habermarmaratv.com\/index.php\/wp-json\/wp\/v2\/types\/post"}],"author":[{"embeddable":true,"href":"https:\/\/habermarmaratv.com\/index.php\/wp-json\/wp\/v2\/users\/1"}],"replies":[{"embeddable":true,"href":"https:\/\/habermarmaratv.com\/index.php\/wp-json\/wp\/v2\/comments?post=1758"}],"version-history":[{"count":0,"href":"https:\/\/habermarmaratv.com\/index.php\/wp-json\/wp\/v2\/posts\/1758\/revisions"}],"wp:featuredmedia":[{"embeddable":true,"href":"https:\/\/habermarmaratv.com\/index.php\/wp-json\/wp\/v2\/media\/1759"}],"wp:attachment":[{"href":"https:\/\/habermarmaratv.com\/index.php\/wp-json\/wp\/v2\/media?parent=1758"}],"wp:term":[{"taxonomy":"category","embeddable":true,"href":"https:\/\/habermarmaratv.com\/index.php\/wp-json\/wp\/v2\/categories?post=1758"},{"taxonomy":"post_tag","embeddable":true,"href":"https:\/\/habermarmaratv.com\/index.php\/wp-json\/wp\/v2\/tags?post=1758"}],"curies":[{"name":"wp","href":"https:\/\/api.w.org\/{rel}","templated":true}]}}