{"id":171,"date":"2023-07-02T12:49:29","date_gmt":"2023-07-02T09:49:29","guid":{"rendered":"https:\/\/habermarmaratv.com\/index.php\/2023\/07\/02\/fenerbahce-transfer-haberleri-ismail-kartal-gozden-cikardi-ulkesine-geri-donuyor\/"},"modified":"2023-07-02T12:49:29","modified_gmt":"2023-07-02T09:49:29","slug":"fenerbahce-transfer-haberleri-ismail-kartal-gozden-cikardi-ulkesine-geri-donuyor","status":"publish","type":"post","link":"https:\/\/habermarmaratv.com\/index.php\/2023\/07\/02\/fenerbahce-transfer-haberleri-ismail-kartal-gozden-cikardi-ulkesine-geri-donuyor\/","title":{"rendered":"FENERBAH\u00c7E TRANSFER HABERLER\u0130 | \u0130smail Kartal g\u00f6zden \u00e7\u0131kard\u0131! \u00dclkesine geri d\u00f6n\u00fcyor"},"content":{"rendered":"<div data-index=\"13\">\n<figure class=\"featured-image view-10 view-md-20\">&#13;<br \/>\n                                    <a href=\"https:\/\/iaftm.tmgrup.com.tr\/e73090\/0\/0\/0\/0\/0\/0?u=https:\/\/iftm.tmgrup.com.tr\/album\/2023\/07\/02\/fenerbahce-transfer-haberleri-ismail-kartal-gozden-cikardi-ulkesine-geri-donuyor-1688289214615.jpg&amp;mw=1200&amp;l=1\" class=\"fancybox-effects\">&#13;\n                                        <picture>&#13;<br \/>\n                                            <img decoding=\"async\" src=\"https:\/\/iaftm.tmgrup.com.tr\/e87a70\/0\/0\/0\/0\/0\/0?u=https:\/\/iftm.tmgrup.com.tr\/album\/2023\/07\/02\/fenerbahce-transfer-haberleri-ismail-kartal-gozden-cikardi-ulkesine-geri-donuyor-1688289214615.jpg&amp;mw=752&amp;mh=700&amp;l=1\" alt=\"FENERBAH\u00c7E TRANSFER HABERLER\u0130 | \u0130smail Kartal g\u00f6zden \u00e7\u0131kard\u0131! \u00dclkesine geri d\u00f6n\u00fcyor\" class=\"lazyload\"\/> <!-- mobile -->&#13;\n                                        <\/picture>&#13;<br \/>\n                                    <\/a>&#13;<br \/>\n                                <\/figure>\n<section class=\"detail-text-content\">&#13;<\/p>\n<p>Fakat sergiledi\u011fi performansla beklentilerin alt\u0131nda kald\u0131.<\/p>\n<p>&#13;<br \/>\n&#13;<br \/>\n&#13;<br \/>\n                                <\/section>\n<\/p><\/div>\n<div data-index=\"14\">\n<figure class=\"featured-image view-10 view-md-20\">&#13;<br \/>\n                                    <a href=\"https:\/\/iaftm.tmgrup.com.tr\/2c1d41\/0\/0\/0\/0\/0\/0?u=https:\/\/iftm.tmgrup.com.tr\/album\/2023\/07\/02\/fenerbahce-transfer-haberleri-ismail-kartal-gozden-cikardi-ulkesine-geri-donuyor-1688289214094.jpg&amp;mw=1200&amp;l=1\" class=\"fancybox-effects\">&#13;\n                                        <picture>&#13;<br \/>\n                                            <img decoding=\"async\" src=\"https:\/\/iaftm.tmgrup.com.tr\/a5e599\/0\/0\/0\/0\/0\/0?u=https:\/\/iftm.tmgrup.com.tr\/album\/2023\/07\/02\/fenerbahce-transfer-haberleri-ismail-kartal-gozden-cikardi-ulkesine-geri-donuyor-1688289214094.jpg&amp;mw=752&amp;mh=700&amp;l=1\" alt=\"FENERBAH\u00c7E TRANSFER HABERLER\u0130 | \u0130smail Kartal g\u00f6zden \u00e7\u0131kard\u0131! \u00dclkesine geri d\u00f6n\u00fcyor\" class=\"lazyload\"\/> <!-- mobile -->&#13;\n                                        <\/picture>&#13;<br \/>\n                                    <\/a>&#13;<br \/>\n                                <\/figure>\n<section class=\"detail-text-content\">&#13;<\/p>\n<p>Arao kariyerine Sao Paulo altyap\u0131s\u0131nda ba\u015flad\u0131. Ard\u0131ndan s\u0131ras\u0131yla \u00fclkesinin; Corinthians, Portuguese, Chapecoense, Atletico, Botafogo ve Flamengo tak\u0131mlar\u0131nda forma terletti.<\/p>\n<p>  &#13;<br \/>\n&#13;<br \/>\n&#13;<br \/>\n                                <\/section>\n<\/p><\/div>\n<div data-index=\"15\">\n<figure class=\"featured-image view-10 view-md-20\">&#13;<br \/>\n                                    <a href=\"https:\/\/iaftm.tmgrup.com.tr\/a69435\/0\/0\/0\/0\/0\/0?u=https:\/\/iftm.tmgrup.com.tr\/album\/2023\/07\/02\/fenerbahce-transfer-haberleri-ismail-kartal-gozden-cikardi-ulkesine-geri-donuyor-1688289217349.jpg&amp;mw=1200&amp;l=1\" class=\"fancybox-effects\">&#13;\n                                        <picture>&#13;<br \/>\n                                            <img decoding=\"async\" src=\"https:\/\/iaftm.tmgrup.com.tr\/53abe0\/0\/0\/0\/0\/0\/0?u=https:\/\/iftm.tmgrup.com.tr\/album\/2023\/07\/02\/fenerbahce-transfer-haberleri-ismail-kartal-gozden-cikardi-ulkesine-geri-donuyor-1688289217349.jpg&amp;mw=752&amp;mh=700&amp;l=1\" alt=\"FENERBAH\u00c7E TRANSFER HABERLER\u0130 | \u0130smail Kartal g\u00f6zden \u00e7\u0131kard\u0131! \u00dclkesine geri d\u00f6n\u00fcyor\" class=\"lazyload\"\/> <!-- mobile -->&#13;\n                                        <\/picture>&#13;<br \/>\n                                    <\/a>&#13;<br \/>\n                                <\/figure>\n<section class=\"detail-text-content\">&#13;<\/p>\n<p>Son dura\u011f\u0131 ise <a href=\"https:\/\/www.fotomac.com.tr\/haberleri\/fenerbahce\" target=\"_blank\" class=\"tkktLnk\" rel=\"noopener\">Fenerbah\u00e7e<\/a> oldu. \u015eimdilerde ise eski tak\u0131m\u0131 Corinthians&#8217;a transfer olmas\u0131 bekleniyor.<\/p>\n<p>&#13;<br \/>\n&#13;<br \/>\n                                            &#13;<br \/>\n&#13;<br \/>\n                                <\/section>\n<\/p><\/div>\n","protected":false},"excerpt":{"rendered":"<p>&#13; &#13; &#13; &#13; &#13; &#13; &#13; Fakat sergiledi\u011fi performansla beklentilerin alt\u0131nda kald\u0131. &#13; &#13; &#13; &#13; &#13; &#13; &#13; &#13; &#13; &#13; Arao kariyerine Sao Paulo altyap\u0131s\u0131nda ba\u015flad\u0131. Ard\u0131ndan s\u0131ras\u0131yla \u00fclkesinin; Corinthians, Portuguese, Chapecoense, Atletico, Botafogo ve Flamengo tak\u0131mlar\u0131nda forma terletti. &#13; &#13; &#13; &#13; &#13; &#13; &#13; &#13; &#13; &#13; Son dura\u011f\u0131 ise [&hellip;]<\/p>\n","protected":false},"author":1,"featured_media":172,"comment_status":"open","ping_status":"open","sticky":false,"template":"","format":"standard","meta":{"footnotes":""},"categories":[3],"tags":[],"class_list":["post-171","post","type-post","status-publish","format-standard","has-post-thumbnail","hentry","category-spor"],"_links":{"self":[{"href":"https:\/\/habermarmaratv.com\/index.php\/wp-json\/wp\/v2\/posts\/171","targetHints":{"allow":["GET"]}}],"collection":[{"href":"https:\/\/habermarmaratv.com\/index.php\/wp-json\/wp\/v2\/posts"}],"about":[{"href":"https:\/\/habermarmaratv.com\/index.php\/wp-json\/wp\/v2\/types\/post"}],"author":[{"embeddable":true,"href":"https:\/\/habermarmaratv.com\/index.php\/wp-json\/wp\/v2\/users\/1"}],"replies":[{"embeddable":true,"href":"https:\/\/habermarmaratv.com\/index.php\/wp-json\/wp\/v2\/comments?post=171"}],"version-history":[{"count":0,"href":"https:\/\/habermarmaratv.com\/index.php\/wp-json\/wp\/v2\/posts\/171\/revisions"}],"wp:featuredmedia":[{"embeddable":true,"href":"https:\/\/habermarmaratv.com\/index.php\/wp-json\/wp\/v2\/media\/172"}],"wp:attachment":[{"href":"https:\/\/habermarmaratv.com\/index.php\/wp-json\/wp\/v2\/media?parent=171"}],"wp:term":[{"taxonomy":"category","embeddable":true,"href":"https:\/\/habermarmaratv.com\/index.php\/wp-json\/wp\/v2\/categories?post=171"},{"taxonomy":"post_tag","embeddable":true,"href":"https:\/\/habermarmaratv.com\/index.php\/wp-json\/wp\/v2\/tags?post=171"}],"curies":[{"name":"wp","href":"https:\/\/api.w.org\/{rel}","templated":true}]}}