{"id":17,"date":"2023-07-02T01:12:10","date_gmt":"2023-07-01T22:12:10","guid":{"rendered":"https:\/\/habermarmaratv.com\/index.php\/2023\/07\/02\/baskan-uzunlar-sahaya-indi\/"},"modified":"2023-07-02T01:12:10","modified_gmt":"2023-07-01T22:12:10","slug":"baskan-uzunlar-sahaya-indi","status":"publish","type":"post","link":"https:\/\/habermarmaratv.com\/index.php\/2023\/07\/02\/baskan-uzunlar-sahaya-indi\/","title":{"rendered":"Ba\u015fkan Uzunlar sahaya indi"},"content":{"rendered":"<div id=\"detaymetin\">\n<p><span class=\"text-big\">\u0130lk olarak Alt\u0131nova Mahallesi\u2019nde yap\u0131m\u0131na ba\u015flanan Yavuz Sultan Selim Han Camii ile S\u00fcleymanpa\u015fa Belediyesi Mahalle Kona\u011f\u0131 ve Taziye Evi\u2019ni ziyaret eden Ba\u015fkan Uzunlar, S\u00fcleymanpa\u015fa Camilerini Yapt\u0131rma ve Ya\u015fatma Derne\u011fi ile birlikte hayata ge\u00e7irilen projelerin temel atma t\u00f6renine de kat\u0131ld\u0131. \u0130lk harc\u0131 d\u00f6ken Ba\u015fkan Uzunlar, \u201cHer iki projemizin de il\u00e7emiz i\u00e7in hay\u0131rl\u0131 olmas\u0131n\u0131 diliyor, eme\u011fi ge\u00e7enlere can-\u0131 g\u00f6n\u00fclden te\u015fekk\u00fcrlerimi sunuyorum. Projelerimizi en k\u0131sa s\u00fcrede tamamlay\u0131p vatanda\u015flar\u0131m\u0131z\u0131n hizmetine sunaca\u011f\u0131z\u201d dedi.<\/span><\/p>\n<p>\u00a0<\/p>\n<figure class=\"image\"><img decoding=\"async\" src=\"https:\/\/marmarahaber.com.tr\/resimler\/2023-6\/26\/508881955645136.jpg\"\/><\/figure>\n<p>\u00a0<\/p>\n<p><span class=\"text-big\"><strong>\u201cEN KISA ZAMANDA TAMAMLANARAK \u00dcN\u0130VERS\u0130TEYE DEVRED\u0130LECEK\u201d\u00a0<\/strong><\/span><\/p>\n<p>\u00a0<\/p>\n<p><span class=\"text-big\">Ba\u015fkan H\u00fcseyin Uzunlar, daha sonra Nam\u0131k Kemal \u00dcniversitesi Ara\u015ft\u0131rma Hastanesi\u2019ne kazand\u0131r\u0131lmak \u00fczere in\u015fa edilen 80 yatak kapasiteli Kemoterapi Merkezi\u2019ni ziyaret etti. \u00c7al\u0131\u015fanlara kolayl\u0131klar dileyen Uzunlar, \u201cBu yat\u0131r\u0131m da en k\u0131sa s\u00fcre i\u00e7inde tamamlanarak, \u00fcniversiteye devredilecek\u201d ifadesini kulland\u0131. S\u00fcleymanpa\u015fa Belediyesi taraf\u0131ndan ge\u00e7en y\u0131l hayata ge\u00e7irilen Pa\u015fa Tar\u0131m Vadisi\u2019nde incelemede bulunan Uzunlar, ata tohumlar\u0131n\u0131n yeniden hayat buldu\u011fu seralar\u0131 ziyaret ederek \u00e7al\u0131\u015fmalar hakk\u0131nda bilgi ald\u0131.\u00a0<\/span><\/p>\n<p>\u00a0<\/p>\n<p><span class=\"text-big\"><strong>\u201cGURUR DUYDUM\u201d\u00a0<\/strong><\/span><\/p>\n<p>\u00a0<\/p>\n<p><span class=\"text-big\">Pa\u015fa Tar\u0131m Vadisi i\u00e7inde kurulan seray\u0131 ziyaret eden Uzunlar, \u201cGurur duydum. \u015eehrimizin verimli topraklar\u0131nda yeti\u015fen sebzeler, meyveler, \u00e7i\u00e7ekler, bitkiler her ge\u00e7en g\u00fcn \u00e7e\u015fitleniyor ve geli\u015fiyor. Bu ba\u015far\u0131, s\u00fcrd\u00fcr\u00fclebilir tar\u0131m uygulamalar\u0131 ve \u00e7evreye duyarl\u0131 \u00e7al\u0131\u015fmalar\u0131m\u0131za dayan\u0131yor. Sa\u011fl\u0131kl\u0131 ve taze \u00fcr\u00fcnler elde etmek i\u00e7in s\u00fcrd\u00fcrd\u00fc\u011f\u00fcm\u00fcz bu yerel tar\u0131m giri\u015fimi, toplumumuzun sa\u011fl\u0131\u011f\u0131n\u0131 desteklemek ad\u0131na b\u00fcy\u00fck \u00f6nem ta\u015f\u0131yor\u201d dedi.<\/span><\/p>\n<p>\u00a0<\/p>\n<figure class=\"image\"><img decoding=\"async\" src=\"https:\/\/marmarahaber.com.tr\/resimler\/2023-6\/26\/615601262108793.jpg\"\/><\/figure>\n<p>\u00a0<\/p>\n<p><span class=\"text-big\"><strong>YAZ B\u0130TMEDEN H\u0130ZMETE G\u0130RECEK\u00a0<\/strong><\/span><\/p>\n<p>\u00a0<\/p>\n<p><span class=\"text-big\">Pa\u015fa Spor Vadisi olarak bilinen, yeni ad\u0131yla S\u00fcleymanpa\u015fa Prof. Dr. Mustafa \u015eentop Spor Vadisi i\u00e7inde in\u015fas\u0131 s\u00fcren Ok\u00e7uluk Merkezi\u2019ne de giden Uzunlar, \u00e7al\u0131\u015fmalarla ilgili yetkililerden bilgi ald\u0131. Uzunlar, \u201cGen\u00e7lerimizi spora y\u00f6nlendirmek ve Ata Sporu ok\u00e7ulu\u011fumuzu sevdirmek amac\u0131yla att\u0131\u011f\u0131m\u0131z bu \u00f6nemli ad\u0131m ve spora verdi\u011fimiz destekle, yeteneklerini ke\u015ffetmelerini ve sa\u011fl\u0131kl\u0131 bir ya\u015fam tarz\u0131 benimsemelerini te\u015fvik etmeyi hedefliyoruz. Bu tesislerde yeti\u015fecek gen\u00e7lerimiz aras\u0131ndan yeni Mete Gazoz\u2019lar \u00e7\u0131kaca\u011f\u0131ndan \u015f\u00fcphem yok\u201d ifadelerini kulland\u0131. Son olarak \u00c7\u0131narl\u0131 Mahallesi\u2019nde devam eden yol yap\u0131m, bak\u0131m ve onar\u0131m \u00e7al\u0131\u015fmalar\u0131n\u0131 inceleyen H\u00fcseyin Uzunlar, Muratl\u0131 Caddesi \u00fczerinde yap\u0131m\u0131 s\u00fcren park projesinde incelemede bulundu. Son durum hakk\u0131nda bilgi alan Uzunlar, S\u00fcleymanpa\u015fa\u2019ya de\u011fer katacak projenin yaz bitmeden hizmete girece\u011fini belirtti.\u00a0<\/span><\/p>\n<p>\u00a0<\/p>\n<p><span class=\"text-big\"><strong>Haber \/ Buse AKIN\u00a0<\/strong><\/span><\/p>\n<\/p><\/div>\n","protected":false},"excerpt":{"rendered":"<p>\u0130lk olarak Alt\u0131nova Mahallesi\u2019nde yap\u0131m\u0131na ba\u015flanan Yavuz Sultan Selim Han Camii ile S\u00fcleymanpa\u015fa Belediyesi Mahalle Kona\u011f\u0131 ve Taziye Evi\u2019ni ziyaret eden Ba\u015fkan Uzunlar, S\u00fcleymanpa\u015fa Camilerini Yapt\u0131rma ve Ya\u015fatma Derne\u011fi ile birlikte hayata ge\u00e7irilen projelerin temel atma t\u00f6renine de kat\u0131ld\u0131. \u0130lk harc\u0131 d\u00f6ken Ba\u015fkan Uzunlar, \u201cHer iki projemizin de il\u00e7emiz i\u00e7in hay\u0131rl\u0131 olmas\u0131n\u0131 diliyor, eme\u011fi ge\u00e7enlere [&hellip;]<\/p>\n","protected":false},"author":1,"featured_media":18,"comment_status":"open","ping_status":"open","sticky":false,"template":"","format":"standard","meta":{"footnotes":""},"categories":[1],"tags":[],"class_list":["post-17","post","type-post","status-publish","format-standard","has-post-thumbnail","hentry","category-blog"],"_links":{"self":[{"href":"https:\/\/habermarmaratv.com\/index.php\/wp-json\/wp\/v2\/posts\/17","targetHints":{"allow":["GET"]}}],"collection":[{"href":"https:\/\/habermarmaratv.com\/index.php\/wp-json\/wp\/v2\/posts"}],"about":[{"href":"https:\/\/habermarmaratv.com\/index.php\/wp-json\/wp\/v2\/types\/post"}],"author":[{"embeddable":true,"href":"https:\/\/habermarmaratv.com\/index.php\/wp-json\/wp\/v2\/users\/1"}],"replies":[{"embeddable":true,"href":"https:\/\/habermarmaratv.com\/index.php\/wp-json\/wp\/v2\/comments?post=17"}],"version-history":[{"count":0,"href":"https:\/\/habermarmaratv.com\/index.php\/wp-json\/wp\/v2\/posts\/17\/revisions"}],"wp:featuredmedia":[{"embeddable":true,"href":"https:\/\/habermarmaratv.com\/index.php\/wp-json\/wp\/v2\/media\/18"}],"wp:attachment":[{"href":"https:\/\/habermarmaratv.com\/index.php\/wp-json\/wp\/v2\/media?parent=17"}],"wp:term":[{"taxonomy":"category","embeddable":true,"href":"https:\/\/habermarmaratv.com\/index.php\/wp-json\/wp\/v2\/categories?post=17"},{"taxonomy":"post_tag","embeddable":true,"href":"https:\/\/habermarmaratv.com\/index.php\/wp-json\/wp\/v2\/tags?post=17"}],"curies":[{"name":"wp","href":"https:\/\/api.w.org\/{rel}","templated":true}]}}