{"id":1670,"date":"2023-10-16T08:12:50","date_gmt":"2023-10-16T05:12:50","guid":{"rendered":"https:\/\/habermarmaratv.com\/index.php\/2023\/10\/16\/okul-oncesi-egitim-ve-ilkogretim-kurumlari-yonetmeliginde-degisiklik-yapildi\/"},"modified":"2023-10-16T08:12:50","modified_gmt":"2023-10-16T05:12:50","slug":"okul-oncesi-egitim-ve-ilkogretim-kurumlari-yonetmeliginde-degisiklik-yapildi","status":"publish","type":"post","link":"https:\/\/habermarmaratv.com\/index.php\/2023\/10\/16\/okul-oncesi-egitim-ve-ilkogretim-kurumlari-yonetmeliginde-degisiklik-yapildi\/","title":{"rendered":"Okul \u00d6ncesi E\u011fitim ve \u0130lk\u00f6\u011fretim Kurumlar\u0131 Y\u00f6netmeli\u011fi\u2019nde de\u011fi\u015fiklik yap\u0131ld\u0131"},"content":{"rendered":"<p> [ad_1]<br \/>\n<br \/><img decoding=\"async\" src=\"https:\/\/www.marmarahaber.com.tr\/resimler\/2023-10\/15\/925941629860984.webp\" \/><\/p>\n<div id=\"detaymetin\">\n<p><span class=\"text-big\">Mill\u00ee E\u011fitim Bakanl\u0131\u011f\u0131\u2019ndan yap\u0131lan a\u00e7\u0131klamaya g\u00f6re, y\u00f6netmelikte yap\u0131lan d\u00fczenlemeye g\u00f6re daha \u00f6nce ortaokul, lise, B\u0130LSEM ve benzeri e\u011fitim kurumlar\u0131nda ana s\u0131n\u0131f\u0131 a\u00e7\u0131labiliyorken art\u0131k okul \u00f6ncesi \u00e7ocuklar\u0131n\u0131n, ya\u015f ve geli\u015fim olarak kendilerine en yak\u0131n ilkokul \u00f6\u011frencileriyle birlikte e\u011fitim almalar\u0131 i\u00e7in sadece ilkokul b\u00fcnyesinde ana s\u0131n\u0131f\u0131 a\u00e7\u0131lmas\u0131 sa\u011flanacak.<\/span><\/p>\n<p><span class=\"text-big\">Mevzuatta birlik sa\u011flamak amac\u0131yla tekli e\u011fitim, ikili e\u011fitim tan\u0131mlar\u0131 ile okullar\u0131n ve kay\u0131t alanlar\u0131n\u0131n dijital olarak kaydedilmelerini sa\u011flamak amac\u0131yla Mill\u00ee E\u011fitim Bakanl\u0131\u011f\u0131 Co\u011frafi Bilgi Sistemi (MEBCBS) ile ilgili h\u00fck\u00fcmler Y\u00f6netmelik&#8217;e eklendi. \u00d6\u011fretmenlerin haftal\u0131k ders programlar\u0131 yap\u0131l\u0131rken engelli \u00f6\u011fretmenlerin, bakmakla y\u00fck\u00fcml\u00fc oldu\u011fu engelli yak\u0131n\u0131 olan \u00f6\u011fretmenlerin ve 36 ay\u0131n\u0131 doldurmam\u0131\u015f \u00e7ocu\u011fu olan \u00f6\u011fretmenlerin durumlar\u0131n\u0131n dikkate al\u0131nmas\u0131 sa\u011fland\u0131.<\/span><\/p>\n<p><span class=\"text-big\"><strong>E-OKUL S\u0130STEM\u0130 \u00dcZER\u0130NDEN OTOMAT\u0130K YAPILACAK<\/strong><\/span><\/p>\n<p><span class=\"text-big\">\u00d6\u011frencilerin beslenmelerini rahat yapabilmeleri i\u00e7in okullarda teneff\u00fcslerden birinin en az 20 dakika olmas\u0131 sa\u011fland\u0131. 2024-2025 e\u011fitim ve \u00f6\u011fretim y\u0131l\u0131ndan itibaren \u00f6\u011frencilerin \u015fubelere da\u011f\u0131l\u0131m\u0131n\u0131n dengeli olmas\u0131 i\u00e7in bu i\u015flemler e-Okul sistemi \u00fczerinden otomatik yap\u0131lacak. Ayr\u0131ca \u015fubeleri okutacak \u00f6\u011fretmenlerin belirlenmesi de bu sistem \u00fczerinden ger\u00e7ekle\u015ftirilecek. D\u00fczenleme \u00f6ncesinde sadece anne ve babas\u0131 \u00e7al\u0131\u015fan \u00e7ocuklara nakil konusunda kolayl\u0131k sa\u011flan\u0131yorken yap\u0131lan de\u011fi\u015fiklik ile yetim ve \u00f6ks\u00fcz \u00e7ocuklar, ailesinde a\u011f\u0131r engelli bulunan \u00e7ocuklar i\u00e7in de nakil konusunda kolayl\u0131k getirildi.<\/span><\/p>\n<p><span class=\"text-big\"><strong>\u00d6\u011eRENC\u0130N\u0130N DURUMU VEL\u0130S\u0130NE B\u0130LD\u0130R\u0130LECEK<\/strong><\/span><\/p>\n<p><span class=\"text-big\">Yap\u0131lan d\u00fczenlemeyle okula gelmeyen, bir derse girdi\u011fi h\u00e2lde bir veya daha fazla derse \u00f6z\u00fcrs\u00fcz olarak girmeyen \u00f6\u011frencinin durumu velisine bildirilecek. Devams\u0131zl\u0131\u011f\u0131n 5, 10 ve 15&#8217;inci g\u00fcnlerinde bildirim yap\u0131lacak. Kontrol kay\u0131tl\u0131 s\u00fcrekli tedaviyi ya da organ naklini gerektiren hastal\u0131\u011f\u0131 bulunanlar, tam zamanl\u0131 kayna\u015ft\u0131rma\/b\u00fct\u00fcnle\u015ftirme yoluyla e\u011fitimlerine devam eden \u00f6zel e\u011fitim ihtiyac\u0131 olan \u00f6\u011frenciler ve sosyal hizmet, emniyet ve asayi\u015f birimlerinin resm\u00ee raporlar\u0131 do\u011frultusunda koruma ve bak\u0131m alt\u0131na al\u0131nan \u00f6\u011frenciler i\u00e7in devams\u0131zl\u0131\u011f\u0131n 30&#8217;uncu g\u00fcn\u00fcnde de bildirim sa\u011flanacak.<\/span><\/p>\n<p><span class=\"text-big\"><strong>E\u011e\u0130T\u0130ME ER\u0130\u015e\u0130M \u0130\u00c7\u0130N MEVS\u0130ML\u0130K TARIM \u0130\u015e\u00c7\u0130LER\u0130NE SORUMLULUK VER\u0130LD\u0130<\/strong><\/span><\/p>\n<p><span class=\"text-big\">\u00d6\u011frencinin \u00fcst\u00fcn yarar\u0131 do\u011frultusunda e\u011fitime eri\u015fiminin sa\u011flanmas\u0131 i\u00e7in mevsimlik tar\u0131m i\u015f\u00e7ileri ile g\u00f6\u00e7er ve yar\u0131 g\u00f6\u00e7er ailelere, \u00e7al\u0131\u015fmak \u00fczere gidecekleri yerleri \u00e7ocuklar\u0131n\u0131n kay\u0131tl\u0131 oldu\u011fu okullar\u0131na bildirmesi, \u00e7ocuklar\u0131n\u0131 gittikleri yerlerdeki okullara kaydettirmesi ve \u00e7ocuklar\u0131n\u0131n okula devam\u0131n\u0131 sa\u011flamalar\u0131 konusunda sorumluluk verildi.\u00a0<\/span><\/p>\n<p><span class=\"text-big\">Zorunlu ilk\u00f6\u011fretim \u00e7a\u011f\u0131 d\u0131\u015f\u0131na \u00e7\u0131kan ilkokul \u00f6\u011frencilerinin takiplerinin yap\u0131labilmesi, e\u011fitim \u00f6\u011fretime devamlar\u0131 ve okuma yazma seviye tespit s\u0131navlar\u0131na girmeleri i\u00e7in halk e\u011fitimi merkezine y\u00f6nlendirilmesi sa\u011fland\u0131. Okul \u00f6ncesi e\u011fitim ve ilkokullarda \u00f6\u011frencilerin geli\u015fim d\u00fczeyleri, \u00f6\u011fretmen rehberli\u011finde ger\u00e7ekle\u015ftirilen bireysel ve grupla yap\u0131lan etkinliklere kat\u0131l\u0131m g\u00f6zlem formlar\u0131, oyun temelli de\u011ferlendirmeler ve verilen g\u00f6revleri yerine getirme ama\u00e7l\u0131 \u00f6l\u00e7me de\u011ferlendirme ara\u00e7lar\u0131 ile yap\u0131laca\u011f\u0131ndan ilkokul 4&#8217;\u00fcnc\u00fc s\u0131n\u0131flarda puanla de\u011ferlendirme kald\u0131r\u0131ld\u0131. Ayr\u0131ca, ilkokullarda \u00f6\u011frenci geli\u015fim d\u00fczeylerinin ayr\u0131nt\u0131l\u0131 de\u011ferlendirilebilmesi i\u00e7in \u00f6l\u00e7\u00fct say\u0131s\u0131 artt\u0131r\u0131larak &#8220;yeterli&#8221; \u00f6l\u00e7\u00fct\u00fc eklendi.<\/span><\/p>\n<p><span class=\"text-big\"><strong>SINIF GE\u00c7ME PUANI Y\u00dcKSELT\u0130LD\u0130<\/strong><\/span><\/p>\n<p><span class=\"text-big\">Daha \u00f6nce 45 olan s\u0131n\u0131f ge\u00e7me puan\u0131 T\u00fcrk\u00e7e dersi i\u00e7in 70&#8217;e, di\u011fer dersler i\u00e7in 50&#8217;ye y\u00fckseltildi. Bu puanlar\u0131n alt\u0131nda puan alan \u00f6\u011frencilerin s\u0131n\u0131f ge\u00e7me ya da kalmalar\u0131na \u015fube \u00f6\u011fretmenler kurulunda karar verilecek. Ortaokul ve imam hatip ortaokullar\u0131nda \u00f6d\u00fcl al\u0131nmas\u0131na ili\u015fkin \u00f6l\u00e7\u00fctler, T\u00fcrk\u00e7e dersi i\u00e7in 70 ve di\u011fer dersler i\u00e7in 50 puan ortalamas\u0131 g\u00f6z \u00f6n\u00fcne al\u0131narak g\u00fcncellendi. \u00d6l\u00e7me ve de\u011ferlendirmeye ili\u015fkin yeni bir yakla\u015f\u0131m olu\u015fturularak haz\u0131rlanan Mill\u00ee E\u011fitim Bakanl\u0131\u011f\u0131 \u00d6l\u00e7me ve De\u011ferlendirme Y\u00f6netmeli\u011fi y\u00fcr\u00fcrl\u00fc\u011fe girdi\u011finden s\u0131navlar\u0131n bu y\u00f6netmelikle uyumlu olarak ger\u00e7ekle\u015ftirilebilmesi amac\u0131yla gerekli d\u00fczenlemeler yap\u0131ld\u0131.<\/span><\/p>\n<p><span class=\"text-big\"><strong>B\u0130L\u0130\u015e\u0130M ARA\u00c7LARININ KULLANIMINA \u0130L\u0130\u015eK\u0130N TEDB\u0130RLER<\/strong><\/span><\/p>\n<p><span class=\"text-big\">Teknoloji ba\u011f\u0131ml\u0131l\u0131\u011f\u0131n\u0131 ve bili\u015fim ara\u00e7lar\u0131n\u0131n ama\u00e7 d\u0131\u015f\u0131 kullan\u0131m\u0131n\u0131 engellemek i\u00e7in okullarda cep telefonu, kamera, g\u00f6r\u00fcnt\u00fc ve ses kayd\u0131 yapma \u00f6zelli\u011fi olan bili\u015fim ara\u00e7lar\u0131n\u0131n okul ve eklentilerinde bulundurulma ve kullan\u0131m\u0131na ili\u015fkin okul m\u00fcd\u00fcrlerince tedbirler al\u0131nacak. Bu tedbirlere ayk\u0131r\u0131 davran\u0131\u015flara ili\u015fkin yapt\u0131r\u0131m uygulanabilecek.<\/span><\/p>\n<p><span class=\"text-big\"><strong>DO\u011eUM YAPAN \u00d6\u011eRETMENLER\u0130N N\u00d6BET TUTMAMA HAKKI 2 YILA \u00c7IKARILDI<\/strong><\/span><\/p>\n<p><span class=\"text-big\">Do\u011fum yapan \u00f6\u011fretmenlerin 1 y\u0131l olan n\u00f6bet tutmama hakk\u0131, anne ile \u00e7ocu\u011fun daha fazla bir arada kalabilmelerini sa\u011flamak amac\u0131yla 2 y\u0131la \u00e7\u0131kar\u0131ld\u0131. \u00d6\u011frencilerin 6698 say\u0131l\u0131 Kanun \u00e7er\u00e7evesinde ki\u015fisel verilerini korumak amac\u0131yla foto\u011fraf, g\u00f6r\u00fcnt\u00fc ve seslerinin izinsiz olarak sosyal medyada payla\u015f\u0131lmas\u0131 yasaklanarak veliden ve rehberlik \u00f6\u011fretmeni g\u00f6zetiminde \u00f6\u011frenciden yaz\u0131l\u0131 izin al\u0131nmas\u0131 \u015fart\u0131 getirildi. Okul \u00f6ncesi e\u011fitim kurumlar\u0131nda \u00e7ocuklar\u0131n temel ihtiya\u00e7lar\u0131n\u0131, \u00f6z bak\u0131m s\u00fcre\u00e7lerini ve e\u011fitim program\u0131n\u0131n uygulanmas\u0131n\u0131 desteklemek amac\u0131yla katk\u0131 pay\u0131 al\u0131nabilmesi sa\u011flanacak.<\/span><\/p>\n<p><span class=\"text-big\"><strong>&#8220;G\u00dcNL\u00dcK SINIF SORUMLUSU&#8221; UYGULAMASI GET\u0130R\u0130LD\u0130<\/strong><\/span><\/p>\n<p><span class=\"text-big\">\u00d6\u011frencilerde sorumluluk bilincini geli\u015ftirerek okulda aktif g\u00f6rev almalar\u0131na yard\u0131mc\u0131 olmak i\u00e7in &#8220;g\u00fcnl\u00fck s\u0131n\u0131f sorumlusu&#8221; uygulamas\u0131 getirildi. Yat\u0131l\u0131 b\u00f6lge ortaokullar\u0131nda n\u00f6bet tutan \u00f6\u011frencilerin g\u00fcvenli\u011fi ve e\u011fitim saatleri d\u00fc\u015f\u00fcn\u00fclerek \u00f6\u011frencilerin tuttu\u011fu yatakhane n\u00f6beti kald\u0131r\u0131ld\u0131.\u00a0<\/span><\/p>\n<p><span class=\"text-big\">Okullarda ilk yard\u0131m dolab\u0131nda ilk yard\u0131m malzemeleri haricinde ila\u00e7 bulundurulmamas\u0131 ve ilk yard\u0131m dolab\u0131n\u0131n ihtiya\u00e7 duyulmas\u0131 h\u00e2linde g\u00f6revli personeller taraf\u0131ndan kullan\u0131lmas\u0131 h\u00fckm\u00fc getirildi.<\/span><\/p>\n<p><span class=\"text-big\"><strong>DEPREMDEN ETK\u0130LENEN \u0130LLERDE KATKI PAYI ALINMAYACAK<\/strong><\/span><\/p>\n<p><span class=\"text-big\">Diyabet, tansiyon, kanser, \u00e7\u00f6lyak ve benzeri s\u00fcre\u011fen hastal\u0131klar\u0131 bulunan \u00f6\u011frencilerin takibi amac\u0131yla e\u011fitim kurumlar\u0131nda kendi cep telefonlar\u0131na kolayl\u0131kla ula\u015fabilmeleri sa\u011flanacak. Okul \u00f6ncesi e\u011fitim kurumlar\u0131nda e\u011fitim etkinliklerinin g\u00fcvenli ve nitelikli bir ortamda ger\u00e7ekle\u015ftirilebilmesi i\u00e7in etkinlik\/oyun odas\u0131, oyun alanlar\u0131 ve bah\u00e7e, \u00e7ocuklar\u0131n geli\u015fimsel ihtiya\u00e7lar\u0131n\u0131n kar\u015f\u0131lanabilece\u011fi ara\u00e7larla zenginle\u015ftirilecek. \u00a0D\u00fczenlemeye g\u00f6re ayr\u0131ca 6 \u015eubat&#8217;ta meydana gelen Kahramanmara\u015f merkezli depremlerden etkilenen 11 ilde bulunan okul \u00f6ncesi e\u011fitim kurumlar\u0131nda, 2023-2024 e\u011fitim ve \u00f6\u011fretim y\u0131l\u0131nda katk\u0131 pay\u0131 al\u0131nmamas\u0131 kararla\u015ft\u0131r\u0131ld\u0131.<\/span><\/p>\n<p><span class=\"text-big\"><strong>Haber Merkezi<\/strong><\/span><\/p>\n<\/p><\/div>\n<p>[ad_2]<br \/>\n<br \/><a href=\"https:\/\/www.marmarahaber.com.tr\/haber\/okul_oncesi_egitim_ve_ilkogretim_kurumlari_yonetmeliginde_degisiklik_yapildi-85547.html\">Source link <\/a><\/p>\n","protected":false},"excerpt":{"rendered":"<p>[ad_1] Mill\u00ee E\u011fitim Bakanl\u0131\u011f\u0131\u2019ndan yap\u0131lan a\u00e7\u0131klamaya g\u00f6re, y\u00f6netmelikte yap\u0131lan d\u00fczenlemeye g\u00f6re daha \u00f6nce ortaokul, lise, B\u0130LSEM ve benzeri e\u011fitim kurumlar\u0131nda ana s\u0131n\u0131f\u0131 a\u00e7\u0131labiliyorken art\u0131k okul \u00f6ncesi \u00e7ocuklar\u0131n\u0131n, ya\u015f ve geli\u015fim olarak kendilerine en yak\u0131n ilkokul \u00f6\u011frencileriyle birlikte e\u011fitim almalar\u0131 i\u00e7in sadece ilkokul b\u00fcnyesinde ana s\u0131n\u0131f\u0131 a\u00e7\u0131lmas\u0131 sa\u011flanacak. Mevzuatta birlik sa\u011flamak amac\u0131yla tekli e\u011fitim, ikili e\u011fitim [&hellip;]<\/p>\n","protected":false},"author":1,"featured_media":1671,"comment_status":"open","ping_status":"open","sticky":false,"template":"","format":"standard","meta":{"footnotes":""},"categories":[10],"tags":[],"class_list":["post-1670","post","type-post","status-publish","format-standard","has-post-thumbnail","hentry","category-gundem"],"_links":{"self":[{"href":"https:\/\/habermarmaratv.com\/index.php\/wp-json\/wp\/v2\/posts\/1670","targetHints":{"allow":["GET"]}}],"collection":[{"href":"https:\/\/habermarmaratv.com\/index.php\/wp-json\/wp\/v2\/posts"}],"about":[{"href":"https:\/\/habermarmaratv.com\/index.php\/wp-json\/wp\/v2\/types\/post"}],"author":[{"embeddable":true,"href":"https:\/\/habermarmaratv.com\/index.php\/wp-json\/wp\/v2\/users\/1"}],"replies":[{"embeddable":true,"href":"https:\/\/habermarmaratv.com\/index.php\/wp-json\/wp\/v2\/comments?post=1670"}],"version-history":[{"count":0,"href":"https:\/\/habermarmaratv.com\/index.php\/wp-json\/wp\/v2\/posts\/1670\/revisions"}],"wp:featuredmedia":[{"embeddable":true,"href":"https:\/\/habermarmaratv.com\/index.php\/wp-json\/wp\/v2\/media\/1671"}],"wp:attachment":[{"href":"https:\/\/habermarmaratv.com\/index.php\/wp-json\/wp\/v2\/media?parent=1670"}],"wp:term":[{"taxonomy":"category","embeddable":true,"href":"https:\/\/habermarmaratv.com\/index.php\/wp-json\/wp\/v2\/categories?post=1670"},{"taxonomy":"post_tag","embeddable":true,"href":"https:\/\/habermarmaratv.com\/index.php\/wp-json\/wp\/v2\/tags?post=1670"}],"curies":[{"name":"wp","href":"https:\/\/api.w.org\/{rel}","templated":true}]}}