{"id":1613,"date":"2023-10-13T23:12:47","date_gmt":"2023-10-13T20:12:47","guid":{"rendered":"https:\/\/habermarmaratv.com\/index.php\/2023\/10\/13\/meghan-marklein-dizisi-the-suits-yeniden-cekilecek-dizi\/"},"modified":"2023-10-13T23:12:47","modified_gmt":"2023-10-13T20:12:47","slug":"meghan-marklein-dizisi-the-suits-yeniden-cekilecek-dizi","status":"publish","type":"post","link":"https:\/\/habermarmaratv.com\/index.php\/2023\/10\/13\/meghan-marklein-dizisi-the-suits-yeniden-cekilecek-dizi\/","title":{"rendered":"Meghan Markle&#8217;\u0131n dizisi The Suits yeniden \u00e7ekilecek &#8211; Dizi"},"content":{"rendered":"<p><img decoding=\"async\" src=\"https:\/\/www.murekkephaber.com\/images\/haberler\/2023\/10\/meghan-markle-in-dizisi-the-suits-yeniden-cekilecek-2446.jpg\" \/><\/p>\n<div>\n<div class=\"detay\" property=\"articleBody\">\n2020&#8217;de \u0130ngiltere&#8217;deki kraliyet g\u00f6revlerini b\u0131rakarak ABD&#8217;ye ta\u015f\u0131nan Prens Harry ve Meghan Markle \u00e7ifti her ne kadar kraliyet ailesinden ayr\u0131lm\u0131\u015f olsa da g\u00fcndemde kalmay\u0131 ba\u015far\u0131yor. Markle, 2016 y\u0131l\u0131nda Prens Harry ile g\u00f6r\u00fc\u015fmeye ba\u015flad\u0131\u011f\u0131 esnada\u00a0<strong>Suits<\/strong>\u00a0adl\u0131 dizide rol al\u0131yordu.Variety&#8217;nin haberine g\u00f6re, The Suits d\u00fcnyas\u0131n\u0131 konu alan yeni bir dizi i\u00e7in \u00e7al\u0131\u015fmalar ba\u015flad\u0131. Dizinin hangi zaman dilimini konu alaca\u011f\u0131 veya kimlerin ba\u015frolde olaca\u011f\u0131 bilinmiyor.Dizisinin yarat\u0131c\u0131s\u0131 Aaron Korsch, yeni karakterlerle bir dizi \u00e7ekilece\u011finin sinyallarini verdi.<\/p>\n<h2>EN \u00c7OK \u0130ZLENEN D\u0130Z\u0130 OLDU<\/h2>\n<p>Yeni dizinin son d\u00f6nemde izlenmesinin artmas\u0131 ve 12 hafta boyunca en \u00e7ok izlenen dizi olmas\u0131 sebebiyle bu karar\u0131n verildi\u011fi d\u00fc\u015f\u00fcn\u00fcl\u00fcyor.<\/p>\n<p>Markle ise 2010 ile 2018 y\u0131llar\u0131 aras\u0131nda dizide Zane karakterine hayat verdi.<\/p>\n<p>Kaynak: NTV <\/p><\/div>\n<\/p><\/div>\n","protected":false},"excerpt":{"rendered":"<p>2020&#8217;de \u0130ngiltere&#8217;deki kraliyet g\u00f6revlerini b\u0131rakarak ABD&#8217;ye ta\u015f\u0131nan Prens Harry ve Meghan Markle \u00e7ifti her ne kadar kraliyet ailesinden ayr\u0131lm\u0131\u015f olsa da g\u00fcndemde kalmay\u0131 ba\u015far\u0131yor. Markle, 2016 y\u0131l\u0131nda Prens Harry ile g\u00f6r\u00fc\u015fmeye ba\u015flad\u0131\u011f\u0131 esnada\u00a0Suits\u00a0adl\u0131 dizide rol al\u0131yordu.Variety&#8217;nin haberine g\u00f6re, The Suits d\u00fcnyas\u0131n\u0131 konu alan yeni bir dizi i\u00e7in \u00e7al\u0131\u015fmalar ba\u015flad\u0131. Dizinin hangi zaman dilimini konu alaca\u011f\u0131 [&hellip;]<\/p>\n","protected":false},"author":1,"featured_media":1614,"comment_status":"open","ping_status":"open","sticky":false,"template":"","format":"standard","meta":{"footnotes":""},"categories":[11],"tags":[],"class_list":["post-1613","post","type-post","status-publish","format-standard","has-post-thumbnail","hentry","category-trsektor"],"_links":{"self":[{"href":"https:\/\/habermarmaratv.com\/index.php\/wp-json\/wp\/v2\/posts\/1613","targetHints":{"allow":["GET"]}}],"collection":[{"href":"https:\/\/habermarmaratv.com\/index.php\/wp-json\/wp\/v2\/posts"}],"about":[{"href":"https:\/\/habermarmaratv.com\/index.php\/wp-json\/wp\/v2\/types\/post"}],"author":[{"embeddable":true,"href":"https:\/\/habermarmaratv.com\/index.php\/wp-json\/wp\/v2\/users\/1"}],"replies":[{"embeddable":true,"href":"https:\/\/habermarmaratv.com\/index.php\/wp-json\/wp\/v2\/comments?post=1613"}],"version-history":[{"count":0,"href":"https:\/\/habermarmaratv.com\/index.php\/wp-json\/wp\/v2\/posts\/1613\/revisions"}],"wp:featuredmedia":[{"embeddable":true,"href":"https:\/\/habermarmaratv.com\/index.php\/wp-json\/wp\/v2\/media\/1614"}],"wp:attachment":[{"href":"https:\/\/habermarmaratv.com\/index.php\/wp-json\/wp\/v2\/media?parent=1613"}],"wp:term":[{"taxonomy":"category","embeddable":true,"href":"https:\/\/habermarmaratv.com\/index.php\/wp-json\/wp\/v2\/categories?post=1613"},{"taxonomy":"post_tag","embeddable":true,"href":"https:\/\/habermarmaratv.com\/index.php\/wp-json\/wp\/v2\/tags?post=1613"}],"curies":[{"name":"wp","href":"https:\/\/api.w.org\/{rel}","templated":true}]}}