{"id":155,"date":"2023-07-02T02:18:02","date_gmt":"2023-07-01T23:18:02","guid":{"rendered":"https:\/\/habermarmaratv.com\/index.php\/2023\/07\/02\/muge-anli-arife-gokce-olayi-herkesin-agzini-acik-birakti-gokceyi-sinan-mi-kacirdi\/"},"modified":"2023-07-02T02:18:02","modified_gmt":"2023-07-01T23:18:02","slug":"muge-anli-arife-gokce-olayi-herkesin-agzini-acik-birakti-gokceyi-sinan-mi-kacirdi","status":"publish","type":"post","link":"https:\/\/habermarmaratv.com\/index.php\/2023\/07\/02\/muge-anli-arife-gokce-olayi-herkesin-agzini-acik-birakti-gokceyi-sinan-mi-kacirdi\/","title":{"rendered":"M\u00fcge Anl\u0131 Arife G\u00f6k\u00e7e Olay\u0131 Herkesin A\u011fz\u0131n\u0131 A\u00e7\u0131k B\u0131rakt\u0131! G\u00f6k\u00e7e&#8217;yi Sinan m\u0131 Ka\u00e7\u0131rd\u0131?"},"content":{"rendered":"<div>\n<p>M\u00fcge Anl\u0131 Arife G\u00f6k\u00e7e olay\u0131 i\u015flenmeye ba\u015flad\u0131\u011f\u0131 g\u00fcnden beri merakla ara\u015ft\u0131r\u0131l\u0131yor. M\u00fcge Anl\u0131 Arife G\u00f6k\u00e7e kimdir? M\u00fcge Anl\u0131 Arife G\u00f6k\u00e7e olay\u0131 nedir? M\u00fcge Anl\u0131\u2019da aranan Arife G\u00f6k\u00e7e isimli ki\u015fi bulundu mu? Her sabah 09.00 itibari ile ba\u015flayan M\u00fcge Anl\u0131\u2019n\u0131n program\u0131na yepyeni bir kay\u0131p ihbar\u0131 yap\u0131lmas\u0131 \u00fczerine harekete ge\u00e7ilmesi ile Arife G\u00f6k\u00e7e hakk\u0131nda iz s\u00fcr\u00fclmeye ba\u015fland\u0131. Peki Arife G\u00f6k\u00e7e olay\u0131 nedir? Arife G\u00f6k\u00e7e kimdir? Arife G\u00f6k\u00e7e bulundu mu? \u0130\u015fte detaylar\u2026<\/p>\n<h2>Arife G\u00f6k\u00e7e olay\u0131 nedir?<\/h2>\n<p>M\u00fcge Anl\u0131\u2019ya haftan\u0131n ilk g\u00fcn\u00fc ba\u015fvuru yapmas\u0131 sonras\u0131nda \u00e7\u0131kan aile, Arife G\u00f6k\u00e7e\u2019nin 4 g\u00fcnd\u00fcr kay\u0131p oldu\u011funu a\u00e7\u0131klad\u0131. Derinlemesine ara\u015ft\u0131rmaya giren M\u00fcge Anl\u0131 Arife G\u00f6k\u00e7e hakk\u0131nda inan\u0131lmaz detaylar ke\u015ffetti.<\/p>\n<p><img loading=\"lazy\" decoding=\"async\" class=\"alignnone size-full wp-image-59680 lazyload\" alt=\"\" width=\"1000\" height=\"574\" src=\"https:\/\/www.sanathaber.net\/wp-content\/uploads\/2022\/12\/arifegokce2.jpg\" srcset=\"https:\/\/www.sanathaber.net\/wp-content\/uploads\/2022\/12\/arifegokce2.jpg 1000w, https:\/\/www.sanathaber.net\/wp-content\/uploads\/2022\/12\/arifegokce2-300x172.jpg 300w, https:\/\/www.sanathaber.net\/wp-content\/uploads\/2022\/12\/arifegokce2-768x441.jpg 768w, https:\/\/www.sanathaber.net\/wp-content\/uploads\/2022\/12\/arifegokce2-750x431.jpg 750w\" data-sizes=\"auto\"\/><noscript><img loading=\"lazy\" decoding=\"async\" class=\"alignnone size-full wp-image-59680\" src=\"https:\/\/www.sanathaber.net\/wp-content\/uploads\/2022\/12\/arifegokce2.jpg\" alt=\"\" width=\"1000\" height=\"574\" srcset=\"https:\/\/www.sanathaber.net\/wp-content\/uploads\/2022\/12\/arifegokce2.jpg 1000w, https:\/\/www.sanathaber.net\/wp-content\/uploads\/2022\/12\/arifegokce2-300x172.jpg 300w, https:\/\/www.sanathaber.net\/wp-content\/uploads\/2022\/12\/arifegokce2-768x441.jpg 768w, https:\/\/www.sanathaber.net\/wp-content\/uploads\/2022\/12\/arifegokce2-750x431.jpg 750w\" sizes=\"auto, (max-width: 1000px) 100vw, 1000px\" data-eio=\"l\"\/><\/noscript><\/p>\n<h3>Arife G\u00f6k\u00e7e ka\u00e7\u0131r\u0131ld\u0131 iddialar\u0131<\/h3>\n<p>17 Aral\u0131k\u2019tan beri ka\u00e7\u0131r\u0131ld\u0131\u011f\u0131 iddia edilen Arife G\u00f6k\u00e7e\u2019nin ortadan kaybolmas\u0131nda bir\u00e7ok \u015faibe bulundu\u011fu kan\u0131s\u0131na var\u0131ld\u0131.<\/p>\n<p><img loading=\"lazy\" decoding=\"async\" class=\"alignnone size-full wp-image-59681 lazyload\" alt=\"\" width=\"1000\" height=\"589\" src=\"https:\/\/www.sanathaber.net\/wp-content\/uploads\/2022\/12\/arifegokce3.jpg\" srcset=\"https:\/\/www.sanathaber.net\/wp-content\/uploads\/2022\/12\/arifegokce3.jpg 1000w, https:\/\/www.sanathaber.net\/wp-content\/uploads\/2022\/12\/arifegokce3-300x177.jpg 300w, https:\/\/www.sanathaber.net\/wp-content\/uploads\/2022\/12\/arifegokce3-768x452.jpg 768w, https:\/\/www.sanathaber.net\/wp-content\/uploads\/2022\/12\/arifegokce3-750x442.jpg 750w\" data-sizes=\"auto\"\/><noscript><img loading=\"lazy\" decoding=\"async\" class=\"alignnone size-full wp-image-59681\" src=\"https:\/\/www.sanathaber.net\/wp-content\/uploads\/2022\/12\/arifegokce3.jpg\" alt=\"\" width=\"1000\" height=\"589\" srcset=\"https:\/\/www.sanathaber.net\/wp-content\/uploads\/2022\/12\/arifegokce3.jpg 1000w, https:\/\/www.sanathaber.net\/wp-content\/uploads\/2022\/12\/arifegokce3-300x177.jpg 300w, https:\/\/www.sanathaber.net\/wp-content\/uploads\/2022\/12\/arifegokce3-768x452.jpg 768w, https:\/\/www.sanathaber.net\/wp-content\/uploads\/2022\/12\/arifegokce3-750x442.jpg 750w\" sizes=\"auto, (max-width: 1000px) 100vw, 1000px\" data-eio=\"l\"\/><\/noscript><\/p>\n<p>Arife G\u00f6k\u00e7e\u2019nin e\u015fi, ka\u00e7\u0131r\u0131lma ihtimali \u00fczerinde durdu\u011fu olay ile alakal\u0131 yapt\u0131\u011f\u0131 a\u00e7\u0131klama da k\u00f6y de bulunan ve psikolojik rahats\u0131zl\u0131\u011f\u0131 var olan bir ki\u015fiden \u015f\u00fcphelendi\u011fini a\u00e7\u0131klad\u0131.<\/p>\n<p>Arife G\u00f6k\u00e7e\u2019nin e\u015fi yapt\u0131\u011f\u0131 a\u00e7\u0131klama da:<\/p>\n<blockquote>\n<p>\u201cYapt\u0131\u011f\u0131 yeme\u011fi ocakta b\u0131rak\u0131p gitti. Bizim k\u00f6y\u00fcm\u00fczde Sinan isminde psikolojik rahats\u0131zl\u0131\u011f\u0131 bulunan bir adam ya\u015f\u0131yor. Kad\u0131n, erkek herkesin telefonlar\u0131n\u0131 ezbere biliyor bu adam. Kesin Sinan benim e\u015fimin ba\u015f\u0131na bir\u015fey getirdi.\u201d dedi.<\/p>\n<\/blockquote>\n<h3>\u015e\u00fcpheli de kayboldu<\/h3>\n<p>Arife G\u00f6k\u00e7e olay\u0131 ile e\u015f zamanl\u0131 olarak \u015f\u00fcpheli Sinan isimli bireyin de ortadan kayboldu\u011fu a\u00e7\u0131klamas\u0131 sonras\u0131nda t\u00fcm hedefler kendisini g\u00f6stermekte iken, k\u00f6y de giri\u015f ve \u00e7\u0131k\u0131\u015flarda arama \u00e7al\u0131\u015fmalar\u0131 ba\u015flat\u0131ld\u0131.\u00a0 Sinan isimli \u015f\u00fcphelinin psikolojik sorunlar\u0131n\u0131 oldu\u011funu a\u00e7\u0131klayan Arife G\u00f6k\u00e7e\u2019nin e\u015fi Fikri G\u00f6k\u00e7e, Sinan\u2019\u0131n kendisine ula\u015ft\u0131\u011f\u0131n\u0131 ve \u2018sizinle birileri u\u011fra\u015f\u0131yor\u2019 dedi\u011fini iddia etti. Sinan\u2019\u0131n ba\u015fkalar\u0131 taraf\u0131ndan y\u00f6netildi\u011fini iddia eden e\u015f \u201cSinan bana bizzat s\u00f6yledi. Fikri amcac\u0131m benim sizinle bir sorunum yok. Seninle darg\u0131n olan biri k\u0131rg\u0131n olan biri var dedi. Biz bu adam\u0131 kim y\u00f6netiyor onu bulam\u0131yoruz bunu yapacak kapasitede bir adam de\u011fil Sinan.\u201d dedi.<\/p>\n<h2>Arife G\u00f6k\u00e7e olay\u0131 ka\u00e7ma de\u011fil ka\u00e7\u0131r\u0131lma<\/h2>\n<p>Ka\u00e7\u0131r\u0131ld\u0131\u011f\u0131 s\u0131rada evde s\u00fct kaynatmakta oldu\u011funu s\u00f6yleyen e\u015fi, s\u00fct kaynam\u0131\u015f ta\u015fm\u0131\u015f yerlerdeydi a\u00e7\u0131klamas\u0131 ile zorlana ka\u00e7\u0131r\u0131ld\u0131\u011f\u0131n\u0131 da ima etti.\u00a0 Aralar\u0131nda hi\u00e7 sorunu olmad\u0131\u011f\u0131n\u0131 a\u00e7\u0131klayan e\u015fi, \u2018E\u011fer ki r\u0131zas\u0131 ile ka\u00e7ma durumu var ise benden raz\u0131 de\u011filse bo\u015fan\u0131r\u0131z olur biter\u2019 diye de s\u00f6zlerine ekledi.<\/p>\n<p><img loading=\"lazy\" decoding=\"async\" class=\"alignnone size-full wp-image-59682 lazyload\" alt=\"\" width=\"1000\" height=\"586\" src=\"https:\/\/www.sanathaber.net\/wp-content\/uploads\/2022\/12\/arifegokce4.jpg\" srcset=\"https:\/\/www.sanathaber.net\/wp-content\/uploads\/2022\/12\/arifegokce4.jpg 1000w, https:\/\/www.sanathaber.net\/wp-content\/uploads\/2022\/12\/arifegokce4-300x176.jpg 300w, https:\/\/www.sanathaber.net\/wp-content\/uploads\/2022\/12\/arifegokce4-768x450.jpg 768w, https:\/\/www.sanathaber.net\/wp-content\/uploads\/2022\/12\/arifegokce4-750x440.jpg 750w\" data-sizes=\"auto\"\/><noscript><img loading=\"lazy\" decoding=\"async\" class=\"alignnone size-full wp-image-59682\" src=\"https:\/\/www.sanathaber.net\/wp-content\/uploads\/2022\/12\/arifegokce4.jpg\" alt=\"\" width=\"1000\" height=\"586\" srcset=\"https:\/\/www.sanathaber.net\/wp-content\/uploads\/2022\/12\/arifegokce4.jpg 1000w, https:\/\/www.sanathaber.net\/wp-content\/uploads\/2022\/12\/arifegokce4-300x176.jpg 300w, https:\/\/www.sanathaber.net\/wp-content\/uploads\/2022\/12\/arifegokce4-768x450.jpg 768w, https:\/\/www.sanathaber.net\/wp-content\/uploads\/2022\/12\/arifegokce4-750x440.jpg 750w\" sizes=\"auto, (max-width: 1000px) 100vw, 1000px\" data-eio=\"l\"\/><\/noscript><\/p>\n<h3>Arife G\u00f6k\u00e7e\u2019nin gelinleri de konu\u015ftu<\/h3>\n<p>Evden ka\u00e7acak bir insan olmad\u0131\u011f\u0131n\u0131 a\u00e7\u0131klayan gelinleri kay\u0131nvalidesini \u00e7ok sevdiklerini ve asla ka\u00e7mak ile alakal\u0131 bir olay\u0131n olmad\u0131\u011f\u0131n\u0131 savundu.<\/p>\n<p>Arife G\u00f6k\u00e7e\u2019nin ka\u00e7ma ihtimalini suya d\u00fc\u015f\u00fcren iddialarda da migren hastas\u0131 oldu\u011funu ve ila\u00e7lar\u0131n\u0131 yan\u0131na almad\u0131\u011f\u0131n\u0131 a\u00e7\u0131klayan e\u015fi Fikri G\u00f6k\u00e7e,<\/p>\n<blockquote>\n<p>\u201cBenim e\u015fimin bir migren ilac\u0131 vard\u0131. Her zaman bir tane i\u00e7erdi. Onu dahi i\u00e7memi\u015f. Yemek yiyemez di\u015fleri olmadan. Onu da almam\u0131\u015f takmam\u0131\u015f \u00f6yle gitmi\u015f\u201d<\/p>\n<\/blockquote>\n<p>derken, M\u00fcge Anl\u0131\u2019da en az\u0131ndan t\u00fcp\u00fc kapat\u0131rd\u0131 dedi ve olay\u0131n ka\u00e7\u0131r\u0131lma ihtimali \u00fczerinde durdu.<\/p>\n<p><img loading=\"lazy\" decoding=\"async\" class=\"alignnone size-full wp-image-59679 lazyload\" alt=\"\" width=\"1000\" height=\"594\" src=\"https:\/\/www.sanathaber.net\/wp-content\/uploads\/2022\/12\/arifegokce1.jpg\" srcset=\"https:\/\/www.sanathaber.net\/wp-content\/uploads\/2022\/12\/arifegokce1.jpg 1000w, https:\/\/www.sanathaber.net\/wp-content\/uploads\/2022\/12\/arifegokce1-300x178.jpg 300w, https:\/\/www.sanathaber.net\/wp-content\/uploads\/2022\/12\/arifegokce1-768x456.jpg 768w, https:\/\/www.sanathaber.net\/wp-content\/uploads\/2022\/12\/arifegokce1-750x446.jpg 750w\" data-sizes=\"auto\"\/><noscript><img loading=\"lazy\" decoding=\"async\" class=\"alignnone size-full wp-image-59679\" src=\"https:\/\/www.sanathaber.net\/wp-content\/uploads\/2022\/12\/arifegokce1.jpg\" alt=\"\" width=\"1000\" height=\"594\" srcset=\"https:\/\/www.sanathaber.net\/wp-content\/uploads\/2022\/12\/arifegokce1.jpg 1000w, https:\/\/www.sanathaber.net\/wp-content\/uploads\/2022\/12\/arifegokce1-300x178.jpg 300w, https:\/\/www.sanathaber.net\/wp-content\/uploads\/2022\/12\/arifegokce1-768x456.jpg 768w, https:\/\/www.sanathaber.net\/wp-content\/uploads\/2022\/12\/arifegokce1-750x446.jpg 750w\" sizes=\"auto, (max-width: 1000px) 100vw, 1000px\" data-eio=\"l\"\/><\/noscript><\/p>\n<h2>Arife G\u00f6k\u00e7e kimdir?<\/h2>\n<p>Samsun\u2019un bir k\u00f6y\u00fcnde ya\u015fayan Arife G\u00f6k\u00e7e, 64 ya\u015f\u0131nda. 5 \u00e7ocu\u011fu ve 12 torunu bulunan Arife G\u00f6k\u00e7e 17 Aral\u0131k\u2019tan bu yana kay\u0131p.<\/p>\n<p><strong>Sinan Yay\u0131na kat\u0131ld\u0131<\/strong><\/p>\n<p>Kendisi hakk\u0131nda ortaya at\u0131lan s\u00f6ylemlerin iddia oldu\u011funu s\u00f6yleyen Sinan isimli gen\u00e7, Arife G\u00f6k\u00e7e\u2019nin kendisine ilgisi oldu\u011funu s\u00f6ylerken, herkesin i\u00e7inde k\u00f6t\u00fc davrand\u0131\u011f\u0131n\u0131 ancak yaln\u0131zken kendisi ile ilgilendi\u011fini iddia etti.<\/p>\n<h3>Mustafa ve Kadir Arife\u2019yi ka\u00e7\u0131rd\u0131lar iddias\u0131!<\/h3>\n<p>Sinan iddialar\u0131na devam ederken Mustafa ve Kadir\u2019in kendisinden Arife G\u00f6k\u00e7e\u2019nin evini \u00f6\u011frendi\u011fini s\u00f6yledi. Sonras\u0131nda ensesinden vurarak da ka\u00e7\u0131rd\u0131klar\u0131n\u0131 iddia etti.<\/p>\n<h3>Herkes Sinan\u2019dan \u015fikayet\u00e7i<\/h3>\n<p>Bayan ve erkeklere k\u00f6t\u00fc davran\u0131\u015flar\u0131 oldu\u011fu iddia edilen Sinan i\u00e7in t\u00fcrl\u00fc t\u00fcrl\u00fc iddialar ortaya at\u0131ld\u0131. G\u00f6k\u00e7e\u2019nin k\u0131z karde\u015fi yapt\u0131\u011f\u0131 a\u00e7\u0131klama da Sinan ve Kadir\u2019den \u015fikayet\u00e7iyim ben. Bana da mesaj att\u0131lar. Beni ka\u00e7\u0131racaklard\u0131. Ben bunlar y\u00fcz\u00fcnden evimi de\u011fi\u015ftirmek zorunda kald\u0131m\u201d derken, bir k\u00f6yl\u00fc bayan da kendisini rahats\u0131z etti\u011fini s\u00f6yledi<\/p>\n<\/div>\n","protected":false},"excerpt":{"rendered":"<p>M\u00fcge Anl\u0131 Arife G\u00f6k\u00e7e olay\u0131 i\u015flenmeye ba\u015flad\u0131\u011f\u0131 g\u00fcnden beri merakla ara\u015ft\u0131r\u0131l\u0131yor. M\u00fcge Anl\u0131 Arife G\u00f6k\u00e7e kimdir? M\u00fcge Anl\u0131 Arife G\u00f6k\u00e7e olay\u0131 nedir? M\u00fcge Anl\u0131\u2019da aranan Arife G\u00f6k\u00e7e isimli ki\u015fi bulundu mu? Her sabah 09.00 itibari ile ba\u015flayan M\u00fcge Anl\u0131\u2019n\u0131n program\u0131na yepyeni bir kay\u0131p ihbar\u0131 yap\u0131lmas\u0131 \u00fczerine harekete ge\u00e7ilmesi ile Arife G\u00f6k\u00e7e hakk\u0131nda iz s\u00fcr\u00fclmeye ba\u015fland\u0131. [&hellip;]<\/p>\n","protected":false},"author":1,"featured_media":156,"comment_status":"open","ping_status":"open","sticky":false,"template":"","format":"standard","meta":{"footnotes":""},"categories":[1],"tags":[],"class_list":["post-155","post","type-post","status-publish","format-standard","has-post-thumbnail","hentry","category-blog"],"_links":{"self":[{"href":"https:\/\/habermarmaratv.com\/index.php\/wp-json\/wp\/v2\/posts\/155","targetHints":{"allow":["GET"]}}],"collection":[{"href":"https:\/\/habermarmaratv.com\/index.php\/wp-json\/wp\/v2\/posts"}],"about":[{"href":"https:\/\/habermarmaratv.com\/index.php\/wp-json\/wp\/v2\/types\/post"}],"author":[{"embeddable":true,"href":"https:\/\/habermarmaratv.com\/index.php\/wp-json\/wp\/v2\/users\/1"}],"replies":[{"embeddable":true,"href":"https:\/\/habermarmaratv.com\/index.php\/wp-json\/wp\/v2\/comments?post=155"}],"version-history":[{"count":0,"href":"https:\/\/habermarmaratv.com\/index.php\/wp-json\/wp\/v2\/posts\/155\/revisions"}],"wp:featuredmedia":[{"embeddable":true,"href":"https:\/\/habermarmaratv.com\/index.php\/wp-json\/wp\/v2\/media\/156"}],"wp:attachment":[{"href":"https:\/\/habermarmaratv.com\/index.php\/wp-json\/wp\/v2\/media?parent=155"}],"wp:term":[{"taxonomy":"category","embeddable":true,"href":"https:\/\/habermarmaratv.com\/index.php\/wp-json\/wp\/v2\/categories?post=155"},{"taxonomy":"post_tag","embeddable":true,"href":"https:\/\/habermarmaratv.com\/index.php\/wp-json\/wp\/v2\/tags?post=155"}],"curies":[{"name":"wp","href":"https:\/\/api.w.org\/{rel}","templated":true}]}}