{"id":15,"date":"2023-07-02T01:12:02","date_gmt":"2023-07-01T22:12:02","guid":{"rendered":"https:\/\/habermarmaratv.com\/index.php\/2023\/07\/02\/ilce-baskani-azbaydan-kurban-bayrami-mesaji\/"},"modified":"2023-07-02T01:50:01","modified_gmt":"2023-07-01T22:50:01","slug":"ilce-baskani-azbaydan-kurban-bayrami-mesaji","status":"publish","type":"post","link":"https:\/\/habermarmaratv.com\/index.php\/2023\/07\/02\/ilce-baskani-azbaydan-kurban-bayrami-mesaji\/","title":{"rendered":"\u0130l\u00e7e Ba\u015fkan\u0131 Azbay\u2019dan Kurban Bayram\u0131 mesaj\u0131"},"content":{"rendered":"<div id=\"detaymetin\">\n<p><span class=\"text-big\">\u201cBizi biz yapan, necip milletimize has g\u00fczelliklerin, de\u011ferlerin zirveye ula\u015ft\u0131\u011f\u0131 bu \u00f6zel g\u00fcnde, aram\u0131zdaki sevgi ve muhabbetin kat kat artmas\u0131 i\u00e7in bayramlar e\u015fsiz f\u0131rsat\u0131m\u0131zd\u0131r\u201d diyen AK Parti \u00c7erkezk\u00f6y \u0130l\u00e7e Ba\u015fkan\u0131 Salih Azbay, yakla\u015fmak anlam\u0131na gelen kurban ibadetinin, toplumsal hayatta da insanlar\u0131 birbirine yak\u0131nla\u015ft\u0131ran, de\u011ferlerin yeniden hat\u0131rlanmas\u0131na vesile olan \u00f6zel bir anlama sahip oldu\u011funu ifade etti.\u00a0<\/span><\/p>\n<p><span class=\"text-big\"><strong>\u201cEV Z\u0130YARETLER\u0130M\u0130Z DEVAM EDECEK\u201d<\/strong><\/span><\/p>\n<p><span class=\"text-big\">AK Parti te\u015fkilatlar\u0131 olarak bayram\u0131 hi\u00e7 kopmad\u0131klar\u0131 vatanda\u015flar\u0131n yan\u0131nda kutlayacaklar\u0131n\u0131 dile getiren Azbay, \u201cGenel merkezimizin talimatlar\u0131 do\u011frultusunda bayram boyunca depremzedelerimizi, \u015fehit ailelerimizi, \u015fehit yak\u0131nlar\u0131m\u0131z\u0131, gazilerimizi ve gazi yak\u0131nlar\u0131m\u0131z ile STK temsilcilerimiz, muhtarlar\u0131m\u0131z ve vatanda\u015flar\u0131m\u0131zla bir arada olaca\u011f\u0131z. G\u00f6nl\u00fcne ve evine girilmedik vatanda\u015f kalmayana dek ev ziyaretlerimiz devam edecek\u201d dedi.\u00a0<\/span><\/p>\n<p><span class=\"text-big\"><strong>\u201cB\u0130R\u00a0 ARADA OLMAYA DEVAM EDECE\u011e\u0130Z\u201d<\/strong><\/span><\/p>\n<p><span class=\"text-big\">\u0130l\u00e7e Ba\u015fkan\u0131 Salih Azbay, bayramda g\u00f6rev yapan kolluk kuvvetleri, sa\u011fl\u0131k \u00e7al\u0131\u015fanlar\u0131, itfaiye ve di\u011fer n\u00f6bet\u00e7i kamu kurum ve kurulu\u015fu g\u00f6revlilerini de ziyaret edeceklerini ifade ederek \u201cBirlik ve beraberli\u011fimizi doya doya ya\u015fayaca\u011f\u0131m\u0131z m\u00fcbarek Kurban Bayram\u0131\u2019nda vatanda\u015flar\u0131m\u0131zla ve n\u00f6bet\u00e7i kamu kurum ve kurulu\u015fu temsilcileri ile bir arada olmaya devam edece\u011fiz. Bu vesileyle t\u00fcm hem\u015fehrilerimizin m\u00fcbarek Kurban Bayram\u0131\u2019n\u0131 kutluyor sa\u011fl\u0131k, huzur ve mutluluklar diliyorum\u201d dedi.\u00a0<\/span><\/p>\n<p><span class=\"text-big\"><strong>Haber \/ \u0130rem BAN\u00c7O<\/strong><\/span><\/p>\n<\/div>\n","protected":false},"excerpt":{"rendered":"<p>\u201cBizi biz yapan, necip milletimize has g\u00fczelliklerin, de\u011ferlerin zirveye ula\u015ft\u0131\u011f\u0131 bu \u00f6zel g\u00fcnde, aram\u0131zdaki sevgi ve muhabbetin kat kat artmas\u0131 i\u00e7in bayramlar e\u015fsiz f\u0131rsat\u0131m\u0131zd\u0131r\u201d diyen AK Parti \u00c7erkezk\u00f6y \u0130l\u00e7e Ba\u015fkan\u0131 Salih Azbay, yakla\u015fmak anlam\u0131na gelen kurban ibadetinin, toplumsal hayatta da insanlar\u0131 birbirine yak\u0131nla\u015ft\u0131ran, de\u011ferlerin yeniden hat\u0131rlanmas\u0131na vesile olan \u00f6zel bir anlama sahip oldu\u011funu ifade etti.\u00a0 [&hellip;]<\/p>\n","protected":false},"author":1,"featured_media":16,"comment_status":"open","ping_status":"open","sticky":false,"template":"","format":"standard","meta":{"footnotes":""},"categories":[1],"tags":[],"class_list":["post-15","post","type-post","status-publish","format-standard","has-post-thumbnail","hentry","category-blog"],"_links":{"self":[{"href":"https:\/\/habermarmaratv.com\/index.php\/wp-json\/wp\/v2\/posts\/15","targetHints":{"allow":["GET"]}}],"collection":[{"href":"https:\/\/habermarmaratv.com\/index.php\/wp-json\/wp\/v2\/posts"}],"about":[{"href":"https:\/\/habermarmaratv.com\/index.php\/wp-json\/wp\/v2\/types\/post"}],"author":[{"embeddable":true,"href":"https:\/\/habermarmaratv.com\/index.php\/wp-json\/wp\/v2\/users\/1"}],"replies":[{"embeddable":true,"href":"https:\/\/habermarmaratv.com\/index.php\/wp-json\/wp\/v2\/comments?post=15"}],"version-history":[{"count":1,"href":"https:\/\/habermarmaratv.com\/index.php\/wp-json\/wp\/v2\/posts\/15\/revisions"}],"predecessor-version":[{"id":78,"href":"https:\/\/habermarmaratv.com\/index.php\/wp-json\/wp\/v2\/posts\/15\/revisions\/78"}],"wp:featuredmedia":[{"embeddable":true,"href":"https:\/\/habermarmaratv.com\/index.php\/wp-json\/wp\/v2\/media\/16"}],"wp:attachment":[{"href":"https:\/\/habermarmaratv.com\/index.php\/wp-json\/wp\/v2\/media?parent=15"}],"wp:term":[{"taxonomy":"category","embeddable":true,"href":"https:\/\/habermarmaratv.com\/index.php\/wp-json\/wp\/v2\/categories?post=15"},{"taxonomy":"post_tag","embeddable":true,"href":"https:\/\/habermarmaratv.com\/index.php\/wp-json\/wp\/v2\/tags?post=15"}],"curies":[{"name":"wp","href":"https:\/\/api.w.org\/{rel}","templated":true}]}}