{"id":148,"date":"2023-07-02T02:16:27","date_gmt":"2023-07-01T23:16:27","guid":{"rendered":"https:\/\/habermarmaratv.com\/index.php\/2023\/07\/02\/transfer-haberi-fenerbahceden-de-gea-bombasi-son-dakika-fenerbahce-haberleri\/"},"modified":"2023-07-02T02:16:27","modified_gmt":"2023-07-01T23:16:27","slug":"transfer-haberi-fenerbahceden-de-gea-bombasi-son-dakika-fenerbahce-haberleri","status":"publish","type":"post","link":"https:\/\/habermarmaratv.com\/index.php\/2023\/07\/02\/transfer-haberi-fenerbahceden-de-gea-bombasi-son-dakika-fenerbahce-haberleri\/","title":{"rendered":"TRANSFER HABER\u0130: Fenerbah\u00e7e\u2019den De Gea bombas\u0131! &#8211; Son dakika Fenerbah\u00e7e haberleri"},"content":{"rendered":"<div data-index=\"1\">\n<figure class=\"featured-image view-10 view-md-20\">&#13;<br \/>\n                                    <a href=\"https:\/\/iaftm.tmgrup.com.tr\/4cb4eb\/0\/0\/0\/0\/0\/0?u=https:\/\/iftm.tmgrup.com.tr\/album\/2023\/07\/01\/transfer-haberi-fenerbahceden-de-gea-bombasi-1688236331386.jpg&amp;mw=1200&amp;l=1\" class=\"fancybox-effects\">&#13;\n                                        <picture>&#13;<br \/>\n                                            <img decoding=\"async\" src=\"https:\/\/iaftm.tmgrup.com.tr\/74f4d1\/0\/0\/0\/0\/0\/0?u=https:\/\/iftm.tmgrup.com.tr\/album\/2023\/07\/01\/transfer-haberi-fenerbahceden-de-gea-bombasi-1688236331386.jpg&amp;mw=752&amp;mh=700&amp;l=1\" alt=\"TRANSFER HABER\u0130: Fenerbah\u00e7e'den De Gea bombas\u0131!\" class=\"lazyload\"\/> <!-- mobile -->&#13;\n                                        <\/picture>&#13;<br \/>\n                                    <\/a>&#13;<br \/>\n                                <\/figure>\n<section class=\"detail-text-content\">&#13;<\/p>\n<p><a href=\"https:\/\/www.fotomac.com.tr\/haberleri\/fenerbahce\" target=\"_blank\" class=\"tkktLnk\" rel=\"noopener\">Fenerbah\u00e7e<\/a>&#8216;den kaleci mevkisine bomba bir hamle geldi.<\/p>\n<p>  &#13;<br \/>\n&#13;<br \/>\n&#13;<br \/>\n                                <\/section>\n<\/p><\/div>\n<div data-index=\"2\">\n<figure class=\"featured-image view-10 view-md-20\">&#13;<br \/>\n                                    <a href=\"https:\/\/iaftm.tmgrup.com.tr\/f76954\/0\/0\/0\/0\/0\/0?u=https:\/\/iftm.tmgrup.com.tr\/album\/2023\/07\/01\/transfer-haberi-fenerbahceden-de-gea-bombasi-1688236332359.jpg&amp;mw=1200&amp;l=1\" class=\"fancybox-effects\">&#13;\n                                        <picture>&#13;<br \/>\n                                            <img decoding=\"async\" src=\"https:\/\/iaftm.tmgrup.com.tr\/73f296\/0\/0\/0\/0\/0\/0?u=https:\/\/iftm.tmgrup.com.tr\/album\/2023\/07\/01\/transfer-haberi-fenerbahceden-de-gea-bombasi-1688236332359.jpg&amp;mw=752&amp;mh=700&amp;l=1\" alt=\"TRANSFER HABER\u0130: Fenerbah\u00e7e'den De Gea bombas\u0131!\" class=\"lazyload\"\/> <!-- mobile -->&#13;\n                                        <\/picture>&#13;<br \/>\n                                    <\/a>&#13;<br \/>\n                                <\/figure>\n<section class=\"detail-text-content\">&#13;<\/p>\n<p>Gelecek sezon iddial\u0131 bir kadro kurmay\u0131 ama\u00e7layan sar\u0131-lacivertliler, transferde b\u00fcy\u00fck d\u00fc\u015f\u00fcn\u00fcyor.<\/p>\n<p>  &#13;<br \/>\n&#13;<br \/>\n&#13;<br \/>\n                                <\/section>\n<\/p><\/div>\n<div data-index=\"3\">\n<figure class=\"featured-image view-10 view-md-20\">&#13;<br \/>\n                                    <a href=\"https:\/\/iaftm.tmgrup.com.tr\/884c48\/0\/0\/0\/0\/0\/0?u=https:\/\/iftm.tmgrup.com.tr\/album\/2023\/07\/01\/transfer-haberi-fenerbahceden-de-gea-bombasi-1688236329483.jpg&amp;mw=1200&amp;l=1\" class=\"fancybox-effects\">&#13;\n                                        <picture>&#13;<br \/>\n                                            <img decoding=\"async\" src=\"https:\/\/iaftm.tmgrup.com.tr\/c1d102\/0\/0\/0\/0\/0\/0?u=https:\/\/iftm.tmgrup.com.tr\/album\/2023\/07\/01\/transfer-haberi-fenerbahceden-de-gea-bombasi-1688236329483.jpg&amp;mw=752&amp;mh=700&amp;l=1\" alt=\"TRANSFER HABER\u0130: Fenerbah\u00e7e'den De Gea bombas\u0131!\" class=\"lazyload\"\/> <!-- mobile -->&#13;\n                                        <\/picture>&#13;<br \/>\n                                    <\/a>&#13;<br \/>\n                                <\/figure>\n<section class=\"detail-text-content\">&#13;<\/p>\n<p>Teknik direkt\u00f6rl\u00fc\u011fe \u0130smail Kartal&#8217;\u0131 getiren y\u00f6netim, hedefine d\u00fcnyaca \u00fcnl\u00fc y\u0131ld\u0131zlar\u0131 ald\u0131.<\/p>\n<p>  &#13;<br \/>\n&#13;<br \/>\n&#13;<br \/>\n                                <\/section>\n<\/p><\/div>\n","protected":false},"excerpt":{"rendered":"<p>&#13; &#13; &#13; &#13; &#13; &#13; &#13; Fenerbah\u00e7e&#8216;den kaleci mevkisine bomba bir hamle geldi. &#13; &#13; &#13; &#13; &#13; &#13; &#13; &#13; &#13; &#13; Gelecek sezon iddial\u0131 bir kadro kurmay\u0131 ama\u00e7layan sar\u0131-lacivertliler, transferde b\u00fcy\u00fck d\u00fc\u015f\u00fcn\u00fcyor. &#13; &#13; &#13; &#13; &#13; &#13; &#13; &#13; &#13; &#13; Teknik direkt\u00f6rl\u00fc\u011fe \u0130smail Kartal&#8217;\u0131 getiren y\u00f6netim, hedefine d\u00fcnyaca \u00fcnl\u00fc y\u0131ld\u0131zlar\u0131 [&hellip;]<\/p>\n","protected":false},"author":1,"featured_media":149,"comment_status":"open","ping_status":"open","sticky":false,"template":"","format":"standard","meta":{"footnotes":""},"categories":[3],"tags":[],"class_list":["post-148","post","type-post","status-publish","format-standard","has-post-thumbnail","hentry","category-spor"],"_links":{"self":[{"href":"https:\/\/habermarmaratv.com\/index.php\/wp-json\/wp\/v2\/posts\/148","targetHints":{"allow":["GET"]}}],"collection":[{"href":"https:\/\/habermarmaratv.com\/index.php\/wp-json\/wp\/v2\/posts"}],"about":[{"href":"https:\/\/habermarmaratv.com\/index.php\/wp-json\/wp\/v2\/types\/post"}],"author":[{"embeddable":true,"href":"https:\/\/habermarmaratv.com\/index.php\/wp-json\/wp\/v2\/users\/1"}],"replies":[{"embeddable":true,"href":"https:\/\/habermarmaratv.com\/index.php\/wp-json\/wp\/v2\/comments?post=148"}],"version-history":[{"count":0,"href":"https:\/\/habermarmaratv.com\/index.php\/wp-json\/wp\/v2\/posts\/148\/revisions"}],"wp:featuredmedia":[{"embeddable":true,"href":"https:\/\/habermarmaratv.com\/index.php\/wp-json\/wp\/v2\/media\/149"}],"wp:attachment":[{"href":"https:\/\/habermarmaratv.com\/index.php\/wp-json\/wp\/v2\/media?parent=148"}],"wp:term":[{"taxonomy":"category","embeddable":true,"href":"https:\/\/habermarmaratv.com\/index.php\/wp-json\/wp\/v2\/categories?post=148"},{"taxonomy":"post_tag","embeddable":true,"href":"https:\/\/habermarmaratv.com\/index.php\/wp-json\/wp\/v2\/tags?post=148"}],"curies":[{"name":"wp","href":"https:\/\/api.w.org\/{rel}","templated":true}]}}