{"id":1116,"date":"2023-10-02T07:13:25","date_gmt":"2023-10-02T04:13:25","guid":{"rendered":"https:\/\/habermarmaratv.com\/index.php\/2023\/10\/02\/milletvekili-yazgan-ecdat-yadigarina-yakisiyor-mu\/"},"modified":"2023-10-02T07:13:25","modified_gmt":"2023-10-02T04:13:25","slug":"milletvekili-yazgan-ecdat-yadigarina-yakisiyor-mu","status":"publish","type":"post","link":"https:\/\/habermarmaratv.com\/index.php\/2023\/10\/02\/milletvekili-yazgan-ecdat-yadigarina-yakisiyor-mu\/","title":{"rendered":"Milletvekili Yazgan: Ecdat yadigar\u0131na yak\u0131\u015f\u0131yor mu?"},"content":{"rendered":"<p> [ad_1]<br \/>\n<br \/><img decoding=\"async\" src=\"https:\/\/www.marmarahaber.com.tr\/resimler\/2023-10\/1\/63431788283685.webp\" \/><\/p>\n<div id=\"detaymetin\">\n<p><span class=\"text-big\">G\u00f6r\u00fcld\u00fc\u011f\u00fc gibi camiimiz bir harabe durumunda. \u2018Biz ecdat yadigar\u0131na sahip \u00e7\u0131k\u0131yoruz. Her zaman onlarla ilgili gerekenleri yap\u0131yoruz\u2019 diyenlere sesleniyorum. Y\u0131llard\u0131r neredeydiniz?\u201d dedi.\u00a0<\/span><\/p>\n<p><span class=\"text-big\">Ge\u00e7ti\u011fimiz g\u00fcnlerde D\u00fcnya Turizm G\u00fcn\u00fc dolay\u0131s\u0131yla, 1422 y\u0131l\u0131nda Gazi Mihal Bey taraf\u0131ndan yapt\u0131r\u0131lan Gazi Mihal Bey Hamam\u0131\u2019nda incelemelerde bulunan CHP Edirne Milletvekili Ahmet Baran Yazgan, bu kez de Evliya Kas\u0131m Pa\u015fa Camii\u2019ni ziyaret etti.\u00a0<\/span><\/p>\n<p><span class=\"text-big\"><strong>\u201cZEM\u0130N\u0130 YOK, PENCERELER\u0130 YOK\u201d\u00a0<\/strong><\/span><\/p>\n<p><span class=\"text-big\">Milletvekili Yazgan, camii \u00f6n\u00fcnden ve i\u00e7erisinden payla\u015ft\u0131\u011f\u0131 videolu mesaj\u0131nda, \u201cDe\u011ferli hem\u015ferilerim, bug\u00fcn Evliya Kas\u0131m Pa\u015fa Camii\u2019ndeyiz. G\u00f6r\u00fcld\u00fc\u011f\u00fc gibi camiimiz bir harabe durumunda. Maalesef sizlere buray\u0131 tan\u0131tmak ve buran\u0131n durumunu g\u00f6stermek i\u00e7in geldim. Bildi\u011finiz \u00fczere d\u00fcn Say\u0131n Valimiz, buran\u0131n ihya edilece\u011fini ve yeniden kullan\u0131ma kazand\u0131r\u0131laca\u011f\u0131n\u0131 a\u00e7\u0131klad\u0131.\u00a0<\/span><\/p>\n<p><span class=\"text-big\">Biz de sizlerin bu camiinin ne durumda oldu\u011funu g\u00f6rmeniz i\u00e7in buraya geldik. Burada da camiimiz her taraf\u0131nda ate\u015fler yak\u0131lm\u0131\u015f, zemini zaten yok. Etrafta pencereleri yok. Tavanlara bakt\u0131\u011f\u0131n\u0131z zaman b\u00fct\u00fcn i\u00e7 kaplamalar\u0131n s\u00f6k\u00fcld\u00fc\u011f\u00fcn\u00fc d\u00f6k\u00fcld\u00fc\u011f\u00fcn\u00fc g\u00f6rebiliyorsunuz. Burada bu g\u00fczel i\u015flemelerin ne hale geldi\u011fi g\u00f6r\u00fclebiliyor\u201d dedi.\u00a0<\/span><\/p>\n<p><span class=\"text-big\"><strong>\u201cYILLARDIR NEREDEYD\u0130N\u0130Z?\u201d\u00a0<\/strong><\/span><\/p>\n<p><span class=\"text-big\">Eski anlat\u0131lara g\u00f6re Evliya Kas\u0131m Pa\u015fa Camii\u2019nin bir liman\u0131n \u00fczerinde kurulu oldu\u011funu kaydeden Milletvekili Yazgan, \u201cYakla\u015f\u0131k on alt\u0131 basamakla camiye gelinebiliyor. Saray erkan\u0131 gelip burada namaz\u0131n\u0131 k\u0131l\u0131yor. Namaz\u0131n\u0131 k\u0131ld\u0131ktan sonra gemilerine veya teknelerine binip yeniden saraya d\u00f6n\u00fcyorlar. Camiinin d\u0131\u015f taraf\u0131nda da liman kal\u0131nt\u0131lar\u0131n\u0131 g\u00f6rmek m\u00fcmk\u00fcn. Camiinin d\u0131\u015f cephesi ge\u00e7mi\u015fte uygun olmayan uygulamalarla kapat\u0131lm\u0131\u015f.\u00a0<\/span><\/p>\n<p><span class=\"text-big\">Valili\u011fimiz ekipleri \u00e7al\u0131\u015fmaya ba\u015flam\u0131\u015flar. Otlar\u0131 bi\u00e7iyorlar, etraf\u0131ndaki a\u011fa\u00e7lar\u0131 bi\u00e7iyorlar sa\u011f olsunlar. Minaresi y\u0131k\u0131k vaziyette. T\u00fcrkiye Cumhuriyeti\u2019nde zannediyorum bu durumda ba\u015fka bir ecdat yadigar\u0131 yoktur. \u2018Biz ecdat yadigar\u0131na sahip \u00e7\u0131k\u0131yoruz. Her zaman onlarla ilgili gerekenleri yap\u0131yoruz\u2019 diyenlere sesleniyorum. Y\u0131llard\u0131r neredeydiniz? Bug\u00fcn\u00fc m\u00fc beklediniz?\u201d ifadelerini kulland\u0131.<\/span><\/p>\n<p><span class=\"text-big\"><strong>Haber \/ Buse AKIN \u00a0<\/strong><\/span><\/p>\n<p>\u00a0<\/p>\n<\/p><\/div>\n<p>[ad_2]<br \/>\n<br \/><a href=\"https:\/\/www.marmarahaber.com.tr\/haber\/milletvekili_yazgan_ecdat_yadigarina_yakisiyor_mu-85288.html\">Source link <\/a><\/p>\n","protected":false},"excerpt":{"rendered":"<p>[ad_1] G\u00f6r\u00fcld\u00fc\u011f\u00fc gibi camiimiz bir harabe durumunda. \u2018Biz ecdat yadigar\u0131na sahip \u00e7\u0131k\u0131yoruz. Her zaman onlarla ilgili gerekenleri yap\u0131yoruz\u2019 diyenlere sesleniyorum. Y\u0131llard\u0131r neredeydiniz?\u201d dedi.\u00a0 Ge\u00e7ti\u011fimiz g\u00fcnlerde D\u00fcnya Turizm G\u00fcn\u00fc dolay\u0131s\u0131yla, 1422 y\u0131l\u0131nda Gazi Mihal Bey taraf\u0131ndan yapt\u0131r\u0131lan Gazi Mihal Bey Hamam\u0131\u2019nda incelemelerde bulunan CHP Edirne Milletvekili Ahmet Baran Yazgan, bu kez de Evliya Kas\u0131m Pa\u015fa Camii\u2019ni [&hellip;]<\/p>\n","protected":false},"author":1,"featured_media":1117,"comment_status":"open","ping_status":"open","sticky":false,"template":"","format":"standard","meta":{"footnotes":""},"categories":[10],"tags":[],"class_list":["post-1116","post","type-post","status-publish","format-standard","has-post-thumbnail","hentry","category-gundem"],"_links":{"self":[{"href":"https:\/\/habermarmaratv.com\/index.php\/wp-json\/wp\/v2\/posts\/1116","targetHints":{"allow":["GET"]}}],"collection":[{"href":"https:\/\/habermarmaratv.com\/index.php\/wp-json\/wp\/v2\/posts"}],"about":[{"href":"https:\/\/habermarmaratv.com\/index.php\/wp-json\/wp\/v2\/types\/post"}],"author":[{"embeddable":true,"href":"https:\/\/habermarmaratv.com\/index.php\/wp-json\/wp\/v2\/users\/1"}],"replies":[{"embeddable":true,"href":"https:\/\/habermarmaratv.com\/index.php\/wp-json\/wp\/v2\/comments?post=1116"}],"version-history":[{"count":0,"href":"https:\/\/habermarmaratv.com\/index.php\/wp-json\/wp\/v2\/posts\/1116\/revisions"}],"wp:featuredmedia":[{"embeddable":true,"href":"https:\/\/habermarmaratv.com\/index.php\/wp-json\/wp\/v2\/media\/1117"}],"wp:attachment":[{"href":"https:\/\/habermarmaratv.com\/index.php\/wp-json\/wp\/v2\/media?parent=1116"}],"wp:term":[{"taxonomy":"category","embeddable":true,"href":"https:\/\/habermarmaratv.com\/index.php\/wp-json\/wp\/v2\/categories?post=1116"},{"taxonomy":"post_tag","embeddable":true,"href":"https:\/\/habermarmaratv.com\/index.php\/wp-json\/wp\/v2\/tags?post=1116"}],"curies":[{"name":"wp","href":"https:\/\/api.w.org\/{rel}","templated":true}]}}