{"id":1090,"date":"2023-10-01T16:25:59","date_gmt":"2023-10-01T13:25:59","guid":{"rendered":"https:\/\/habermarmaratv.com\/index.php\/2023\/10\/01\/peygamberimiz-iman-ve-istikamet-konferansi-duzenlendi\/"},"modified":"2023-10-01T16:25:59","modified_gmt":"2023-10-01T13:25:59","slug":"peygamberimiz-iman-ve-istikamet-konferansi-duzenlendi","status":"publish","type":"post","link":"https:\/\/habermarmaratv.com\/index.php\/2023\/10\/01\/peygamberimiz-iman-ve-istikamet-konferansi-duzenlendi\/","title":{"rendered":"\u2018Peygamberimiz, \u0130man ve \u0130stikamet\u2019 konferans\u0131 d\u00fczenlendi"},"content":{"rendered":"<p> [ad_1]<br \/>\n<br \/><img decoding=\"async\" src=\"https:\/\/www.marmarahaber.com.tr\/resimler\/2023-10\/1\/663271523505410.webp\" \/><br \/>k\u0131rklareli&#8217;nde camiler ve din g\u00f6revlileri haftas\u0131 ile mevlid-i nebi haftas\u0131 kapsam\u0131nda \u2018peygamberimiz, i\u0307man ve i\u0307stikamet\u2019 konferans\u0131 d\u00fczenlendi.<br \/>\n<br \/>[ad_2]<br \/>\n<br \/><a href=\"https:\/\/www.marmarahaber.com.tr\/haber\/peygamberimiz_iman_ve_istikamet_konferansi_duzenlendi_-85300.html\">Source link <\/a><\/p>\n","protected":false},"excerpt":{"rendered":"<p>[ad_1] k\u0131rklareli&#8217;nde camiler ve din g\u00f6revlileri haftas\u0131 ile mevlid-i nebi haftas\u0131 kapsam\u0131nda \u2018peygamberimiz, i\u0307man ve i\u0307stikamet\u2019 konferans\u0131 d\u00fczenlendi. [ad_2] Source link<\/p>\n","protected":false},"author":1,"featured_media":1091,"comment_status":"open","ping_status":"open","sticky":false,"template":"","format":"standard","meta":{"footnotes":""},"categories":[10],"tags":[],"class_list":["post-1090","post","type-post","status-publish","format-standard","has-post-thumbnail","hentry","category-gundem"],"_links":{"self":[{"href":"https:\/\/habermarmaratv.com\/index.php\/wp-json\/wp\/v2\/posts\/1090","targetHints":{"allow":["GET"]}}],"collection":[{"href":"https:\/\/habermarmaratv.com\/index.php\/wp-json\/wp\/v2\/posts"}],"about":[{"href":"https:\/\/habermarmaratv.com\/index.php\/wp-json\/wp\/v2\/types\/post"}],"author":[{"embeddable":true,"href":"https:\/\/habermarmaratv.com\/index.php\/wp-json\/wp\/v2\/users\/1"}],"replies":[{"embeddable":true,"href":"https:\/\/habermarmaratv.com\/index.php\/wp-json\/wp\/v2\/comments?post=1090"}],"version-history":[{"count":0,"href":"https:\/\/habermarmaratv.com\/index.php\/wp-json\/wp\/v2\/posts\/1090\/revisions"}],"wp:featuredmedia":[{"embeddable":true,"href":"https:\/\/habermarmaratv.com\/index.php\/wp-json\/wp\/v2\/media\/1091"}],"wp:attachment":[{"href":"https:\/\/habermarmaratv.com\/index.php\/wp-json\/wp\/v2\/media?parent=1090"}],"wp:term":[{"taxonomy":"category","embeddable":true,"href":"https:\/\/habermarmaratv.com\/index.php\/wp-json\/wp\/v2\/categories?post=1090"},{"taxonomy":"post_tag","embeddable":true,"href":"https:\/\/habermarmaratv.com\/index.php\/wp-json\/wp\/v2\/tags?post=1090"}],"curies":[{"name":"wp","href":"https:\/\/api.w.org\/{rel}","templated":true}]}}