{"id":1018,"date":"2023-09-29T12:10:15","date_gmt":"2023-09-29T09:10:15","guid":{"rendered":"https:\/\/habermarmaratv.com\/index.php\/2023\/09\/29\/asayis-bizim-icin-cok-onemli\/"},"modified":"2023-09-29T12:10:15","modified_gmt":"2023-09-29T09:10:15","slug":"asayis-bizim-icin-cok-onemli","status":"publish","type":"post","link":"https:\/\/habermarmaratv.com\/index.php\/2023\/09\/29\/asayis-bizim-icin-cok-onemli\/","title":{"rendered":"Asayi\u015f bizim i\u00e7in \u00e7ok \u00f6nemli"},"content":{"rendered":"<p> [ad_1]<br \/>\n<br \/><img decoding=\"async\" src=\"https:\/\/www.marmarahaber.com.tr\/resimler\/2023-9\/29\/744221043550705.webp\" \/><\/p>\n<div id=\"detaymetin\">\n<p><span class=\"text-big\">Edirne Valisi Yunus Sezer, uyu\u015fturucu ile m\u00fccadele \u00e7al\u0131\u015fmalar\u0131 hakk\u0131nda bilgilendirmede bulundu.\u00a0<\/span><\/p>\n<p><span class=\"text-big\"><strong>\u201c\u00c7ALI\u015eMALARIMIZA A\u011eIRLIK VERD\u0130K\u201d\u00a0<\/strong><\/span><\/p>\n<p><span class=\"text-big\">Edirne\u2019nin, Avrupa ve d\u00fcnyan\u0131n di\u011fer \u00fclkelerine a\u00e7\u0131lan ba\u011flant\u0131 noktas\u0131nda olmas\u0131 nedeniyle ba\u015fta d\u00fczensiz g\u00f6\u00e7men ve uyu\u015fturucu yakalamalar\u0131nda kritik \u00f6neme sahip bir \u015fehir oldu\u011funu vurgulayan Vali Sezer, \u201cJandarma, polis ve g\u00fcmr\u00fck \u00e7al\u0131\u015fanlar\u0131m\u0131z ka\u00e7ak\u00e7\u0131l\u0131kla m\u00fccadelede 24 saat \u00f6zveriyle \u00e7al\u0131\u015f\u0131yorlar.\u00a0<\/span><\/p>\n<p><span class=\"text-big\">Edirne\u2019nin hem ge\u00e7i\u015f g\u00fczergah\u0131 olmas\u0131 hem de hedef il olmas\u0131 noktas\u0131nda \u00e7al\u0131\u015fmalar\u0131m\u0131za a\u011f\u0131rl\u0131k verdik. Son 1 ay i\u00e7erisinde hem kullan\u0131c\u0131 hem sat\u0131c\u0131 hem de bu i\u015fi organize eden ki\u015filer d\u00fczeyinde \u00f6nemli operasyonlar yap\u0131ld\u0131. D\u00fcn gece de arkada\u015flar\u0131m\u0131z \u00f6nemli miktarda uyu\u015fturucu madde ile silah ele ge\u00e7irdiler\u201d ifadelerini kulland\u0131.\u00a0<\/span><\/p>\n<p><span class=\"text-big\"><strong>SON 1 AYDA 232 K\u0130\u015e\u0130YE \u0130\u015eLEM YAPILDI\u00a0<\/strong><\/span><\/p>\n<p><span class=\"text-big\">Vali Sezer, \u201cOkullar\u0131m\u0131z da a\u00e7\u0131ld\u0131. Amac\u0131m\u0131z gen\u00e7lerimizi, ailelerimizi, toplumumuzu bu t\u00fcr zararl\u0131 al\u0131\u015fkanl\u0131klardan korumak. Bizim hedefimizde bu i\u015fin arkas\u0131nda olanlar\u0131, bu i\u015fi organize edenleri tespit etmektir. Bu do\u011frultuda da arkada\u015flar\u0131m\u0131z her konuda \u00e7ok yo\u011fun bir \u00e7al\u0131\u015fma ortaya koyuyorlar. Asayi\u015f bizim i\u00e7in \u00e7ok \u00f6nemli.\u00a0<\/span><\/p>\n<p><span class=\"text-big\">\u00d6zellikle son bir ay i\u00e7erisinde g\u00fcvenlik g\u00fc\u00e7leri taraf\u0131ndan m\u00fcdahale edilen 194 olayda 232 ki\u015fiye i\u015flem yap\u0131larak, \u00f6nemli miktarda da uyu\u015fturucu madde ele ge\u00e7irilmi\u015ftir\u201d \u015feklinde konu\u015ftu.<\/span><\/p>\n<p><span class=\"text-big\"><strong>Haber \/ Buse AKIN\u00a0<\/strong><\/span><\/p>\n<\/p><\/div>\n<p>[ad_2]<br \/>\n<br \/><a href=\"https:\/\/www.marmarahaber.com.tr\/haber\/vali_sezer_asayis_bizim_icin_cok_onemli_-85260.html\">Source link <\/a><\/p>\n","protected":false},"excerpt":{"rendered":"<p>[ad_1] Edirne Valisi Yunus Sezer, uyu\u015fturucu ile m\u00fccadele \u00e7al\u0131\u015fmalar\u0131 hakk\u0131nda bilgilendirmede bulundu.\u00a0 \u201c\u00c7ALI\u015eMALARIMIZA A\u011eIRLIK VERD\u0130K\u201d\u00a0 Edirne\u2019nin, Avrupa ve d\u00fcnyan\u0131n di\u011fer \u00fclkelerine a\u00e7\u0131lan ba\u011flant\u0131 noktas\u0131nda olmas\u0131 nedeniyle ba\u015fta d\u00fczensiz g\u00f6\u00e7men ve uyu\u015fturucu yakalamalar\u0131nda kritik \u00f6neme sahip bir \u015fehir oldu\u011funu vurgulayan Vali Sezer, \u201cJandarma, polis ve g\u00fcmr\u00fck \u00e7al\u0131\u015fanlar\u0131m\u0131z ka\u00e7ak\u00e7\u0131l\u0131kla m\u00fccadelede 24 saat \u00f6zveriyle \u00e7al\u0131\u015f\u0131yorlar.\u00a0 Edirne\u2019nin hem ge\u00e7i\u015f [&hellip;]<\/p>\n","protected":false},"author":1,"featured_media":1019,"comment_status":"open","ping_status":"open","sticky":false,"template":"","format":"standard","meta":{"footnotes":""},"categories":[10],"tags":[],"class_list":["post-1018","post","type-post","status-publish","format-standard","has-post-thumbnail","hentry","category-gundem"],"_links":{"self":[{"href":"https:\/\/habermarmaratv.com\/index.php\/wp-json\/wp\/v2\/posts\/1018","targetHints":{"allow":["GET"]}}],"collection":[{"href":"https:\/\/habermarmaratv.com\/index.php\/wp-json\/wp\/v2\/posts"}],"about":[{"href":"https:\/\/habermarmaratv.com\/index.php\/wp-json\/wp\/v2\/types\/post"}],"author":[{"embeddable":true,"href":"https:\/\/habermarmaratv.com\/index.php\/wp-json\/wp\/v2\/users\/1"}],"replies":[{"embeddable":true,"href":"https:\/\/habermarmaratv.com\/index.php\/wp-json\/wp\/v2\/comments?post=1018"}],"version-history":[{"count":0,"href":"https:\/\/habermarmaratv.com\/index.php\/wp-json\/wp\/v2\/posts\/1018\/revisions"}],"wp:featuredmedia":[{"embeddable":true,"href":"https:\/\/habermarmaratv.com\/index.php\/wp-json\/wp\/v2\/media\/1019"}],"wp:attachment":[{"href":"https:\/\/habermarmaratv.com\/index.php\/wp-json\/wp\/v2\/media?parent=1018"}],"wp:term":[{"taxonomy":"category","embeddable":true,"href":"https:\/\/habermarmaratv.com\/index.php\/wp-json\/wp\/v2\/categories?post=1018"},{"taxonomy":"post_tag","embeddable":true,"href":"https:\/\/habermarmaratv.com\/index.php\/wp-json\/wp\/v2\/tags?post=1018"}],"curies":[{"name":"wp","href":"https:\/\/api.w.org\/{rel}","templated":true}]}}