{"id":101,"date":"2023-07-02T01:58:15","date_gmt":"2023-07-01T22:58:15","guid":{"rendered":"https:\/\/habermarmaratv.com\/index.php\/2023\/07\/02\/fenerbahcede-ayrilik-kendisi-acikladi-son-dakika-fenerbahce-haberleri\/"},"modified":"2023-07-02T01:58:15","modified_gmt":"2023-07-01T22:58:15","slug":"fenerbahcede-ayrilik-kendisi-acikladi-son-dakika-fenerbahce-haberleri","status":"publish","type":"post","link":"https:\/\/habermarmaratv.com\/index.php\/2023\/07\/02\/fenerbahcede-ayrilik-kendisi-acikladi-son-dakika-fenerbahce-haberleri\/","title":{"rendered":"Fenerbah\u00e7e\u2019de ayr\u0131l\u0131k! Kendisi a\u00e7\u0131klad\u0131 &#8211; Son dakika Fenerbah\u00e7e haberleri"},"content":{"rendered":"<p><img decoding=\"async\" src=\"https:\/\/iaftm.tmgrup.com.tr\/273f0d\/622\/349\/36\/0\/596\/314?u=https:\/\/iftm.tmgrup.com.tr\/2023\/07\/02\/fenerbahcede-ayrilik-kendisi-acikladi-1688246397217.jpg\" \/><\/p>\n<div id=\"\">&#13;<br \/>\n&#13;<br \/>\n&#13;<\/p>\n<p>Yeni sezon haz\u0131rl\u0131klar\u0131na devam eden <a href=\"https:\/\/www.fotomac.com.tr\/haberleri\/fenerbahce?id=65439000-410e-4c14-94da-0622ac043911\" class=\"\">Fenerbah\u00e7e<\/a>&#8216;de teknik direkt\u00f6rl\u00fc\u011fe <a href=\"https:\/\/www.fotomac.com.tr\/haberleri\/ismail-kartal?id=d624d7e9-40f1-4094-81be-23ade98e130a\" class=\"\">\u0130smail Kartal<\/a>&#8216;\u0131n getirilmesinin ard\u0131ndan operasyon h\u0131zland\u0131. Tak\u0131m\u0131n ba\u015f\u0131na ge\u00e7er ge\u00e7mez vakit kaybetmeden \u00e7al\u0131\u015fmalar\u0131na ba\u015flayan deneyimli hoca, gelecek-gidecek isimler hakk\u0131nda kararlar al\u0131yor.<\/p>\n<p>&#13;<br \/>\n&#13;<\/p>\n<p>Yap\u0131lacak transferler kadar mevcut oyuncular\u0131n son durumu da merak ediliyor. Sar\u0131-lacivertlilerin <a href=\"https:\/\/www.fotomac.com.tr\/haberleri\/al-ahli?id=18c944d4-2c1d-4931-b21a-1fd3378490bc\" class=\"\">Al Ahli<\/a>&#8216;den kiralad\u0131\u011f\u0131 Alioski ile yollar ayr\u0131ld\u0131. Kuzey Makedonyal\u0131 oyuncu, sosyal medya hesab\u0131ndan yapt\u0131\u011f\u0131 a\u00e7\u0131klama ile tak\u0131ma veda etti.<\/p>\n<p>&#13;<br \/>\n&#13;<\/p>\n<p><strong>\u0130\u015fte Alioski&#8217;nin ayr\u0131l\u0131k a\u00e7\u0131klamas\u0131&#8230;<\/strong>&#13;\n<\/p>\n<p>&#8220;Merhaba <a href=\"https:\/\/www.fotomac.com.tr\/haberleri\/fenerbahce-ailesi?id=8f1d2149-ac18-4982-aaa2-802afeed735c\" class=\"\">Fenerbah\u00e7e ailesi<\/a>. Veda etmek her zaman zor ama hayat b\u00f6yle. Sadece s\u00f6ylemek istiyorum ki, deste\u011finiz i\u00e7in \u00e7ok te\u015fekk\u00fcrler. Fenerbah\u00e7e&#8217;de oynamak ve buran\u0131n bir par\u00e7as\u0131 olmak benim i\u00e7in bir onurdu. Size en iyi dileklerimi sunuyorum. Bolca ba\u015far\u0131 ve iyi \u015fanslar, te\u015fekk\u00fcrler&#8221;<\/p>\n<p>&#13;<br \/>\n&#13;<br \/>\n&#13;<br \/>\n&#13;<br \/>\n&#13;<br \/>\n&#13;<br \/>\n&#13;<br \/>\n                            &#13;<br \/>\n&#13;\n                <\/p><\/div>\n","protected":false},"excerpt":{"rendered":"<p>&#13; &#13; &#13; Yeni sezon haz\u0131rl\u0131klar\u0131na devam eden Fenerbah\u00e7e&#8216;de teknik direkt\u00f6rl\u00fc\u011fe \u0130smail Kartal&#8216;\u0131n getirilmesinin ard\u0131ndan operasyon h\u0131zland\u0131. Tak\u0131m\u0131n ba\u015f\u0131na ge\u00e7er ge\u00e7mez vakit kaybetmeden \u00e7al\u0131\u015fmalar\u0131na ba\u015flayan deneyimli hoca, gelecek-gidecek isimler hakk\u0131nda kararlar al\u0131yor. &#13; &#13; Yap\u0131lacak transferler kadar mevcut oyuncular\u0131n son durumu da merak ediliyor. Sar\u0131-lacivertlilerin Al Ahli&#8216;den kiralad\u0131\u011f\u0131 Alioski ile yollar ayr\u0131ld\u0131. Kuzey Makedonyal\u0131 oyuncu, [&hellip;]<\/p>\n","protected":false},"author":1,"featured_media":102,"comment_status":"open","ping_status":"open","sticky":false,"template":"","format":"standard","meta":{"footnotes":""},"categories":[3],"tags":[],"class_list":["post-101","post","type-post","status-publish","format-standard","has-post-thumbnail","hentry","category-spor"],"_links":{"self":[{"href":"https:\/\/habermarmaratv.com\/index.php\/wp-json\/wp\/v2\/posts\/101","targetHints":{"allow":["GET"]}}],"collection":[{"href":"https:\/\/habermarmaratv.com\/index.php\/wp-json\/wp\/v2\/posts"}],"about":[{"href":"https:\/\/habermarmaratv.com\/index.php\/wp-json\/wp\/v2\/types\/post"}],"author":[{"embeddable":true,"href":"https:\/\/habermarmaratv.com\/index.php\/wp-json\/wp\/v2\/users\/1"}],"replies":[{"embeddable":true,"href":"https:\/\/habermarmaratv.com\/index.php\/wp-json\/wp\/v2\/comments?post=101"}],"version-history":[{"count":0,"href":"https:\/\/habermarmaratv.com\/index.php\/wp-json\/wp\/v2\/posts\/101\/revisions"}],"wp:featuredmedia":[{"embeddable":true,"href":"https:\/\/habermarmaratv.com\/index.php\/wp-json\/wp\/v2\/media\/102"}],"wp:attachment":[{"href":"https:\/\/habermarmaratv.com\/index.php\/wp-json\/wp\/v2\/media?parent=101"}],"wp:term":[{"taxonomy":"category","embeddable":true,"href":"https:\/\/habermarmaratv.com\/index.php\/wp-json\/wp\/v2\/categories?post=101"},{"taxonomy":"post_tag","embeddable":true,"href":"https:\/\/habermarmaratv.com\/index.php\/wp-json\/wp\/v2\/tags?post=101"}],"curies":[{"name":"wp","href":"https:\/\/api.w.org\/{rel}","templated":true}]}}